{"id":427498,"date":"2019-05-15T00:06:16","date_gmt":"2019-05-15T05:06:16","guid":{"rendered":"https:\/\/www.diarioimagen.net\/?p=427498"},"modified":"2019-05-15T01:49:05","modified_gmt":"2019-05-15T06:49:05","slug":"realizara-tultepec-jornada-ecologica-y-arte-en-la-concha-acustica-del%e2%80%88centro","status":"publish","type":"post","link":"https:\/\/www.diarioimagen.net\/?p=427498","title":{"rendered":"Realizar\u00e1 Tultepec Jornada Ecol\u00f3gica y Arte en la Concha Ac\u00fastica del\u2008Centro"},"content":{"rendered":"<ul>\n<li><strong><em>Participar\u00e1nn 35 expositores<\/em><\/strong><\/li>\n<\/ul>\n<p>&nbsp;<\/p>\n<div id=\"attachment_427514\" style=\"width: 470px\" class=\"wp-caption aligncenter\"><a href=\"https:\/\/www.diarioimagen.net\/?attachment_id=427514\" rel=\"attachment wp-att-427514\"><img loading=\"lazy\" decoding=\"async\" aria-describedby=\"caption-attachment-427514\" class=\"size-large wp-image-427514\" src=\"https:\/\/www.diarioimagen.net\/wp-content\/uploads\/2019\/05\/TULTEPEC-15-460x259.jpg\" alt=\"\" width=\"460\" height=\"259\" srcset=\"https:\/\/www.diarioimagen.net\/wp-content\/uploads\/2019\/05\/TULTEPEC-15-460x259.jpg 460w, https:\/\/www.diarioimagen.net\/wp-content\/uploads\/2019\/05\/TULTEPEC-15-240x135.jpg 240w, https:\/\/www.diarioimagen.net\/wp-content\/uploads\/2019\/05\/TULTEPEC-15-235x132.jpg 235w, https:\/\/www.diarioimagen.net\/wp-content\/uploads\/2019\/05\/TULTEPEC-15-202x114.jpg 202w, https:\/\/www.diarioimagen.net\/wp-content\/uploads\/2019\/05\/TULTEPEC-15-350x196.jpg 350w, https:\/\/www.diarioimagen.net\/wp-content\/uploads\/2019\/05\/TULTEPEC-15-220x123.jpg 220w, https:\/\/www.diarioimagen.net\/wp-content\/uploads\/2019\/05\/TULTEPEC-15-237x132.jpg 237w, https:\/\/www.diarioimagen.net\/wp-content\/uploads\/2019\/05\/TULTEPEC-15.jpg 480w\" sizes=\"auto, (max-width: 460px) 100vw, 460px\" \/><\/a><p id=\"caption-attachment-427514\" class=\"wp-caption-text\">El director de Ecolog\u00eda y Salud P\u00fablica, Luis \u00c1ngel Garc\u00eda Morales, \u00a0explic\u00f3 que el objetivo es generar mayor conciencia sobre el cuidado del ambiente.<\/p><\/div>\n<p>&nbsp;<\/p>\n<p><strong>Tultepec, Estado de M\u00e9xico<\/strong>.- El ayuntamiento de Tultepec, a trav\u00e9s de la Direcci\u00f3n de Ecolog\u00eda y Salud P\u00fablica Municipal, llevar\u00e1 a cabo una jornada denominada Arte y Ecolog\u00eda, en la Concha Ac\u00fastica del Centro, el pr\u00f3ximo domingo 19 de mayo de las 9:00 a las14:00 horas, dirigido a la ciudadan\u00eda donde habr\u00e1 actividades para toda la familia.<\/p>\n<p>Luis \u00c1ngel Garc\u00eda Morales, director de Ecolog\u00eda y Salud P\u00fablica Municipal, explic\u00f3 que el objetivo es generar mayor conciencia sobre el cuidado de nuestro medio ambiente e inculcar esa cultura en los ni\u00f1os y j\u00f3venes de Tultepec, de una manera din\u00e1mica y divertida, en un evento donde participar\u00e1n al menos 35 expositores.<\/p>\n<p>Durante el evento que adem\u00e1s ser\u00e1 un espacio de convivencia familiar, con la orientaci\u00f3n de personal capacitado sobre diversos temas, se desarrollar\u00e1n talleres de reciclaje con diversos materiales, estrategias para la conservaci\u00f3n de aves, el uso alternativo de energ\u00edas renovables y la distribuci\u00f3n y venta de semillas, plantas y hortalizas, entre otras.<\/p>\n<p>Precis\u00f3 que el objetivo primordial de los talleres de reciclaje, es identificar y evitar que los componentes t\u00f3xicos y pl\u00e1sticos, sobre todo en aparatos el\u00e9ctricos, se conviertan en foco de infecci\u00f3n y riesgo a la salud p\u00fablica por no darles un uso adecuado una vez concluida su vida \u00fatil.<\/p>\n<p>Entre los 35 expositores que formar\u00e1 parte de la jornada Arte y Ecolog\u00eda, se colocar\u00e1n estands de exposici\u00f3n y venta de chocolate artesanal, semillas, cactus, plantas de ornato, cer\u00e1mica, jab\u00f3n y champ\u00fa org\u00e1nico artesanal, cuarzos, anillos y pulseras, cerveza artesanal, mosaicos de espejos y vidrio y terapias alternativas y temazcal, entre otros.<\/p>\n<p>Adem\u00e1s, a partir de las 12:00 horas, Arte y Ecolog\u00eda ser\u00e1 amenizado por la banda de rock, California Blues, lo que sin duda ser\u00e1 un gran incentivo para asistir y disfrutar con toda la familia, y formar parte de esta importante pol\u00edtica p\u00fablica en aras de la preservaci\u00f3n del medio ambiente y la manera como debemos interactuar con la naturaleza para no seguirla da\u00f1ando en detrimento del planeta y de nosotros mismos.<\/p>\n<p>Arte y Ecolog\u00eda, se llevar\u00e1 a cabo este domingo 19 de mayo a partir de las 9 de la ma\u00f1ana en la explanada de la Concha Ac\u00fastica del Centro y a las 10:30 y 11:00 horas, respectivamente, se desarrollar\u00e1 la exhibici\u00f3n de dos academias de baile, una de ellas la Escuela de Baile Balechine, del maestro Alexis S\u00e1nchez Guerrero.<\/p>\n","protected":false},"excerpt":{"rendered":"<p>El ayuntamiento de Tultepec, a trav\u00e9s de la Direcci\u00f3n de Ecolog\u00eda y Salud P\u00fablica Municipal, llevar\u00e1 a cabo una jornada denominada Arte y Ecolog\u00eda, en la Concha Ac\u00fastica del Centro, el pr\u00f3ximo domingo 19 de mayo de las 9:00 a las14:00 horas, dirigido a la ciudadan\u00eda donde habr\u00e1 actividades para toda la familia.<\/p>\n","protected":false},"author":3,"featured_media":427514,"comment_status":"open","ping_status":"open","sticky":false,"template":"","format":"standard","meta":{"_monsterinsights_skip_tracking":false,"_monsterinsights_sitenote_active":false,"_monsterinsights_sitenote_note":"","_monsterinsights_sitenote_category":0,"footnotes":""},"categories":[35155],"tags":[85272,43675,85273,3802],"class_list":["post-427498","post","type-post","status-publish","format-standard","has-post-thumbnail","hentry","category-estado-de-mexico-estado-de-mexico","tag-ecologica","tag-estado-de-mexico","tag-m-jornada","tag-tultepec"],"_links":{"self":[{"href":"https:\/\/www.diarioimagen.net\/index.php?rest_route=\/wp\/v2\/posts\/427498","targetHints":{"allow":["GET"]}}],"collection":[{"href":"https:\/\/www.diarioimagen.net\/index.php?rest_route=\/wp\/v2\/posts"}],"about":[{"href":"https:\/\/www.diarioimagen.net\/index.php?rest_route=\/wp\/v2\/types\/post"}],"author":[{"embeddable":true,"href":"https:\/\/www.diarioimagen.net\/index.php?rest_route=\/wp\/v2\/users\/3"}],"replies":[{"embeddable":true,"href":"https:\/\/www.diarioimagen.net\/index.php?rest_route=%2Fwp%2Fv2%2Fcomments&post=427498"}],"version-history":[{"count":0,"href":"https:\/\/www.diarioimagen.net\/index.php?rest_route=\/wp\/v2\/posts\/427498\/revisions"}],"wp:featuredmedia":[{"embeddable":true,"href":"https:\/\/www.diarioimagen.net\/index.php?rest_route=\/wp\/v2\/media\/427514"}],"wp:attachment":[{"href":"https:\/\/www.diarioimagen.net\/index.php?rest_route=%2Fwp%2Fv2%2Fmedia&parent=427498"}],"wp:term":[{"taxonomy":"category","embeddable":true,"href":"https:\/\/www.diarioimagen.net\/index.php?rest_route=%2Fwp%2Fv2%2Fcategories&post=427498"},{"taxonomy":"post_tag","embeddable":true,"href":"https:\/\/www.diarioimagen.net\/index.php?rest_route=%2Fwp%2Fv2%2Ftags&post=427498"}],"curies":[{"name":"wp","href":"https:\/\/api.w.org\/{rel}","templated":true}]}}