{"id":427552,"date":"2019-05-16T00:04:22","date_gmt":"2019-05-16T05:04:22","guid":{"rendered":"https:\/\/www.diarioimagen.net\/?p=427552"},"modified":"2019-05-15T23:25:22","modified_gmt":"2019-05-16T04:25:22","slug":"aidee-y-la-bala-perdida","status":"publish","type":"post","link":"https:\/\/www.diarioimagen.net\/?p=427552","title":{"rendered":"Aide\u00e9 y la bala perdida"},"content":{"rendered":"<h2>Punto por punto<\/h2>\n<h5>Augusto Corro<\/h5>\n<p>&nbsp;<\/p>\n<p>Transcurrieron ya quince d\u00edas y el asesinato de Aide\u00e9 Mendoza Jer\u00f3nimo, de 18 a\u00f1os, va encaminado al olvido.<span class=\"Apple-converted-space\">\u00a0<\/span><\/p>\n<p>El lunes 30 de abril, la joven fue alcanzada por una bala perdida en el sal\u00f3n de clases del CCH Oriente. Alumnos de diferentes escuelas manifestaron su repudio al hecho y exigieron justicia. Nada lograron.<\/p>\n<p>Es posible que ese crimen quede en la total impunidad.<\/p>\n<p>A falta de informaci\u00f3n oficial sobre el caso, surgi\u00f3 la versi\u00f3n, entre otras, que la bala surgi\u00f3 de un arma de los narcomenudistas que merodean en las inmediaciones del CCH Oriente.<span class=\"Apple-converted-space\">\u00a0<\/span><\/p>\n<p>Que el problema era entre los delincuentes y el maestro.<span class=\"Apple-converted-space\">\u00a0<\/span><\/p>\n<p>Hace pocos d\u00edas, la Organizaci\u00f3n de las Naciones Unidas (ONU) se\u00f1al\u00f3 que M\u00e9xico es uno de los pa\u00edses donde mueren m\u00e1s personas alcanzadas por balas perdidas.<span class=\"Apple-converted-space\">\u00a0 <\/span>El caso de Aide\u00e9 confirma lo que se piensa de nuestro pa\u00eds.<\/p>\n<p>Quiz\u00e1s lo m\u00e1s preocupante de nuestra situaci\u00f3n, es que los mexicanos no entenderemos lo peligroso que es disparar balas al aire y que aprovechamos cualquier pretexto para hacerlo.<span class=\"Apple-converted-space\">\u00a0<\/span><\/p>\n<p>Volvemos al inicio de la columna para preguntar: \u00bfqui\u00e9n mat\u00f3 a Aide\u00e9?<\/p>\n<p style=\"text-align: center;\"><span class=\"Apple-converted-space\">\u00a0<\/span><b>La\u00a0contaminaci\u00f3n\u00a0ambiental<\/b><\/p>\n<p>M\u00e9xico se encuentra en el tercer lugar en la lista de los aires m\u00e1s contaminados del mundo bajo una clasificaci\u00f3n peligrosa con 868 puntos. As\u00ed lo calific\u00f3 la<span class=\"Apple-converted-space\">\u00a0 <\/span>Worldwide Air Quality que se encarga reportar la calidad del aire diariamente. <span class=\"Apple-converted-space\">\u00a0 <\/span>Solo China e India superan a M\u00e9xico en materia de contaminaci\u00f3n del aire.<span class=\"Apple-converted-space\">\u00a0<\/span><\/p>\n<p>Esos datos son del dominio p\u00fablico desde hace varios a\u00f1os; pero nada se hace para reducir el problema de la contaminaci\u00f3n ambiental. En M\u00e9xico tenemos muchos a\u00f1os de programas contra la poluci\u00f3n con resultados casi nulos.<\/p>\n<p>Llevamos varios d\u00edas golpeados por el aire contaminado debido a m\u00faltiples incendios, ondas de calor, etc.<\/p>\n<p>Y la situaci\u00f3n en el Valle de M\u00e9xico se vuelve grave, porque no se ve c\u00f3mo controlar, por lo menos, el enrarecimiento del aire, pues no hay viento ni lluvias que mejoren las condiciones ambientales.<span class=\"Apple-converted-space\">\u00a0 <\/span>Las autoridades, de todos los niveles, se encuentran impotentes para combatir la contaminaci\u00f3n que no debi\u00f3 sorprender a nadie, salvo que no tuvieran ning\u00fan inter\u00e9s en cuidar la salud de los habitantes de la Ciudad de M\u00e9xico.<span class=\"Apple-converted-space\">\u00a0<\/span><\/p>\n<p>Fueron varios incendios en la cercan\u00eda de la capital que anunciaban un problema may\u00fasculo porque, seg\u00fan se inform\u00f3, nadie los atendi\u00f3. Los siniestros se multiplicaron con las consecuencias que conocemos.<span class=\"Apple-converted-space\">\u00a0<\/span><\/p>\n<p>Ayer, el gobierno sali\u00f3 con su plan de reducir el uso de autom\u00f3viles como medida contra la contaminaci\u00f3n: es decir m\u00e1s de lo mismo.<span class=\"Apple-converted-space\">\u00a0 <\/span>Una pregunta a las autoridades: \u00bfcu\u00e1ndo van a verificar los miles de camiones que circulan en la capital? \u00bfEllos si pueden contaminar sin ser molestados?<\/p>\n<p>Les pedimos a nuestros estimados lectores que eleven sus oraciones al dios Tl\u00e1loc para que le conmueva el coraz\u00f3n y en un acto de misericordia suelte ya las primeras lluvias de la temporada. Tambi\u00e9n rogarle al dios de los vientos, Eh\u00e9catl, que nos mande pronto auxilio\u2026<\/p>\n<p style=\"text-align: center;\"><b>Los retos de<span class=\"Apple-converted-space\">\u00a0<\/span>Claudia Sheinbaum<\/b><\/p>\n<p>En la Ciudad de M\u00e9xico son muchos los retos que enfrentan las autoridades encabezadas por la jefa de gobierno, Claudia Sheinbaum, entre otros el de la inseguridad, la movilidad, la contaminaci\u00f3n ambiental, la escasez de agua, el inmobiliario, etc.<\/p>\n<p>El m\u00e1s importante de esos problemas podr\u00eda ser el de la inseguridad que no cede, pues cada vez son m\u00e1s los homicidios dolosos y los asaltos.<span class=\"Apple-converted-space\">\u00a0<\/span><\/p>\n<p>Claro, las autoridades pueden argumentar que la violencia y sus resultados fueron heredados del gobierno anterior; pero el problema actual es que el tiempo apremia y no se ven resultados que nos den una esperanza de que volver\u00e1 la seguridad.<span class=\"Apple-converted-space\">\u00a0<\/span><\/p>\n<p>En esas condiciones la jefa de gobierno deber\u00e1 se\u00f1alar alguna fecha para empezar a ver que su lucha contra la delincuencia es efectiva.<span class=\"Apple-converted-space\">\u00a0<\/span><\/p>\n<p>Entendemos que llevar\u00e1 un tiempo considerable empezar a sentir tranquilidad, una vez que desaparezcan las bandas de delincuentes en toda la ciudad.<\/p>\n<p>Por cierto, cu\u00e1l es el papel de la procuradora Ernestina Godoy, quien antes de asumir el cargo dijo que la justicia no es pronta ni gratuita, que es burocr\u00e1tica, ineficiente, con corrupci\u00f3n y que fomenta la revictimizaci\u00f3n.<\/p>\n<p>\u00bfDurante estos meses de funcionaria qu\u00e9 ha hecho para erradicar esos problemas?<span class=\"Apple-converted-space\">\u00a0<\/span><\/p>\n<p>Parece que la jefa de gobierno sola tiene que superar los obst\u00e1culos. As\u00ed se vio en el asunto de la contaminaci\u00f3n ambiental.<span class=\"Apple-converted-space\">\u00a0<\/span><\/p>\n<p><em><u><a href=\"mailto:aco2742@hotmail.com\" target=\"_blank\" rel=\"noopener noreferrer\">aco2742@hotmail.com<\/a><\/u><\/em><\/p>\n","protected":false},"excerpt":{"rendered":"<p><span style=\"color: #005497;\"><strong>Augusto Corro<\/strong><\/span><\/p>\n","protected":false},"author":1,"featured_media":0,"comment_status":"open","ping_status":"open","sticky":false,"template":"","format":"standard","meta":{"_monsterinsights_skip_tracking":false,"_monsterinsights_sitenote_active":false,"_monsterinsights_sitenote_note":"","_monsterinsights_sitenote_category":0,"footnotes":""},"categories":[157],"tags":[43686,43674,11515],"class_list":["post-427552","post","type-post","status-publish","format-standard","hentry","category-augusto-corro","tag-augusto-corro","tag-opinion","tag-punto-por-punto"],"_links":{"self":[{"href":"https:\/\/www.diarioimagen.net\/index.php?rest_route=\/wp\/v2\/posts\/427552","targetHints":{"allow":["GET"]}}],"collection":[{"href":"https:\/\/www.diarioimagen.net\/index.php?rest_route=\/wp\/v2\/posts"}],"about":[{"href":"https:\/\/www.diarioimagen.net\/index.php?rest_route=\/wp\/v2\/types\/post"}],"author":[{"embeddable":true,"href":"https:\/\/www.diarioimagen.net\/index.php?rest_route=\/wp\/v2\/users\/1"}],"replies":[{"embeddable":true,"href":"https:\/\/www.diarioimagen.net\/index.php?rest_route=%2Fwp%2Fv2%2Fcomments&post=427552"}],"version-history":[{"count":0,"href":"https:\/\/www.diarioimagen.net\/index.php?rest_route=\/wp\/v2\/posts\/427552\/revisions"}],"wp:attachment":[{"href":"https:\/\/www.diarioimagen.net\/index.php?rest_route=%2Fwp%2Fv2%2Fmedia&parent=427552"}],"wp:term":[{"taxonomy":"category","embeddable":true,"href":"https:\/\/www.diarioimagen.net\/index.php?rest_route=%2Fwp%2Fv2%2Fcategories&post=427552"},{"taxonomy":"post_tag","embeddable":true,"href":"https:\/\/www.diarioimagen.net\/index.php?rest_route=%2Fwp%2Fv2%2Ftags&post=427552"}],"curies":[{"name":"wp","href":"https:\/\/api.w.org\/{rel}","templated":true}]}}