{"id":427641,"date":"2019-05-16T00:06:07","date_gmt":"2019-05-16T05:06:07","guid":{"rendered":"https:\/\/www.diarioimagen.net\/?p=427641"},"modified":"2019-05-16T05:41:03","modified_gmt":"2019-05-16T10:41:03","slug":"docentes-de-tlalnepantla-fueron-reconocidos-por-su-labor-magisterial","status":"publish","type":"post","link":"https:\/\/www.diarioimagen.net\/?p=427641","title":{"rendered":"Docentes de Tlalnepantla fueron reconocidos por\u00a0 su labor magisterial"},"content":{"rendered":"<div id=\"attachment_427707\" style=\"width: 470px\" class=\"wp-caption aligncenter\"><a href=\"https:\/\/www.diarioimagen.net\/?attachment_id=427707\" rel=\"attachment wp-att-427707\"><img loading=\"lazy\" decoding=\"async\" aria-describedby=\"caption-attachment-427707\" class=\"size-large wp-image-427707\" src=\"https:\/\/www.diarioimagen.net\/wp-content\/uploads\/2019\/05\/TLALNEPANTLA-16-460x259.jpg\" alt=\"\" width=\"460\" height=\"259\" srcset=\"https:\/\/www.diarioimagen.net\/wp-content\/uploads\/2019\/05\/TLALNEPANTLA-16-460x259.jpg 460w, https:\/\/www.diarioimagen.net\/wp-content\/uploads\/2019\/05\/TLALNEPANTLA-16-240x135.jpg 240w, https:\/\/www.diarioimagen.net\/wp-content\/uploads\/2019\/05\/TLALNEPANTLA-16-235x132.jpg 235w, https:\/\/www.diarioimagen.net\/wp-content\/uploads\/2019\/05\/TLALNEPANTLA-16-202x114.jpg 202w, https:\/\/www.diarioimagen.net\/wp-content\/uploads\/2019\/05\/TLALNEPANTLA-16-350x196.jpg 350w, https:\/\/www.diarioimagen.net\/wp-content\/uploads\/2019\/05\/TLALNEPANTLA-16-220x123.jpg 220w, https:\/\/www.diarioimagen.net\/wp-content\/uploads\/2019\/05\/TLALNEPANTLA-16-237x132.jpg 237w, https:\/\/www.diarioimagen.net\/wp-content\/uploads\/2019\/05\/TLALNEPANTLA-16.jpg 480w\" sizes=\"auto, (max-width: 460px) 100vw, 460px\" \/><\/a><p id=\"caption-attachment-427707\" class=\"wp-caption-text\">\u201cPocas personas dejan huella en la vida de los seres humanos, y esas son las maestras y los maestros, que forjan el car\u00e1cter y el conocimiento de las actuales y futuras generaciones\u201d, afirm\u00f3 el edil Raciel P\u00e9rez Cruz.<\/p><\/div>\n<p>&nbsp;<\/p>\n<p><strong>Tlalnepantla, Estado de M\u00e9xico<\/strong>.<strong>&#8211;<\/strong> Tlalnepantla valora la labor de los profesores de nuestra ciudad, con motivo del D\u00eda del Maestro, el presidente municipal, Raciel P\u00e9rez Cruz, entreg\u00f3 reconocimientos a personal con m\u00e1s de 25 a\u00f1os de servicio en las estancias infantiles del Sistema Municipal para el Desarrollo Integral de la Familia (DIF).<\/p>\n<p>\u201cPocas personas dejan huella en la vida de los seres humanos, y esas son las maestras y los maestros, quienes forjan el car\u00e1cter y el conocimiento de las actuales y futuras generaciones\u201d, afirm\u00f3 el edil, al participar en un festejo a docentes del DIF municipal.P\u00e9rez Cruz celebr\u00f3 la aprobaci\u00f3n de la reforma educativa y consider\u00f3 que dicha iniciativa es una herramienta que busca fortalecer la educaci\u00f3n a nivel nacional, ya que prioriza no s\u00f3lo la relaci\u00f3n laboral, tambi\u00e9n los contenidos educativos.<\/p>\n<p>Se\u00f1al\u00f3 que este gobierno es corresponsable con la labor educativa, por lo que trabaja para que los alumnos, maestras y maestros tengan espacios dignos para su desarrollo y labor docente, con un programa permanente de mantenimiento a escuelas, a trav\u00e9s del cual se impermeabilizan edificios y aulas, adem\u00e1s de que se rehabilitan canchas y \u00e1reas juegos, entre otras acciones.<\/p>\n<p>El Presidente Municipal asegur\u00f3 que el D\u00eda del Maestro es un merecido homenaje al esfuerzo de los docentes, cuyo trabajo va m\u00e1s all\u00e1 de la impartici\u00f3n de saberes, ya que su oficio tambi\u00e9n significa sembrar valores que forjan personas de bien.<\/p>\n","protected":false},"excerpt":{"rendered":"<p>Tlalnepantla valora la labor de los profesores de nuestra ciudad, con motivo del D\u00eda del Maestro, el presidente municipal, Raciel P\u00e9rez Cruz, entreg\u00f3 reconocimientos a personal con m\u00e1s de 25 a\u00f1os de servicio en las estancias infantiles del Sistema Municipal para el Desarrollo Integral de la Familia (DIF).<\/p>\n","protected":false},"author":3,"featured_media":427707,"comment_status":"open","ping_status":"open","sticky":false,"template":"","format":"standard","meta":{"_monsterinsights_skip_tracking":false,"_monsterinsights_sitenote_active":false,"_monsterinsights_sitenote_note":"","_monsterinsights_sitenote_category":0,"footnotes":""},"categories":[35155],"tags":[43675,85298,169],"class_list":["post-427641","post","type-post","status-publish","format-standard","has-post-thumbnail","hentry","category-estado-de-mexico-estado-de-mexico","tag-estado-de-mexico","tag-labor-magisterial","tag-tlalnepantla"],"_links":{"self":[{"href":"https:\/\/www.diarioimagen.net\/index.php?rest_route=\/wp\/v2\/posts\/427641","targetHints":{"allow":["GET"]}}],"collection":[{"href":"https:\/\/www.diarioimagen.net\/index.php?rest_route=\/wp\/v2\/posts"}],"about":[{"href":"https:\/\/www.diarioimagen.net\/index.php?rest_route=\/wp\/v2\/types\/post"}],"author":[{"embeddable":true,"href":"https:\/\/www.diarioimagen.net\/index.php?rest_route=\/wp\/v2\/users\/3"}],"replies":[{"embeddable":true,"href":"https:\/\/www.diarioimagen.net\/index.php?rest_route=%2Fwp%2Fv2%2Fcomments&post=427641"}],"version-history":[{"count":0,"href":"https:\/\/www.diarioimagen.net\/index.php?rest_route=\/wp\/v2\/posts\/427641\/revisions"}],"wp:featuredmedia":[{"embeddable":true,"href":"https:\/\/www.diarioimagen.net\/index.php?rest_route=\/wp\/v2\/media\/427707"}],"wp:attachment":[{"href":"https:\/\/www.diarioimagen.net\/index.php?rest_route=%2Fwp%2Fv2%2Fmedia&parent=427641"}],"wp:term":[{"taxonomy":"category","embeddable":true,"href":"https:\/\/www.diarioimagen.net\/index.php?rest_route=%2Fwp%2Fv2%2Fcategories&post=427641"},{"taxonomy":"post_tag","embeddable":true,"href":"https:\/\/www.diarioimagen.net\/index.php?rest_route=%2Fwp%2Fv2%2Ftags&post=427641"}],"curies":[{"name":"wp","href":"https:\/\/api.w.org\/{rel}","templated":true}]}}