{"id":427732,"date":"2019-05-17T00:09:19","date_gmt":"2019-05-17T05:09:19","guid":{"rendered":"https:\/\/www.diarioimagen.net\/?p=427732"},"modified":"2019-05-20T00:20:26","modified_gmt":"2019-05-20T05:20:26","slug":"por-tercer-dia-continua-contingencia-ambiental-en-el-valle-de-mexico","status":"publish","type":"post","link":"https:\/\/www.diarioimagen.net\/?p=427732","title":{"rendered":"Contaminaci\u00f3n no cede ni con medidas extremas"},"content":{"rendered":"<ul>\n<li><em><strong>Por tercer d\u00eda, alerta en el Valle de M\u00e9xico<\/strong><\/em><\/li>\n<li><em><strong>No circulan veh\u00edculos con holograma 2 y 1, terminaci\u00f3n par y \u201cverdes\u201d<\/strong><\/em><\/li>\n<\/ul>\n<h6>Jos\u00e9 Luis Monta\u00f1ez<\/h6>\n<p>&nbsp;<\/p>\n<div id=\"attachment_427733\" style=\"width: 470px\" class=\"wp-caption aligncenter\"><img loading=\"lazy\" decoding=\"async\" aria-describedby=\"caption-attachment-427733\" class=\"size-large wp-image-427733\" src=\"https:\/\/www.diarioimagen.net\/wp-content\/uploads\/2019\/05\/CONTINGENCIA17-PORTAL-460x268.jpg\" alt=\"\" width=\"460\" height=\"268\" srcset=\"https:\/\/www.diarioimagen.net\/wp-content\/uploads\/2019\/05\/CONTINGENCIA17-PORTAL-460x268.jpg 460w, https:\/\/www.diarioimagen.net\/wp-content\/uploads\/2019\/05\/CONTINGENCIA17-PORTAL-240x140.jpg 240w, https:\/\/www.diarioimagen.net\/wp-content\/uploads\/2019\/05\/CONTINGENCIA17-PORTAL.jpg 480w\" sizes=\"auto, (max-width: 460px) 100vw, 460px\" \/><p id=\"caption-attachment-427733\" class=\"wp-caption-text\">Contin\u00faa por tercer d\u00eda consecutivo la contingencia ambiental extraordinaria en el Valle de M\u00e9xico.<\/p><\/div>\n<p>&nbsp;<\/p>\n<p>La mala calidad del aire contin\u00faa en el Valle de M\u00e9xico con un m\u00e1ximo de 149 puntos de part\u00edculas menores a 2.5 micr\u00f3metros (PM2.5) en la alcald\u00eda de Iztapalapa, ocho puntos m\u00e1s respecto al reporte de las 6:00 horas.<\/p>\n<p>En su informe, el Sistema de Monitoreo Atmosf\u00e9rico (Simat) indic\u00f3 que en los municipios del Estado de M\u00e9xico y en el resto de las alcald\u00edas capitalinas que integran la zona metropolitana, la calidad del aire es mala, ya que los valores se encuentran por arriba de los 100 puntos.<\/p>\n<p>Ante estas condiciones, la Comisi\u00f3n Ambiental de la Megal\u00f3polis (Came) mantiene por tercer d\u00eda la contingencia atmosf\u00e9rica extraordinaria por los altos niveles de part\u00edculas PM2.5 y contingencia ambiental por ozono.<\/p>\n<p>Por ello, el organismo de la Secretar\u00eda de Medio Ambiente recomend\u00f3 que los adultos mayores, ni\u00f1os y personas con intensa actividad f\u00edsica o con enfermedades respiratorias y cardiovasculares limiten los esfuerzos prolongados al aire libre, y contin\u00faan el doble hoy no circula, la suspensi\u00f3n de clases y otras medidas extremas.<\/p>\n<p>La Came record\u00f3 que se suspende la circulaci\u00f3n de 05:00 a 22:00 horas para los veh\u00edculos con holograma 2, holograma 1 terminaci\u00f3n par y todos los veh\u00edculos con engomado verde terminaci\u00f3n placa 1 y 2.<\/p>\n<p>De acuerdo con el Sistema de Monitoreo Atmosf\u00e9rico, hasta el momento la calidad del aire es mala en el Valle de M\u00e9xico, con un nivel m\u00e1ximo de 147 puntos de Part\u00edculas Menores a 2.5 micr\u00f3metros (PM 2.5) en la alcald\u00eda capitalina de Iztapalapa.<\/p>\n<p>La Came record\u00f3 que tampoco circulan los veh\u00edculos sin holograma de verificaci\u00f3n o con placas formadas por letras, as\u00ed como los automotores de servicio particular con placas de circulaci\u00f3n del extranjero o de otras entidades federativas que no porten el holograma de verificaci\u00f3n \u201c00\u201d, \u201c0\u201d o Exento.<\/p>\n<p>Adem\u00e1s, todos los veh\u00edculos de reparto de gasolina, di\u00e9sel y gas licuado de petr\u00f3leo con holograma 1 y 2 terminaci\u00f3n de placa de circulaci\u00f3n par, mientras que las unidades del servicio de transporte de carga con placa federal o local deber\u00e1n acatar la restricci\u00f3n a la circulaci\u00f3n de las 06:00 a las 10:00 horas.<\/p>\n<p>Ante estas condiciones del clima, los ni\u00f1os, adultos mayores, personas con intensa actividad f\u00edsica o con enfermedades respiratorias y cardiovasculares, deben limitar los esfuerzos prolongados al aire libre.<\/p>\n<p>El \u00edndice de rayos ultravioleta es de 4, por lo que las autoridades capitalinas recomendaron, de exponerse al sol y ser de piel sensible, usar sombrero y gafas con filtro UV y aplicar un protector solar con factor de protecci\u00f3n social mayor a 30.<\/p>\n","protected":false},"excerpt":{"rendered":"<p><span style=\"color: #005497;\">Jos\u00e9 Luis Monta\u00f1ez<\/span><br \/>\n<br \/>\nLa mala calidad del aire contin\u00faa en el Valle de M\u00e9xico con un m\u00e1ximo de 149 puntos de part\u00edculas menores a 2.5 micr\u00f3metros (PM2.5) en la alcald\u00eda de Iztapalapa, ocho puntos m\u00e1s respecto al reporte de las 6:00 horas.<\/p>\n","protected":false},"author":5,"featured_media":427733,"comment_status":"open","ping_status":"open","sticky":false,"template":"","format":"standard","meta":{"_monsterinsights_skip_tracking":false,"_monsterinsights_sitenote_active":false,"_monsterinsights_sitenote_note":"","_monsterinsights_sitenote_category":0,"footnotes":""},"categories":[6],"tags":[204,49072,15420,16796,49632,83190,43673,85305,34],"class_list":["post-427732","post","type-post","status-publish","format-standard","has-post-thumbnail","hentry","category-cd-de-mexico","tag-ciudad-de-mexico","tag-comision-ambiental-de-la-megalopolis","tag-contaminacion","tag-contingencia","tag-contingencia-ambiental","tag-continua","tag-nacional","tag-tercer-dia","tag-valle-de-mexico"],"_links":{"self":[{"href":"https:\/\/www.diarioimagen.net\/index.php?rest_route=\/wp\/v2\/posts\/427732","targetHints":{"allow":["GET"]}}],"collection":[{"href":"https:\/\/www.diarioimagen.net\/index.php?rest_route=\/wp\/v2\/posts"}],"about":[{"href":"https:\/\/www.diarioimagen.net\/index.php?rest_route=\/wp\/v2\/types\/post"}],"author":[{"embeddable":true,"href":"https:\/\/www.diarioimagen.net\/index.php?rest_route=\/wp\/v2\/users\/5"}],"replies":[{"embeddable":true,"href":"https:\/\/www.diarioimagen.net\/index.php?rest_route=%2Fwp%2Fv2%2Fcomments&post=427732"}],"version-history":[{"count":0,"href":"https:\/\/www.diarioimagen.net\/index.php?rest_route=\/wp\/v2\/posts\/427732\/revisions"}],"wp:featuredmedia":[{"embeddable":true,"href":"https:\/\/www.diarioimagen.net\/index.php?rest_route=\/wp\/v2\/media\/427733"}],"wp:attachment":[{"href":"https:\/\/www.diarioimagen.net\/index.php?rest_route=%2Fwp%2Fv2%2Fmedia&parent=427732"}],"wp:term":[{"taxonomy":"category","embeddable":true,"href":"https:\/\/www.diarioimagen.net\/index.php?rest_route=%2Fwp%2Fv2%2Fcategories&post=427732"},{"taxonomy":"post_tag","embeddable":true,"href":"https:\/\/www.diarioimagen.net\/index.php?rest_route=%2Fwp%2Fv2%2Ftags&post=427732"}],"curies":[{"name":"wp","href":"https:\/\/api.w.org\/{rel}","templated":true}]}}