{"id":427802,"date":"2019-05-17T00:04:57","date_gmt":"2019-05-17T05:04:57","guid":{"rendered":"https:\/\/www.diarioimagen.net\/?p=427802"},"modified":"2019-05-17T00:30:09","modified_gmt":"2019-05-17T05:30:09","slug":"contaminacion-ambiental-sin-remedio","status":"publish","type":"post","link":"https:\/\/www.diarioimagen.net\/?p=427802","title":{"rendered":"Contaminaci\u00f3n ambiental \u00bfsin remedio?"},"content":{"rendered":"<h2>Punto por punto<\/h2>\n<h5>Augusto Corro<\/h5>\n<p>&nbsp;<\/p>\n<p>Hace varios d\u00edas que el Valle de M\u00e9xico se encuentra sometido a la contaminaci\u00f3n ambiental.<\/p>\n<p>A la poluci\u00f3n propia de la excesiva flota vehicular deben sumarse los incendios y, claro, la ubicaci\u00f3n geogr\u00e1fica.<\/p>\n<p>La Ciudad de M\u00e9xico no cuenta con un sistema de trasporte p\u00fablico de disminuya el uso del autom\u00f3vil.<\/p>\n<p>Las autoridades en vez de construir m\u00e1s l\u00edneas del Metro se fueron por lo f\u00e1cil: instalar l\u00edneas de Metrobus.<\/p>\n<p>Dichas l\u00edneas seguramente paliaron, relativamente, las necesidades de transporte, pero volvieron lenta la circulaci\u00f3n por avenidas principales.<\/p>\n<p>Es decir, tapan un hoyo y destapan otro.\u00a0 No se sabe de pol\u00edticas pr\u00e1cticas y efectivas en la lucha contra la contaminaci\u00f3n ambiental en la Ciudad de M\u00e9xico.<\/p>\n<p>La corrupci\u00f3n siempre tuvo un papel importante para que continuemos golpeados por el aire enrarecido con las repercusiones negativas en nuestra salud.<\/p>\n<p>Por ejemplo, en los llamados verificentros con una suma de dinero se pod\u00eda conseguir la calcoman\u00eda de aprobado para el coche, aunque emitiera smog.\u00a0\u00a0 Instalaciones como f\u00e1bricas, gaseras, puestos de comida al aire libre, etc., funcionan sin ning\u00fan problema.<\/p>\n<p>El problema eterno de los camiones con placas federales tambi\u00e9n contaminan y qui\u00e9n sabe por qu\u00e9 influencias nunca sometidos a verificaciones, para decidir si se encuentran o no en condiciones de circular.<\/p>\n<p>En fin, la contaminaci\u00f3n ambiental es una realidad. Estamos expuestos a respirar part\u00edculas peque\u00f1as que se encuentran en el aire enrarecido y que van a alojarse en los pulmones.<\/p>\n<p>Vivir en la Ciudad de M\u00e9xico nos lleva a ni\u00f1os, adultos y ancianos a pagar un precio muy alto.<\/p>\n<p>Cabe preguntar si tiene remedio, soluci\u00f3n, el problema de la contaminaci\u00f3n ambiental en el Valle de M\u00e9xico.\u00a0 Como se ve la situaci\u00f3n, se podr\u00eda pensar que es m\u00e1s que imposible. \u00bfUsted qu\u00e9 opina amable lector?<\/p>\n<p style=\"text-align: center;\"><strong>Violencia en la capital<\/strong><\/p>\n<p>Ante la incapacidad de las autoridades para frenar la delincuencia en la Ciudad de M\u00e9xico, los grupos de delincuentes incrementan sus acciones.<\/p>\n<p>Los hechos violentos se registran por todos los rumbos de la capital y la respuesta de la polic\u00eda no se nota.\u00a0 En Tepito los integrantes de las bandas de La Uni\u00f3n Tepito y la Anti-Uni\u00f3n se disputan ese territorio de la colonia Morelos, sino tambi\u00e9n otros sitios de la capital.<\/p>\n<p>A esos dos grupos deben sum\u00e1rsele otras doce bandas, por lo menos, que son generadoras de violencia y que se disputan las calles de la metr\u00f3poli.<\/p>\n<p>Esos delincuentes se dedican a la venta de drogas al menudeo, extorsi\u00f3n, secuestro, robo a casas habitaci\u00f3n e, incluso, a la trata de personas.\u00a0 Se sabe, pues, que la Ciudad de M\u00e9xico se convirti\u00f3 ya en una zona de violencia y es notoria la incapacidad de las autoridades para brindar seguridad.<\/p>\n<p>\u00bfY los cuerpos policiacos? \u00bfCu\u00e1l es su funci\u00f3n?<\/p>\n<p>Es posible que las autoridades no cuenten con una polic\u00eda capacitada que permita luchar contra la delincuencia organizada y logre resultados positivos.<\/p>\n<p>Los uniformados est\u00e1n mal entrenados y no son pocas las veces en que son cacheteados o golpeados por ciudadanos inconformes con el actuar de los representantes de la ley. Se tienen que hacer ajustes en el gobierno de la Ciudad de M\u00e9xico para controlar el problema de la violencia y de los cr\u00edmenes que van al alza.<\/p>\n<p>Urge que el gobierno local act\u00fae con energ\u00eda y sin demora. \u00bfO esperan a la Guardia Nacional para que venga a salvarnos? Ojal\u00e1 y alguien nos responda.<\/p>\n<p style=\"text-align: center;\"><strong>Periodista asesinado<\/strong><\/p>\n<p>Contin\u00faan las agresiones contra los periodistas.<\/p>\n<p>En la ma\u00f1ana de ayer (jueves) fue ejecutado el comunicador Francisco Romero, del portal <em>Ocurri\u00f3 Aqu\u00ed. <\/em>El cuerpo sin vida fue encontrado en la avenida 115 casi esquina con calle 41 de la colonia Ejidal, municipio de Solidaridad (Playa del Carmen).<\/p>\n<p>M\u00e1s de ciento cuarenta comunicadores fueron asesinados del a\u00f1o 2000 a la fecha. M\u00e9xico es considerado como uno de los pa\u00edses peligrosos para la pr\u00e1ctica del periodismo.<\/p>\n<p>Seg\u00fan cifras extraoficiales, durante el presente gobierno son ocho asesinatos cometidos contra periodistas.\u00a0 En Playa del Carmen se perpetraron alrededor de 86 ejecuciones en lo que va de 2019. Son constantes los hechos violentos en la zona.<\/p>\n<p>Ante la muerte de Francisco Romero las organizaciones no gubernamentales y los organismos internacionales defensores de los derechos humanos manifestar\u00e1n su repudio y condena.<\/p>\n<p>Adem\u00e1s exigir\u00e1n una mayor protecci\u00f3n a los periodistas. Siempre hacen esos pronunciamientos. Solo que nadie los atiende ni los toma en cuenta.<\/p>\n<p><em><u><a href=\"mailto:aco2742@hotmail.com\" target=\"_blank\" rel=\"noopener noreferrer\">aco2742@hotmail.com<\/a><\/u><\/em><\/p>\n","protected":false},"excerpt":{"rendered":"<p><span style=\"color: #005497;\"><strong>Augusto Corro<\/strong><\/span><\/p>\n","protected":false},"author":3,"featured_media":0,"comment_status":"open","ping_status":"open","sticky":false,"template":"","format":"standard","meta":{"_monsterinsights_skip_tracking":false,"_monsterinsights_sitenote_active":false,"_monsterinsights_sitenote_note":"","_monsterinsights_sitenote_category":0,"footnotes":""},"categories":[157],"tags":[43686,43674,11515],"class_list":["post-427802","post","type-post","status-publish","format-standard","hentry","category-augusto-corro","tag-augusto-corro","tag-opinion","tag-punto-por-punto"],"_links":{"self":[{"href":"https:\/\/www.diarioimagen.net\/index.php?rest_route=\/wp\/v2\/posts\/427802","targetHints":{"allow":["GET"]}}],"collection":[{"href":"https:\/\/www.diarioimagen.net\/index.php?rest_route=\/wp\/v2\/posts"}],"about":[{"href":"https:\/\/www.diarioimagen.net\/index.php?rest_route=\/wp\/v2\/types\/post"}],"author":[{"embeddable":true,"href":"https:\/\/www.diarioimagen.net\/index.php?rest_route=\/wp\/v2\/users\/3"}],"replies":[{"embeddable":true,"href":"https:\/\/www.diarioimagen.net\/index.php?rest_route=%2Fwp%2Fv2%2Fcomments&post=427802"}],"version-history":[{"count":0,"href":"https:\/\/www.diarioimagen.net\/index.php?rest_route=\/wp\/v2\/posts\/427802\/revisions"}],"wp:attachment":[{"href":"https:\/\/www.diarioimagen.net\/index.php?rest_route=%2Fwp%2Fv2%2Fmedia&parent=427802"}],"wp:term":[{"taxonomy":"category","embeddable":true,"href":"https:\/\/www.diarioimagen.net\/index.php?rest_route=%2Fwp%2Fv2%2Fcategories&post=427802"},{"taxonomy":"post_tag","embeddable":true,"href":"https:\/\/www.diarioimagen.net\/index.php?rest_route=%2Fwp%2Fv2%2Ftags&post=427802"}],"curies":[{"name":"wp","href":"https:\/\/api.w.org\/{rel}","templated":true}]}}