{"id":427827,"date":"2019-05-17T00:11:56","date_gmt":"2019-05-17T05:11:56","guid":{"rendered":"https:\/\/www.diarioimagen.net\/?p=427827"},"modified":"2019-05-17T04:51:16","modified_gmt":"2019-05-17T09:51:16","slug":"corrupcion-y-pobreza-frenan-desarrollo-economico-slim","status":"publish","type":"post","link":"https:\/\/www.diarioimagen.net\/?p=427827","title":{"rendered":"Corrupci\u00f3n y pobreza frenan desarrollo econ\u00f3mico: Slim"},"content":{"rendered":"<ul>\n<li><em><strong>\u201cLa sociedad est\u00e1 harta de que no pase nada\u201d<\/strong><\/em><\/li>\n<li><em><strong>\u201cLa mayor\u00eda de gobiernos no tienen una visi\u00f3n ni a mediano ni largo plazos\u201d<\/strong><\/em><\/li>\n<\/ul>\n<p>&nbsp;<\/p>\n<div id=\"attachment_427883\" style=\"width: 470px\" class=\"wp-caption aligncenter\"><a href=\"https:\/\/www.diarioimagen.net\/?attachment_id=427883\" rel=\"attachment wp-att-427883\"><img loading=\"lazy\" decoding=\"async\" aria-describedby=\"caption-attachment-427883\" class=\"size-large wp-image-427883\" src=\"https:\/\/www.diarioimagen.net\/wp-content\/uploads\/2019\/05\/SLIM17-460x259.jpg\" alt=\"\" width=\"460\" height=\"259\" srcset=\"https:\/\/www.diarioimagen.net\/wp-content\/uploads\/2019\/05\/SLIM17-460x259.jpg 460w, https:\/\/www.diarioimagen.net\/wp-content\/uploads\/2019\/05\/SLIM17-240x135.jpg 240w, https:\/\/www.diarioimagen.net\/wp-content\/uploads\/2019\/05\/SLIM17-235x132.jpg 235w, https:\/\/www.diarioimagen.net\/wp-content\/uploads\/2019\/05\/SLIM17-202x114.jpg 202w, https:\/\/www.diarioimagen.net\/wp-content\/uploads\/2019\/05\/SLIM17-350x196.jpg 350w, https:\/\/www.diarioimagen.net\/wp-content\/uploads\/2019\/05\/SLIM17-220x123.jpg 220w, https:\/\/www.diarioimagen.net\/wp-content\/uploads\/2019\/05\/SLIM17-237x132.jpg 237w, https:\/\/www.diarioimagen.net\/wp-content\/uploads\/2019\/05\/SLIM17.jpg 480w\" sizes=\"auto, (max-width: 460px) 100vw, 460px\" \/><\/a><p id=\"caption-attachment-427883\" class=\"wp-caption-text\">Carlos Slim sostuvo que entre los retos urgentes que enfrenta Am\u00e9rica Latina est\u00e1 el eliminar la pobreza y\u00a0 cambiar el actual modelo educativo obsoleto.<\/p><\/div>\n<p>&nbsp;<\/p>\n<p>El empresario mexicano Carlos Slim afirm\u00f3 que la sociedad est\u00e1 harta de que no mejoren las condiciones de vida en la mayor\u00eda de los pa\u00edses de Am\u00e9rica Latina, ante la falta de planeaci\u00f3n y visi\u00f3n de los gobiernos.<\/p>\n<p>\u201cLa sociedad est\u00e1 harta de que tienen muchos a\u00f1os sin que pase nada\u201d, dijo Slim.<\/p>\n<p>Al participar en la mesa \u201cLa Gobernabilidad Hoy\u201d, en trabajos de la edici\u00f3n 25 de la reuni\u00f3n plenaria de la Fundaci\u00f3n C\u00edrculo de Montevideo, Slim dijo que a excepci\u00f3n de los pa\u00edses asi\u00e1ticos la mayor\u00eda de los gobiernos no tienen una visi\u00f3n ni a mediano ni largo plazos, no saben a d\u00f3nde van y no hay rumbo.<\/p>\n<p>\u201cEst\u00e1n pensando a muy corto plazo, no hay una direcci\u00f3n, no hay pol\u00edticas de Estado, porque si hubiera un plan nacional de desarrollo con pol\u00edticas de Estado habr\u00eda una consistencia en la marcha de los pa\u00edses, y es una falla que tenemos en el occidente en la mayor\u00eda de los pa\u00edses\u201d.<\/p>\n<p>Slim record\u00f3 que en 1932, ante la depresi\u00f3n mundial, en M\u00e9xico se unieron empresarios con pol\u00edticos y se hizo la gran campa\u00f1a nacionalista con un plan de industrializaci\u00f3n del pa\u00eds, lo que llev\u00f3 a crecimientos de m\u00e1s de 6 por ciento en 50 a\u00f1os.<\/p>\n<p>El presidente honorario de Grupo Carso asegur\u00f3 que la pobreza, corrupci\u00f3n, y falta de inversi\u00f3n frenan el desarrollo econ\u00f3mico, el empleo y la formaci\u00f3n de una clase media que acceda al bienestar, a lo que se suma la falta de educaci\u00f3n de calidad y capacitaci\u00f3n.<\/p>\n<p>Indic\u00f3 que es necesario cambiar la educaci\u00f3n que es obsoleta, por lo que hay que transformarla, de la mano de la salud, la seguridad, la reconfiguraci\u00f3n urbana y, m\u00e1s urgente, de la eliminaci\u00f3n de la pobreza.<\/p>\n<p>\u201cEs muy importante no quedarse en ese estancamiento de la clase media que disminuya sus ingresos y su forma de vida porque esto repercute en toda la econom\u00eda\u201d, dijo Slim.<\/p>\n<p>El empresario propone que existan redes de telecomunicaciones avanzadas, de \u00faltima generaci\u00f3n, de muy alta penetraci\u00f3n, que ofrezcan conectividad a todo el pa\u00eds y, en lugares remotos, a centros de educaci\u00f3n y salud.<\/p>\n<p>Para ello, se\u00f1al\u00f3, es necesario hacer un gran esfuerzo nacional para que toda la poblaci\u00f3n, desde la educaci\u00f3n b\u00e1sica, se familiarice con la tecnolog\u00eda, con el objetivo de que la absorba, la conozca, la estudie y la use a su favor.<\/p>\n<p>\u201cEl inter\u00e9s por el conocimiento, el inter\u00e9s por la investigaci\u00f3n, el ligar la investigaci\u00f3n de las universidades con la investigaci\u00f3n de las empresas, el que est\u00e9n trabajando conjuntamente\u201d.<\/p>\n<p>Explic\u00f3 que no necesariamente un pa\u00eds tiene que desarrollar toda la tecnolog\u00eda, puede absorber la existente y hacerla masiva, ya que esto podr\u00eda ser un buen elemento para lograr desarrollo.<\/p>\n<p>Acompa\u00f1ado por los ex presidentes de Uruguay, Julio Mar\u00eda Sanguinetti; de Chile, Ricardo Lagos, y de Espa\u00f1a, Felipe Gonz\u00e1lez, el empresario mexicano calific\u00f3 como urgente combatir la inseguridad, trabajar en la reconversi\u00f3n urbana y cambiar el modelo de atenci\u00f3n a la salud ante el aumento de las enfermedades cr\u00f3nicas.<\/p>\n","protected":false},"excerpt":{"rendered":"<p>El empresario mexicano Carlos Slim afirm\u00f3 que la sociedad est\u00e1 harta de que no mejoren las condiciones de vida en la mayor\u00eda de los pa\u00edses de Am\u00e9rica Latina, ante la falta de planeaci\u00f3n y visi\u00f3n de los gobiernos.<\/p>\n","protected":false},"author":3,"featured_media":427883,"comment_status":"open","ping_status":"open","sticky":false,"template":"","format":"standard","meta":{"_monsterinsights_skip_tracking":false,"_monsterinsights_sitenote_active":false,"_monsterinsights_sitenote_note":"","_monsterinsights_sitenote_category":0,"footnotes":""},"categories":[8],"tags":[64,6665,43678],"class_list":["post-427827","post","type-post","status-publish","format-standard","has-post-thumbnail","hentry","category-finanzas","tag-carlos-slim","tag-corrupcion","tag-finanzas"],"_links":{"self":[{"href":"https:\/\/www.diarioimagen.net\/index.php?rest_route=\/wp\/v2\/posts\/427827","targetHints":{"allow":["GET"]}}],"collection":[{"href":"https:\/\/www.diarioimagen.net\/index.php?rest_route=\/wp\/v2\/posts"}],"about":[{"href":"https:\/\/www.diarioimagen.net\/index.php?rest_route=\/wp\/v2\/types\/post"}],"author":[{"embeddable":true,"href":"https:\/\/www.diarioimagen.net\/index.php?rest_route=\/wp\/v2\/users\/3"}],"replies":[{"embeddable":true,"href":"https:\/\/www.diarioimagen.net\/index.php?rest_route=%2Fwp%2Fv2%2Fcomments&post=427827"}],"version-history":[{"count":0,"href":"https:\/\/www.diarioimagen.net\/index.php?rest_route=\/wp\/v2\/posts\/427827\/revisions"}],"wp:featuredmedia":[{"embeddable":true,"href":"https:\/\/www.diarioimagen.net\/index.php?rest_route=\/wp\/v2\/media\/427883"}],"wp:attachment":[{"href":"https:\/\/www.diarioimagen.net\/index.php?rest_route=%2Fwp%2Fv2%2Fmedia&parent=427827"}],"wp:term":[{"taxonomy":"category","embeddable":true,"href":"https:\/\/www.diarioimagen.net\/index.php?rest_route=%2Fwp%2Fv2%2Fcategories&post=427827"},{"taxonomy":"post_tag","embeddable":true,"href":"https:\/\/www.diarioimagen.net\/index.php?rest_route=%2Fwp%2Fv2%2Ftags&post=427827"}],"curies":[{"name":"wp","href":"https:\/\/api.w.org\/{rel}","templated":true}]}}