{"id":428074,"date":"2019-05-20T00:08:07","date_gmt":"2019-05-20T05:08:07","guid":{"rendered":"https:\/\/www.diarioimagen.net\/?p=428074"},"modified":"2019-05-20T04:27:22","modified_gmt":"2019-05-20T09:27:22","slug":"festejan-a-mamas-suteymistas-su-trabajo-fundamental-para-crecimiento-de-naucalpan","status":"publish","type":"post","link":"https:\/\/www.diarioimagen.net\/?p=428074","title":{"rendered":"Festejan a mam\u00e1s suteymistas; su trabajo, fundamental para crecimiento de Naucalpan"},"content":{"rendered":"<p><strong><em>Compromiso de Parra de seguir trabajando<\/em><\/strong><\/p>\n<p>&nbsp;<\/p>\n<div id=\"attachment_428154\" style=\"width: 470px\" class=\"wp-caption aligncenter\"><a href=\"https:\/\/www.diarioimagen.net\/?attachment_id=428154\" rel=\"attachment wp-att-428154\"><img loading=\"lazy\" decoding=\"async\" aria-describedby=\"caption-attachment-428154\" class=\"size-large wp-image-428154\" src=\"https:\/\/www.diarioimagen.net\/wp-content\/uploads\/2019\/05\/NAUCALPAN-20-460x259.jpg\" alt=\"\" width=\"460\" height=\"259\" srcset=\"https:\/\/www.diarioimagen.net\/wp-content\/uploads\/2019\/05\/NAUCALPAN-20-460x259.jpg 460w, https:\/\/www.diarioimagen.net\/wp-content\/uploads\/2019\/05\/NAUCALPAN-20-240x135.jpg 240w, https:\/\/www.diarioimagen.net\/wp-content\/uploads\/2019\/05\/NAUCALPAN-20-235x132.jpg 235w, https:\/\/www.diarioimagen.net\/wp-content\/uploads\/2019\/05\/NAUCALPAN-20-202x114.jpg 202w, https:\/\/www.diarioimagen.net\/wp-content\/uploads\/2019\/05\/NAUCALPAN-20-350x196.jpg 350w, https:\/\/www.diarioimagen.net\/wp-content\/uploads\/2019\/05\/NAUCALPAN-20-220x123.jpg 220w, https:\/\/www.diarioimagen.net\/wp-content\/uploads\/2019\/05\/NAUCALPAN-20-237x132.jpg 237w, https:\/\/www.diarioimagen.net\/wp-content\/uploads\/2019\/05\/NAUCALPAN-20.jpg 480w\" sizes=\"auto, (max-width: 460px) 100vw, 460px\" \/><\/a><p id=\"caption-attachment-428154\" class=\"wp-caption-text\">El secretario general del SUTEyM, Tomas Palomares Parra, reconoci\u00f3 y destac\u00f3 el trabajo de cientos de madres suteymistas.<\/p><\/div>\n<p>&nbsp;<\/p>\n<p><strong>Naucalpan, Estado de M\u00e9xico<\/strong>.- Tom\u00e1s Palomares Parra, secretario general del Sindicato \u00danico de Trabajadores del Estado y sus \u00a0Municipios (SUTEyM), reconoci\u00f3 y destac\u00f3 el trabajo de cientos de madres suteymistas, las cuales aportan diariamente su esfuerzo para el crecimiento de la ciudad.<\/p>\n<p>En el marco del \u201cD\u00eda de la Madre\u201d, el dirigente sindical, manifest\u00f3 el compromiso de seguir trabajando para y por los naucalpenses y esto no podr\u00eda suceder sin la aportaci\u00f3n de las mam\u00e1s agremiadas a ese gremio sindical.<\/p>\n<p>\u201cDesde el inicio de la actual administraque encabeza la presidenta municipal,,,,,,,,, Patricia Dur\u00e1n Reveles, hemos reiterado la disposici\u00f3n de este gremio sindical en diferentes acciones encaminadas a beneficiar a los habitantes de este importante municipio es por ello que quiero agradecer de manera p\u00fablica la aportaci\u00f3n de nuestras compa\u00f1eras a quien hoy festejamos en el marco del d\u00eda de la madre, su trabajo, nos inyecta fortaleza\u201d.<\/p>\n<p>El evento se desarroll\u00f3 en el Parque Naucalli, en donde las mam\u00e1s suteymistas, recibieron cientos de regalos y disfrutaron de bandas y\u00a0 el espect\u00e1culo del actor, cantante y comediante \u00a0Jorge \u201cCoque\u201d Mu\u00f1iz, adem\u00e1s de compartir el pan y la sal y convivir junto a sus familias. Por su parte, y en representaci\u00f3n de la edil, \u00a0Marisela Lourdes Meza, secretaria t\u00e9cnica a la presidencia, agradeci\u00f3 el apoyo que siempre han recibido del sindicato\u00a0 y reconoci\u00f3 \u00a0la entrega \u00a0de las mam\u00e1s suteymistas.<\/p>\n<p>\u201cGracias a ustedes\u201d, Naucalpan est\u00e1 lleno de valores como la felicidad. Ustedes son la mano que mece la cuna; es la mano que al igual, mece al mundo\u201d, les dijo<\/p>\n<p>Cabe se\u00f1alar que a ese gran festejo asistieron s\u00edndicos, regidores funcionarios, as\u00ed como \u00a0David Parra S\u00e1nchez, l\u00edder moral del Suteym y Jes\u00fas Esqueda Tapia, delegado del SUTEyM en el Valle de M\u00e9xico, entre otros.<\/p>\n","protected":false},"excerpt":{"rendered":"<p>Tom\u00e1s Palomares Parra, secretario general del Sindicato \u00danico de Trabajadores del Estado y sus \u00a0Municipios (SUTEyM), reconoci\u00f3 y destac\u00f3 el trabajo de cientos de madres suteymistas, las cuales aportan diariamente su esfuerzo para el crecimiento de la ciudad.<\/p>\n","protected":false},"author":3,"featured_media":428154,"comment_status":"open","ping_status":"open","sticky":false,"template":"","format":"standard","meta":{"_monsterinsights_skip_tracking":false,"_monsterinsights_sitenote_active":false,"_monsterinsights_sitenote_note":"","_monsterinsights_sitenote_category":0,"footnotes":""},"categories":[5],"tags":[2021,43675,970,71387],"class_list":["post-428074","post","type-post","status-publish","format-standard","has-post-thumbnail","hentry","category-estado-de-mexico","tag-crecimiento","tag-estado-de-mexico","tag-naucalpan","tag-suteymistas"],"_links":{"self":[{"href":"https:\/\/www.diarioimagen.net\/index.php?rest_route=\/wp\/v2\/posts\/428074","targetHints":{"allow":["GET"]}}],"collection":[{"href":"https:\/\/www.diarioimagen.net\/index.php?rest_route=\/wp\/v2\/posts"}],"about":[{"href":"https:\/\/www.diarioimagen.net\/index.php?rest_route=\/wp\/v2\/types\/post"}],"author":[{"embeddable":true,"href":"https:\/\/www.diarioimagen.net\/index.php?rest_route=\/wp\/v2\/users\/3"}],"replies":[{"embeddable":true,"href":"https:\/\/www.diarioimagen.net\/index.php?rest_route=%2Fwp%2Fv2%2Fcomments&post=428074"}],"version-history":[{"count":0,"href":"https:\/\/www.diarioimagen.net\/index.php?rest_route=\/wp\/v2\/posts\/428074\/revisions"}],"wp:featuredmedia":[{"embeddable":true,"href":"https:\/\/www.diarioimagen.net\/index.php?rest_route=\/wp\/v2\/media\/428154"}],"wp:attachment":[{"href":"https:\/\/www.diarioimagen.net\/index.php?rest_route=%2Fwp%2Fv2%2Fmedia&parent=428074"}],"wp:term":[{"taxonomy":"category","embeddable":true,"href":"https:\/\/www.diarioimagen.net\/index.php?rest_route=%2Fwp%2Fv2%2Fcategories&post=428074"},{"taxonomy":"post_tag","embeddable":true,"href":"https:\/\/www.diarioimagen.net\/index.php?rest_route=%2Fwp%2Fv2%2Ftags&post=428074"}],"curies":[{"name":"wp","href":"https:\/\/api.w.org\/{rel}","templated":true}]}}