{"id":428080,"date":"2019-05-20T00:06:13","date_gmt":"2019-05-20T05:06:13","guid":{"rendered":"https:\/\/www.diarioimagen.net\/?p=428080"},"modified":"2019-05-20T04:28:11","modified_gmt":"2019-05-20T09:28:11","slug":"parque-industrial-complejo-comercial-y-centro-cultural-para-nicolas-romero","status":"publish","type":"post","link":"https:\/\/www.diarioimagen.net\/?p=428080","title":{"rendered":"Parque industrial, complejo comercial y centro cultural para Nicol\u00e1s Romero"},"content":{"rendered":"<p><a href=\"https:\/\/www.diarioimagen.net\/?attachment_id=428157\" rel=\"attachment wp-att-428157\"><img loading=\"lazy\" decoding=\"async\" class=\"aligncenter size-large wp-image-428157\" src=\"https:\/\/www.diarioimagen.net\/wp-content\/uploads\/2019\/05\/NICOLAS-20-460x259.jpg\" alt=\"\" width=\"460\" height=\"259\" srcset=\"https:\/\/www.diarioimagen.net\/wp-content\/uploads\/2019\/05\/NICOLAS-20-460x259.jpg 460w, https:\/\/www.diarioimagen.net\/wp-content\/uploads\/2019\/05\/NICOLAS-20-240x135.jpg 240w, https:\/\/www.diarioimagen.net\/wp-content\/uploads\/2019\/05\/NICOLAS-20-235x132.jpg 235w, https:\/\/www.diarioimagen.net\/wp-content\/uploads\/2019\/05\/NICOLAS-20-202x114.jpg 202w, https:\/\/www.diarioimagen.net\/wp-content\/uploads\/2019\/05\/NICOLAS-20-350x196.jpg 350w, https:\/\/www.diarioimagen.net\/wp-content\/uploads\/2019\/05\/NICOLAS-20-220x123.jpg 220w, https:\/\/www.diarioimagen.net\/wp-content\/uploads\/2019\/05\/NICOLAS-20-237x132.jpg 237w, https:\/\/www.diarioimagen.net\/wp-content\/uploads\/2019\/05\/NICOLAS-20.jpg 480w\" sizes=\"auto, (max-width: 460px) 100vw, 460px\" \/><\/a><\/p>\n<p>&nbsp;<\/p>\n<p><strong>Nicol\u00e1s Romero, Estado de M\u00e9xico.- <\/strong>Alrededor de 20 mil plazas laborales se generar\u00e1n en este municipio con la construcci\u00f3n de un complejo comercial, un parque industrial y un centro cultural en un predio ubicado en El Progreso, anunci\u00f3 el presidente municipal, Armando Navarrete.<\/p>\n<p>En conferencia de prensa, detall\u00f3 que es fundamental atender el tema del empleo en esta demarcaci\u00f3n, ya que hay una tasa de desocupaci\u00f3n del 40 por ciento de la Poblaci\u00f3n Econ\u00f3micamente Activa.<\/p>\n<p>\u201cNosotros sostenemos que la paz social es resultado de la justicia social, eso implica que la gente tenga empleo, que los j\u00f3venes puedan tener acceso a educaci\u00f3n, a la cultura, al deporte, que en general tengamos acceso a aquello que nos da condiciones de vida digna\u201c, consider\u00f3 el alcalde.<\/p>\n","protected":false},"excerpt":{"rendered":"<p>Alrededor de 20 mil plazas laborales se generar\u00e1n en este municipio con la construcci\u00f3n de un complejo comercial, un parque industrial y un centro cultural en un predio ubicado en El Progreso, anunci\u00f3 el presidente municipal, Armando Navarrete.<\/p>\n","protected":false},"author":3,"featured_media":428157,"comment_status":"open","ping_status":"open","sticky":false,"template":"","format":"standard","meta":{"_monsterinsights_skip_tracking":false,"_monsterinsights_sitenote_active":false,"_monsterinsights_sitenote_note":"","_monsterinsights_sitenote_category":0,"footnotes":""},"categories":[5],"tags":[76703,53396,43675,752],"class_list":["post-428080","post","type-post","status-publish","format-standard","has-post-thumbnail","hentry","category-estado-de-mexico","tag-comercial","tag-complejo","tag-estado-de-mexico","tag-nicolas-romero"],"_links":{"self":[{"href":"https:\/\/www.diarioimagen.net\/index.php?rest_route=\/wp\/v2\/posts\/428080","targetHints":{"allow":["GET"]}}],"collection":[{"href":"https:\/\/www.diarioimagen.net\/index.php?rest_route=\/wp\/v2\/posts"}],"about":[{"href":"https:\/\/www.diarioimagen.net\/index.php?rest_route=\/wp\/v2\/types\/post"}],"author":[{"embeddable":true,"href":"https:\/\/www.diarioimagen.net\/index.php?rest_route=\/wp\/v2\/users\/3"}],"replies":[{"embeddable":true,"href":"https:\/\/www.diarioimagen.net\/index.php?rest_route=%2Fwp%2Fv2%2Fcomments&post=428080"}],"version-history":[{"count":0,"href":"https:\/\/www.diarioimagen.net\/index.php?rest_route=\/wp\/v2\/posts\/428080\/revisions"}],"wp:featuredmedia":[{"embeddable":true,"href":"https:\/\/www.diarioimagen.net\/index.php?rest_route=\/wp\/v2\/media\/428157"}],"wp:attachment":[{"href":"https:\/\/www.diarioimagen.net\/index.php?rest_route=%2Fwp%2Fv2%2Fmedia&parent=428080"}],"wp:term":[{"taxonomy":"category","embeddable":true,"href":"https:\/\/www.diarioimagen.net\/index.php?rest_route=%2Fwp%2Fv2%2Fcategories&post=428080"},{"taxonomy":"post_tag","embeddable":true,"href":"https:\/\/www.diarioimagen.net\/index.php?rest_route=%2Fwp%2Fv2%2Ftags&post=428080"}],"curies":[{"name":"wp","href":"https:\/\/api.w.org\/{rel}","templated":true}]}}