{"id":428106,"date":"2019-05-20T00:05:42","date_gmt":"2019-05-20T05:05:42","guid":{"rendered":"https:\/\/www.diarioimagen.net\/?p=428106"},"modified":"2019-05-20T02:01:02","modified_gmt":"2019-05-20T07:01:02","slug":"inba-y-la-cultura-universal","status":"publish","type":"post","link":"https:\/\/www.diarioimagen.net\/?p=428106","title":{"rendered":"INBA y la cultura universal"},"content":{"rendered":"<h2>Desde el portal<\/h2>\n<h5>\u00c1ngel Soriano<\/h5>\n<p>&nbsp;<\/p>\n<p>En tiempos de inclusi\u00f3n y en contra de la discriminaci\u00f3n, resulta inexplicable que las autoridades culturales del pa\u00eds cierren el acceso del Palacio de Bellas Artes a una de las m\u00faltiples expresiones religiosas del pa\u00eds y \u00e9stas la acepten.<\/p>\n<p>La joya arquitect\u00f3nica no fue construida exclusivamente para Morena y ni en tiempos del PRI o el PAN se neg\u00f3 el uso de las majestuosas instalaciones.<\/p>\n<p>Si el general Porfirio Mu\u00f1oz fue el constructor de tan bella obra, como en su totalidad los palacios del Centro Hist\u00f3rico de la ciudad de M\u00e9xico, ignoramos el por qu\u00e9 no se ha cerrado, as\u00ed como se quitaron las placas donde se publicitaba que la l\u00ednea 2 del metro \u2013de las mejores obras ni como la L\u00ednea 12-, fue construida por el presidente Gustavo D\u00edaz Ordaz.<\/p>\n<p>Resulta muy estrecho el criterio de las autoridades de la IV Transformaci\u00f3n: si son tan celosos en el uso de instalaciones que no fueron construidas por ellos y que existen desde hace un siglo, por qu\u00e9 entonces se niega que una expresi\u00f3n religiosa o ideol\u00f3gica ocupe el Palacio de Bellas Artes.<\/p>\n<p>Es acaso que el gobierno de Morena desea acaparar hasta la religi\u00f3n y satanizar a unos y estimular a otros?<\/p>\n<p>Lamentable y fuera de tiempo el reducir el uso de Bellas Artes de acuerdo a criterios burocr\u00e1ticos o a ineptitud de sus funciones.<\/p>\n<p>Las instalaciones p\u00fablicas deben estar abierta a toda expresi\u00f3n pol\u00edtica, ideol\u00f3gica, religiosa o cultural, pues son expresiones propias de la humanidad, no han sido inventadas de la noche a la ma\u00f1ana ni le disputar\u00e1n el poder a quien ahora lo detenta y desea prolongarlo.<\/p>\n<p>Los mexicanos tenemos derecho al uso y disfrute de nuestro patrimonio nacional, no realizado, afortunadamente, por este ni anteriores gobiernos igual de corruptos.<\/p>\n<p><strong>TURBULENCIAS<br \/>\nM\u00e9xico, territorio pluricultural<\/strong><\/p>\n<p>El director de la ENBIO, Enrique Francisco Antonio, durante el encuentro de Escuelas Normales Bilingues realizado en Tlacochaguaya, Oaxaca, se\u00f1al\u00f3 que M\u00e9xico es un territorio pluricultural y ling\u00fc\u00edsticamente diverso, por lo que se requiere formar profesionales en educaci\u00f3n con un alto grado de sentido de pertenencia social e intercultural y valoraci\u00f3n de su identidad.<\/p>\n<p>Propuso tambi\u00e9n la creaci\u00f3n de un Centro de Investigaci\u00f3n para la formaci\u00f3n de docentes y la titular de la Unidad de Educaci\u00f3n Normal y Formaci\u00f3n de Docentes del IEEPO, en nombre del Director General Francisco \u00c1ngel Villarreal, indic\u00f3 que este encuentro representa la oportunidad de ser parte de un cambio trascendental, construir una escuela normal p\u00fablica que no se limite a la formaci\u00f3n de docentes convencionales y dar a la comunidad normalista voz propia\u2026<\/p>\n<p>Anoche se daba como un hecho que el triunfador del debate entre candidatos al gobierno de Puebla ser\u00eda el morenista Miguel Barbosa Huerta, que lleva amplia ventaja sobre sus adversarios, aunque el pri\u00edsta Alberto Jim\u00e9nez Merino puede alcanzar o rebasar a Enrique C\u00e1rdenas, del PAN-PRD-MC, que ocupa el segundo lugar\u2026\u201dLas autoridades de la Universidad Aut\u00f3noma del Estado de M\u00e9xico estamos abiertas y con plena disposici\u00f3n para construir, en conjunto con la Legislatura mexiquense, una reforma a la Ley Universitaria que nos permita actualizar, democratizar y transparentar nuestros procedimientos internos para consolidar nuestro desarrollo como instituci\u00f3n l\u00edder en materia de educaci\u00f3n media superior y superior, investigaci\u00f3n y difusi\u00f3n cultural en el Estado de M\u00e9xico\u201d dijo el rector de la UAEM, Alfredo Barrera Baca, luego de reunirse con una comisi\u00f3n representativa de diputados de Morena en la LX Legislatura de la C\u00e1mara de Diputados local, para explicar las razones y los alcances de la propuesta institucional de reforma a la Ley de la UAEM e indic\u00f3 existe plena coincidencia con la postura que algunos de los diputados mexiquenses han expresado para cotejar las dos iniciativas de reforma a la Ley de la UAEM que se encuentran en la C\u00e1mara, extraer de ambas lo que m\u00e1s convenga al desarrollo de la instituci\u00f3n, a las necesidades de la comunidad universitaria y al beneficio de la sociedad mexiquense\u2026<\/p>\n<p><em><a href=\"mailto:asorianocarrasco@yahoo.com\" target=\"_blank\" rel=\"noopener noreferrer\">asorianocarrasco@yahoo.com<\/a><br \/>\n<a href=\"https:\/\/twitter.com\/brecharevista\" target=\"_blank\" rel=\"noopener noreferrer\">@BrechaRevista<\/a><a href=\"mailto:asorianocarrasco@yahoo.com\" target=\"_blank\" rel=\"noopener noreferrer\"><br \/>\n<\/a><a href=\"https:\/\/revistabrecha.com\" target=\"_blank\" rel=\"noopener noreferrer\">www.revistabrecha.com<\/a><\/em><\/p>\n","protected":false},"excerpt":{"rendered":"<p><span style=\"color: #005497;\"><strong>\u00c1ngel Soriano<\/strong><\/span><\/p>\n","protected":false},"author":3,"featured_media":0,"comment_status":"open","ping_status":"open","sticky":false,"template":"","format":"standard","meta":{"_monsterinsights_skip_tracking":false,"_monsterinsights_sitenote_active":false,"_monsterinsights_sitenote_note":"","_monsterinsights_sitenote_category":0,"footnotes":""},"categories":[135],"tags":[85,86,43674],"class_list":["post-428106","post","type-post","status-publish","format-standard","hentry","category-angel-soriano-opinion","tag-angel-soriano","tag-desde-el-portal","tag-opinion"],"_links":{"self":[{"href":"https:\/\/www.diarioimagen.net\/index.php?rest_route=\/wp\/v2\/posts\/428106","targetHints":{"allow":["GET"]}}],"collection":[{"href":"https:\/\/www.diarioimagen.net\/index.php?rest_route=\/wp\/v2\/posts"}],"about":[{"href":"https:\/\/www.diarioimagen.net\/index.php?rest_route=\/wp\/v2\/types\/post"}],"author":[{"embeddable":true,"href":"https:\/\/www.diarioimagen.net\/index.php?rest_route=\/wp\/v2\/users\/3"}],"replies":[{"embeddable":true,"href":"https:\/\/www.diarioimagen.net\/index.php?rest_route=%2Fwp%2Fv2%2Fcomments&post=428106"}],"version-history":[{"count":0,"href":"https:\/\/www.diarioimagen.net\/index.php?rest_route=\/wp\/v2\/posts\/428106\/revisions"}],"wp:attachment":[{"href":"https:\/\/www.diarioimagen.net\/index.php?rest_route=%2Fwp%2Fv2%2Fmedia&parent=428106"}],"wp:term":[{"taxonomy":"category","embeddable":true,"href":"https:\/\/www.diarioimagen.net\/index.php?rest_route=%2Fwp%2Fv2%2Fcategories&post=428106"},{"taxonomy":"post_tag","embeddable":true,"href":"https:\/\/www.diarioimagen.net\/index.php?rest_route=%2Fwp%2Fv2%2Ftags&post=428106"}],"curies":[{"name":"wp","href":"https:\/\/api.w.org\/{rel}","templated":true}]}}