{"id":428118,"date":"2019-05-20T00:08:16","date_gmt":"2019-05-20T05:08:16","guid":{"rendered":"https:\/\/www.diarioimagen.net\/?p=428118"},"modified":"2019-05-20T02:09:08","modified_gmt":"2019-05-20T07:09:08","slug":"elecciones-un-buen-pretexto-para-el-turismo","status":"publish","type":"post","link":"https:\/\/www.diarioimagen.net\/?p=428118","title":{"rendered":"Elecciones, un buen pretexto para el \u201cturismo\u201d"},"content":{"rendered":"<h2>Clase Pol\u00edtica<\/h2>\n<h5>Miguel \u00c1ngel Rivera<\/h5>\n<p>&nbsp;<\/p>\n<p>&nbsp;<\/p>\n<p>Ante los nulos resultados de las comisiones especiales y de los grupos de trabajo creados por las c\u00e1maras de Diputados y Senadores, en medios legislativos se comenta en tono de broma, que es la mejor forma para evitar que se solucione alg\u00fan problema.<\/p>\n<p>Esta guasa tom\u00f3 actualidad, luego de que la Comisi\u00f3n Permanente del Congreso de la Uni\u00f3n acord\u00f3 crear un grupo de trabajo para dar seguimiento a los procesos electorales que se llevar\u00e1n a cabo este a\u00f1o en Aguascalientes, Baja California, Durango, Quintana Roo y Tamaulipas, as\u00ed como la elecci\u00f3n extraordinaria en Puebla.<\/p>\n<p>El grupo de trabajo lo integran 14 legisladores: cinco de Morena; dos del Partido Acci\u00f3n Nacional (PAN); dos del Revolucionario Institucional (PRI), y un integrante por cada una de las fracciones de Movimiento Ciudadano, Partido del Trabajo (PT); de la Revoluci\u00f3n Democr\u00e1tica (PRD), Verde Ecologista de M\u00e9xico (PVEM) y Encuentro Social.<\/p>\n<p>Como sucede en cualquier elecci\u00f3n constitucional, sea federal o local, y conforme a lo que disponen la Constituci\u00f3n y Ley General de Instituciones y Procedimientos Electorales, los responsables de cuidar el adecuado desarrollo de las votaciones, son los ciudadanos convertidos en ese momento en autoridades electorales y que est\u00e1n a cargo de las numerosas casillas que se instalar\u00e1n en cada entidad federativa.<\/p>\n<p>Pero como el sistema pol\u00edtico-electoral de M\u00e9xico est\u00e1 construido en torno a la desconfianza, los partidos pol\u00edticos y los candidatos pueden nombrar a sus representantes para cada casilla y para cada instancia del proceso electoral.<\/p>\n<p>Y, por si eso no fuera suficiente, las mismas normas electorales establecen el sistema de \u201cobservadores electorales\u201d, presumiblemente personas que no tienen filiaci\u00f3n partidaria y que representan a la \u201csociedad civil\u201d.<\/p>\n<p>Adicionalmente se supone que en caso de presentarse situaciones que constituyan violaciones a la ley, est\u00e1 la vigilancia a cargo de la Fiscal\u00eda Especializada para la Atenci\u00f3n de Delitos Electorales (Fepade), ahora dependiente de la Fiscal\u00eda General de la Rep\u00fablica. Eventualmente, ese organismo deben consignar ante un juez a los delincuentes electorales.<\/p>\n<p>Ante ese c\u00famulo de instancias para asegurar la legalidad electoral, parece excesivo que el Congreso \u2013esta vez por conducto de su Comisi\u00f3n Permanente\u2013 decida integrar un organismo m\u00e1s para vigilar el adecuado desarrollo de los comicios.<\/p>\n<p>Salvo casos excepcionales, los senadores y diputados son militantes de alg\u00fan partido pol\u00edtico. Entonces, tienen a la mano el recurso de ser nombrados representantes de su partido o de alguno de sus candidatos.<\/p>\n<p>Ni diputados ni senadores tendr\u00e1n una funci\u00f3n de autoridad en el proceso electoral. A lo m\u00e1s que pueden aspirar es a ser testigos en caso de denuncias ante los referidos organismos responsables de perseguir los delitos o, simplemente, ir a la tribuna, ya sea de la Permanente o de alguna de sus c\u00e1maras para convertir esos casos en asuntos pol\u00edticos.<\/p>\n<p>Ante eso, la \u00fanica explicaci\u00f3n posible es que la integraci\u00f3n del referido \u201cgrupo de trabajo\u201d es s\u00f3lo un recurso para disfrazar el \u201cturismo electoral\u201d y eso que estamos inmersos en una fase de \u201causteridad\u201d.<\/p>\n<p style=\"text-align: center;\"><strong>La Cosecha<\/strong><\/p>\n<p>S\u00f3lo a modo de recordatorio, cabe mencionar que seg\u00fan datos del Instituto Nacional Electoral (INE), el pr\u00f3ximo 2 de junio, en Aguascalientes habr\u00e1 comicios en 11 ayuntamientos; en Baja California se compite por la gubernatura, 17 diputaciones de mayor\u00eda relativa, ocho diputaciones de representaci\u00f3n proporcional y cinco ayuntamientos.<\/p>\n<p>En Durango, la contienda electoral ser\u00e1 por 39 ayuntamientos; en Quintana Roo por 15 diputados de mayor\u00eda relativa y 10 de representaci\u00f3n proporcional; en Tamaulipas se elige a 22 diputados de mayor\u00eda relativa y 14 de representaci\u00f3n proporcional y en Puebla se elegir\u00e1 gobernador y cinco ayuntamientos, en municipios donde el Tribunal Electoral anul\u00f3 los anteriores comicios.<\/p>\n<p>Superada la etapa cr\u00edtica de contaminaci\u00f3n ambiental, la Secretar\u00eda de Educaci\u00f3n P\u00fablica (SEP) inform\u00f3 que a partir de hoy lunes 20 de mayo se reanudan las clases en las escuelas p\u00fablicas y privadas de educaci\u00f3n b\u00e1sica y media superior. Lo mismo ocurrir\u00e1 en instituciones de educaci\u00f3n superior como la UNAM, la UAM y el IPN.<\/p>\n<p>Aunque en este caso no es necesario alcanzar una mayor\u00eda calificada, el presidente de la Junta de Coordinaci\u00f3n Pol\u00edtica (Jucopo) y coordinador de la bancada de Morena en el Senado, Ricardo Monreal, manifest\u00f3 que ya casi se logr\u00f3 el consenso para que todos los grupos parlamentarios respalden las leyes reglamentarias de la reci\u00e9n creada Guardia Nacional (GN).<\/p>\n<p>Monreal \u00c1vila reconoci\u00f3 que existe una evidente crisis de seguridad y violencia en el pa\u00eds, por lo cual se busca aprobar las cuatro leyes reglamentarias de la Guardia Nacional con el consenso de todas las fuerzas parlamentarias.<\/p>\n<p>El presidente de la Jucopo precis\u00f3 que en este caso se trata de las leyes del Uso de la Fuerza, del Registro de Detenciones, de Modificaciones a la de Seguridad P\u00fablica y la Org\u00e1nica de Seguridad P\u00fablica, las cuales se prev\u00e9 que sean votadas en la sesi\u00f3n extraordinaria programada para ma\u00f1ana, martes. A su vez, el coordinador de los diputados de Morena y presidente de la Junta de Coordinaci\u00f3n Pol\u00edtica de esa c\u00e1mara, Mario Delgado, plante\u00f3 la posibilidad de celebrar, esta misma semana, un periodo extraordinario para aprobar las referidas leyes secundarias de la Guardia Nacional, as\u00ed como la reforma constitucional en materia de paridad de g\u00e9nero, previamente aprobada por el Senado.<\/p>\n<p>Adem\u00e1s, el coordinador de Morena, confirm\u00f3 que a su grupo parlamentario tambi\u00e9n le interesa convocar a otros dos periodos de sesiones extraordinarias. Uno, la \u00faltima semana de junio, para discutir el Plan Nacional de Desarrollo, y otro m\u00e1s en la segunda quincena de julio, donde se aborden las leyes secundarias de la reforma en materia educativa.<\/p>\n<p>En los primeros seis meses del actual gobierno ya llevamos m\u00e1s 15 mil homicidios, y en lo econ\u00f3mico, el arranque de sexenio es el peor en los \u00faltimos cuatro, destac\u00f3 el presidente del PAN, Marko Cort\u00e9s Mendoza, en la que ya se ha convertido en su semanal balance de los realizado por la administraci\u00f3n del presidente Andr\u00e9s Manuel L\u00f3pez Obrador.<\/p>\n<p>El dirigente panista sostuvo que \u201cal gobierno federal se le acabaron los pretextos, despu\u00e9s de seis meses ya no basta echar culpas ni ofrecer condolencias, se deben dar resultados concretos\u201d.<\/p>\n<p>En consecuencia, el presidente del PAN exigi\u00f3 al Ejecutivo federal dejar de actuar como si estuviera en campa\u00f1a, entregando apoyos para hacer clientelas dependientes.<\/p>\n<p>En flagrante violaci\u00f3n a la ley electoral, se han entregado miles de tarjetas con apoyos econ\u00f3micos, con la clara intenci\u00f3n de favorecer a los candidatos de Morena, especialmente en los estados de Aguascalientes, Baja California, Durango, Quintana Roo, Puebla y Tamaulipas, a\u00f1adi\u00f3 Cort\u00e9s mediante comunicado.<\/p>\n<p>La dirigente nacional del PRI, Claudia Ruiz Massieu, estuvo el fin de semana en Durango y Baja California, en respaldo de los candidatos de su partido.<\/p>\n<p>En las dos entidades convoc\u00f3 a sus militantes a reimpulsar al PRI como un instituto pol\u00edtico capaz de responder a las demandas ciudadanas, con una agenda de gobierno y legislativa para elevar el nivel de vida de todos.<\/p>\n<p>Por otra parte, la dirigencia del tricolor se deslind\u00f3 de las acusaciones al ex gobernador de Nayarit, Roberto Sandoval, procedentes de los Estados Unidos por supuestos v\u00ednculos con el narcotr\u00e1fico.<\/p>\n<p>El PRI manifest\u00f3 que las imputaciones deben investigarse y resolverse conforme a derecho por las autoridades correspondientes, y se\u00f1al\u00f3 que cada individuo es responsable de sus conductas y actuaciones y, por tanto, debe hacerse cargo de ellas y de sus consecuencias.<\/p>\n<p>El Consejo de la Judicatura Federal dio a conocer que el magistrado Isidro Avelar Guti\u00e9rrez, fue suspendido seis meses, sin goce de sueldo, luego de ser se\u00f1alado por el gobierno de Estados Unidos por su presunta relaci\u00f3n con el C\u00e1rtel Jalisco Nueva Generaci\u00f3n (CJNG).<\/p>\n<p>El CJF explic\u00f3 que la suspensi\u00f3n tambi\u00e9n es consecuencia de que se encontraron indicios de una serie de operaciones dentro del Sistema Financiero Nacional, que permiten suponer que Avelar Guti\u00e9rrez \u201cpueda estar obteniendo parte de su patrimonio por medio de operaciones con recursos de procedencia il\u00edcita\u201d.<\/p>\n<p><a href=\"mailto:riverapaz@infinitummail.com\" target=\"_blank\" rel=\"noopener noreferrer\"><em>riverapaz@infinitummail.com<\/em><\/a><\/p>\n","protected":false},"excerpt":{"rendered":"<p><span style=\"color: #005497;\"><strong>Miguel \u00c1ngel Rivera<\/strong><\/span><\/p>\n","protected":false},"author":3,"featured_media":0,"comment_status":"open","ping_status":"open","sticky":false,"template":"","format":"standard","meta":{"_monsterinsights_skip_tracking":false,"_monsterinsights_sitenote_active":false,"_monsterinsights_sitenote_note":"","_monsterinsights_sitenote_category":0,"footnotes":""},"categories":[84119],"tags":[84120,84121,43674],"class_list":["post-428118","post","type-post","status-publish","format-standard","hentry","category-miguel-angel-rivera","tag-clase-politica","tag-miguel-angel-rivera","tag-opinion"],"_links":{"self":[{"href":"https:\/\/www.diarioimagen.net\/index.php?rest_route=\/wp\/v2\/posts\/428118","targetHints":{"allow":["GET"]}}],"collection":[{"href":"https:\/\/www.diarioimagen.net\/index.php?rest_route=\/wp\/v2\/posts"}],"about":[{"href":"https:\/\/www.diarioimagen.net\/index.php?rest_route=\/wp\/v2\/types\/post"}],"author":[{"embeddable":true,"href":"https:\/\/www.diarioimagen.net\/index.php?rest_route=\/wp\/v2\/users\/3"}],"replies":[{"embeddable":true,"href":"https:\/\/www.diarioimagen.net\/index.php?rest_route=%2Fwp%2Fv2%2Fcomments&post=428118"}],"version-history":[{"count":0,"href":"https:\/\/www.diarioimagen.net\/index.php?rest_route=\/wp\/v2\/posts\/428118\/revisions"}],"wp:attachment":[{"href":"https:\/\/www.diarioimagen.net\/index.php?rest_route=%2Fwp%2Fv2%2Fmedia&parent=428118"}],"wp:term":[{"taxonomy":"category","embeddable":true,"href":"https:\/\/www.diarioimagen.net\/index.php?rest_route=%2Fwp%2Fv2%2Fcategories&post=428118"},{"taxonomy":"post_tag","embeddable":true,"href":"https:\/\/www.diarioimagen.net\/index.php?rest_route=%2Fwp%2Fv2%2Ftags&post=428118"}],"curies":[{"name":"wp","href":"https:\/\/api.w.org\/{rel}","templated":true}]}}