{"id":428123,"date":"2019-05-20T00:10:55","date_gmt":"2019-05-20T05:10:55","guid":{"rendered":"https:\/\/www.diarioimagen.net\/?p=428123"},"modified":"2019-05-20T05:55:58","modified_gmt":"2019-05-20T10:55:58","slug":"pronto-carlos-slim-y-carlos-salinas-de-gortari-tendran-que-rendir-cuentas","status":"publish","type":"post","link":"https:\/\/www.diarioimagen.net\/?p=428123","title":{"rendered":"Pronto, Carlos Slim y Carlos Salinas de Gortari tendr\u00e1n que rendir cuentas"},"content":{"rendered":"<h2>\u00cdndice pol\u00edtico<\/h2>\n<h5>Francisco Rodr\u00edguez<\/h5>\n<p>&nbsp;<\/p>\n<div id=\"attachment_428177\" style=\"width: 470px\" class=\"wp-caption aligncenter\"><a href=\"https:\/\/www.diarioimagen.net\/?attachment_id=428177\" rel=\"attachment wp-att-428177\"><img loading=\"lazy\" decoding=\"async\" aria-describedby=\"caption-attachment-428177\" class=\"size-large wp-image-428177\" src=\"https:\/\/www.diarioimagen.net\/wp-content\/uploads\/2019\/05\/camajan-airlines-MARAL-460x337.jpg\" alt=\"\" width=\"460\" height=\"337\" srcset=\"https:\/\/www.diarioimagen.net\/wp-content\/uploads\/2019\/05\/camajan-airlines-MARAL-460x337.jpg 460w, https:\/\/www.diarioimagen.net\/wp-content\/uploads\/2019\/05\/camajan-airlines-MARAL-240x176.jpg 240w, https:\/\/www.diarioimagen.net\/wp-content\/uploads\/2019\/05\/camajan-airlines-MARAL-768x562.jpg 768w, https:\/\/www.diarioimagen.net\/wp-content\/uploads\/2019\/05\/camajan-airlines-MARAL-90x65.jpg 90w, https:\/\/www.diarioimagen.net\/wp-content\/uploads\/2019\/05\/camajan-airlines-MARAL.jpg 1200w\" sizes=\"auto, (max-width: 460px) 100vw, 460px\" \/><\/a><p id=\"caption-attachment-428177\" class=\"wp-caption-text\">Camaj\u00e1n airlines&#8230; | Maral<\/p><\/div>\n<p>&nbsp;<\/p>\n<p>Tuvo que ordenar L\u00e1zaro C\u00e1rdenas que los comerciantes e industriales se organizaran para hacerlos de inmediato interlocutores del poder. Les confiri\u00f3 una facultad que nunca hab\u00edan tenido y que nunca supieron usar por andar pensando en sus intereses personales, antes que en el bienestar colectivo.<\/p>\n<p>Siempre creyeron que esa concesi\u00f3n la hab\u00edan peleado y obtenido en contra de la voluntad del poder. No. Como todo su historial, la interlocuci\u00f3n fue producto de una obra graciosa del Presidente, porque quiz\u00e1 le dieron cuitas que pensaran que los iba a arrollar.<\/p>\n<p>En tiempos de Adolfo L\u00f3pez Mateos, los agregados en Coparmex se aventaron el tiro de publicar a ocho columnas una pregunta que sacud\u00eda el sistema, el que se hab\u00eda declarado en favor de la Revoluci\u00f3n de los barbudos de Sierra Maestra. \u201c\u00bf Por cu\u00e1l camino, se\u00f1or Presidente?\u201d, titularon a su bolet\u00edn generosamente pagado en los diarios de alcurnia.<\/p>\n<p>L\u00f3pez Mateos tuvo que contestar que \u00e9l era de izquierda, pero dentro de la Constituci\u00f3n. Cr\u00edticos ilustrados como el gran Renato Leduc, un verdadero genio de los adjetivos y las definiciones de la condici\u00f3n humana, le puso \u201cla izquierda atinada\u201d y se resolvi\u00f3 el problema con los\u00a0<em>ricardos<\/em>\u00a0de aqu\u00e9l entonces.<\/p>\n<p>M\u00e9xico super\u00f3 los problemas que supon\u00eda la geograf\u00eda de las tendencias, los \u00e1ngulos de izquierda y derecha que hab\u00edan causado demasiados conflictos. La llegada de los\u00a0<em>gorilas<\/em>\u00a0de Chalchicomula atiz\u00f3 el gallinero, masacrando las ideolog\u00edas, matando a los defensores de los pensamientos de avanzada, a los creadores en \u201868 de un nuevo pa\u00eds. El parteaguas de la modernidad. Cost\u00f3 demasiada sangre.<\/p>\n<p>Pero las ideas de los contestatarios del \u201868 prendieron en las libertades civiles, en la capilaridad social, en un nuevo enfoque para ver la pol\u00edtica, hasta que el anciano r\u00e9gimen fue derrotado en toda la l\u00ednea, por los mismos que hab\u00edan sufrido las masacres.<\/p>\n<p>Los capitostes continuaron siendo los consentidos de la\u00a0<em>revolufia<\/em>. A ellos se les entreg\u00f3 todo. El pastel de los permisos, concesiones, exenciones, prebendas, privilegios y tratos extralegales se reparti\u00f3 s\u00f3lo entre ellos. D\u00e9cada de supuesto crecimiento nacional orl\u00f3 sus sienes. Se les premi\u00f3 hasta la indignidad.<\/p>\n<p>Carlos Slim, uno de los m\u00e1s grandes millonarios en d\u00f3lares del mundo recibi\u00f3 la mayor parte. Salinas de Gortari se encarg\u00f3 de forrarlo de concesiones y empresas estatales a precio de regalo. Telmex, la base de su fortuna mal habida naci\u00f3 de un compromiso espurio, al margen de todas las leyes, contra los intereses supremos de la Naci\u00f3n.<\/p>\n<p>Y de ah\u00ed para adelante. Se le regal\u00f3 la Bolsa tenochca de Valores y desde ah\u00ed se convirti\u00f3 en el Savonarola de los favoritos. Todos los rateros del sistema pasaban por ah\u00ed para ser premiados con acciones que en el extranjero eran manipuladas al servicio de los defraudadores.<\/p>\n<p>Era y es un Rey Midas mexicano. Todo lo que toca lo convierte en bonita. El es el culpable de las mayores tragedias laborales, industriales y comerciales del pa\u00eds. El imprescindible en las p\u00e1ginas de papel cuch\u00e9 ofrecidas por los servidores nefastos del sistema. Los due\u00f1os de los medios, todos, se arrodillan ante \u00e9l.<\/p>\n<p>Aunque sepan que fue quien regal\u00f3 los ahorros de los obreros, utilizados en el frustrado mega-aeropuerto fara\u00f3nico de Texcoco a bufetes de abogados gabachos que todav\u00eda siguen insistiendo en que la aventura fue riesgosa y necesitan exprimir m\u00e1s todas nuestras tripas. Nada de eso importa. Hay que vanagloriar a Slim.<\/p>\n<p>Slim es el mayor concesionario de bienes nacionales, patrimonio com\u00fan de todos los mexicanos. Sus delitos y complicidades en contra del inter\u00e9s p\u00fablico son tan graves que jam\u00e1s prescriben. Aunque los fiscales de la Rep\u00fablica hagan que la Virgen les habla.<\/p>\n<p>La Naci\u00f3n tendr\u00e1 en todo tiempo la facultad de imponerle a sus propiedades las modalidades que dicte para lo que a su derecho convenga. As\u00ed dice la Constituci\u00f3n desde hace m\u00e1s de cien a\u00f1os, aunque los entreguistas que han usado la banda presidencial\u00a0\u00a0hayan fingido demencia.<\/p>\n<p>Slim siempre tendr\u00e1 la cabeza en la picota. Aunque \u00e9l no lo quiera aceptar, y aunque se desempe\u00f1e como un pr\u00f3cer de petate. Ya llegar\u00e1 el momento en que deba rendir cuentas a la Naci\u00f3n. Ahora o un poco despu\u00e9s. Eso no tiene remedio alguno. Es de explorado derecho. Es de reclamo p\u00fablico.<\/p>\n<p>Carlos Slim sigue utilizando todos los medios de comunicaci\u00f3n a su servicio para enlodar las potestades jur\u00eddicas del r\u00e9gimen. As\u00ed lo ha hecho el rey de la impunidad y de la inmunidad. Hasta que la fiesta acabe.<\/p>\n<p>Se acaba de aventar la puntada de declarar \u2014con bolet\u00edn pagado\u2014 que el gobierno no sabe c\u00f3mo dirigir el cambio social. Como si \u00e9l fuera el palad\u00edn del desarrollo. No se da cuenta que toda su fortuna es de prestado, que todos sus logros son de cart\u00f3n. Que casi nada ha tenido que ver, s\u00f3lo ser el favorito del sistema.<\/p>\n<p>No sabe o no le han dicho que, por primera vez en muchos a\u00f1os, la sociedad goza de un nuevo r\u00e9gimen abierto a todas las posibilidades para llevar a cabo los programas sociales. No sabe que \u00e9l es el primer deudor de exenciones fiscales que rayan en la esquizofrenia y que el pueblo tiene derecho a la devoluci\u00f3n de lo sustra\u00eddo.<\/p>\n<p>La gente reclama por primera vez justicia. Y eso nadie se lo puede negar. Es una de las facultades primigenias de la soberan\u00eda, del poder que radica en su voluntad, exclusivamente en su voluntad.<\/p>\n<p>Tiene el morro de situarse por encima de la Constituci\u00f3n y de todas las leyes para seguir exaccionando al pa\u00eds. Nadie se le ha puesto enfrente para hacerle pagar sus desmanes y excesos, conseguidos al costo del hambre y la desesperaci\u00f3n nacional. Cree que el pueblo no tiene memoria ni archivo. Est\u00e1 equivocado en toda la l\u00ednea.<\/p>\n<p>La fortuna mal habida de Carlos Slim, aunque se cuente en miles de millones de d\u00f3lares y est\u00e9 respaldada por la influencia menguante de Carlos Salinas de Gortari, es m\u00e1s fr\u00e1gil que un barco de papel. Depende de la voluntad del pueblo, de la necesidad popular, de la voz jur\u00eddica de la Naci\u00f3n.<\/p>\n<p>Y aunque ninguno de los dos c\u00f3mplices lo crea, el Estado mexicano es m\u00e1s fuerte que todos nosotros juntos. Cuando se decida a actuar deber\u00e1n caer las cabezas m\u00e1s desprestigiadas y requeridas por el pulso p\u00fablico. \u00bfNo cree usted?<\/p>\n<p>&nbsp;<\/p>\n<p><strong><em>\u00cdndice Flam\u00edgero<\/em><\/strong><em>: <\/em>En la columna\u00a0<strong><u>Balconeando<\/u><\/strong>\u00a0se ha dicho en repetidas ocasiones que Carlos Salinas de Gortari us\u00f3 a Carlos Slim para que, junto con la Fundaci\u00f3n de los Clinton, compraran impunidad para Emiliano Salinas Occelli en el asqueroso caso de la secta NXIVM \u2014trata de blancas, esclavitud, pornograf\u00eda infantil y otras linduras\u2014, cuyo juicio se lleva a cabo en Brooklyn. Pues bien, este \u00faltimo viernes hubo un giro inesperado cuando la fiscal del caso, Moira Kim Penza, identific\u00f3 a\u00a0<strong>Emiliano Salinas, hijo del ex presidente de M\u00e9xico,\u00a0<\/strong>como presunto c\u00f3mplice de Keith Raniere, el jefe de la secta.\u00a0Salinas a\u00fan no afronta cargos criminales en Estados Unidos<strong>.\u00a0<\/strong>Hasta ahora hab\u00eda sido citado como uno de los mejores amigos de Raniere y con quien se asoci\u00f3 para el establecimiento de sus centros de aprendizaje en M\u00e9xico. En el sistema judicial de Estados Unidos, empero, una persona puede ser identificada como c\u00f3mplice sin haber sido acusada.\u00a0+ + + Escribe don Miguel Ram\u00edrez: \u201cIndependientemente del nombre que le demos al momento extraordinario que estamos viviendo en M\u00e9xico, no queda duda de que los cambios que el gobierno de AMLO ha hecho, y los que vendr\u00e1n m\u00e1s adelante, marcar\u00e1n un antes y un despu\u00e9s en la historia de nuestro pa\u00eds. Son cambios reales, profundos, no maquillados ni\u00a0<em>gatopardescos<\/em>, o sin trascendencia como algunos de los del sexenio anterior, que fueron simplemente cambios de nombre: al IFE se le llama INE, a las procuradur\u00edas se les dice fiscal\u00edas y a los expedientes se les nombra carpetas. La importancia de estos cambios ha ocasionado inconformidad entre algunos que ya se ven afectados por ellos. Las OSC u ONG, como se les quiera llamar, son algunos de los perjudicados. Al recibir financiamiento del gobierno, a pesar de que quieren aparentar autonom\u00eda, se ocasionan infinidad de colados entre sus filas. Nada m\u00e1s de recordar que aqu\u00ed se encuentra la ONG \u2018Alto al secuestro\u2019, que pertenece a la tenebrosa se\u00f1ora Wallace, de inmediato surgen dudas acerca de su honestidad, por lo que el gobierno debe hacer una depuraci\u00f3n en la lista de estos organismos y continuar ayudando a los que verdaderamente cumplen con su misi\u00f3n eliminando a los que \u00fanicamente buscan el beneficio personal de quienes los dirigen. Tambi\u00e9n los medios de comunicaci\u00f3n ya est\u00e1n padeciendo las medidas de L\u00f3pez Obrador. Algunos periodistas sienten tal fobia en contra del tabasque\u00f1o, gratuita o por encargo, que incurren en errores que resultan risibles. AMLO subi\u00f3 en sus redes una foto de la reuni\u00f3n que tuvo con el actor Richard Gere. De inmediato, Denise Dresser, una de sus cr\u00edticas enfermizas que no desaprovecha ninguna oportunidad para tratar de golpearlo, lo enjuici\u00f3 duramente por haber recibido a&#8230; Gerardo Ruiz Esparza. Denise es de las que primero critican y luego averiguan. Igual est\u00e1n sus dem\u00e1s compa\u00f1eros que juegan en el mismo equipo.\u201d<\/p>\n<p><em><u><a href=\"http:\/\/www.indicepolitico.com\" target=\"_blank\" rel=\"noopener noreferrer\">www.indicepolitico.com<\/a><br \/>\n<a href=\"mailto:pacorodriguez@journalist.com\" target=\"_blank\" rel=\"noopener noreferrer\">pacorodriguez@journalist.com<\/a><br \/>\n<a href=\"https:\/\/twitter.com\/pacorodriguez\" target=\"_blank\" rel=\"noopener noreferrer\">@pacorodriguez<\/a><\/u><\/em><\/p>\n","protected":false},"excerpt":{"rendered":"<p><span style=\"color: #005497;\"><strong>Francisco Rodr\u00edguez<\/strong><\/span><br \/>\n<br \/>\nTuvo que ordenar L\u00e1zaro C\u00e1rdenas que los comerciantes e industriales se organizaran para hacerlos de inmediato interlocutores del poder. Les confiri\u00f3 una facultad que nunca hab\u00edan tenido y que nunca supieron usar por andar pensando en sus intereses personales, antes que en el bienestar colectivo.<\/p>\n","protected":false},"author":3,"featured_media":428177,"comment_status":"open","ping_status":"open","sticky":false,"template":"","format":"standard","meta":{"_monsterinsights_skip_tracking":false,"_monsterinsights_sitenote_active":false,"_monsterinsights_sitenote_note":"","_monsterinsights_sitenote_category":0,"footnotes":""},"categories":[549],"tags":[43689,550,43674],"class_list":["post-428123","post","type-post","status-publish","format-standard","has-post-thumbnail","hentry","category-francisco-rodriguez","tag-francisco-rodriguez","tag-indice-politico","tag-opinion"],"_links":{"self":[{"href":"https:\/\/www.diarioimagen.net\/index.php?rest_route=\/wp\/v2\/posts\/428123","targetHints":{"allow":["GET"]}}],"collection":[{"href":"https:\/\/www.diarioimagen.net\/index.php?rest_route=\/wp\/v2\/posts"}],"about":[{"href":"https:\/\/www.diarioimagen.net\/index.php?rest_route=\/wp\/v2\/types\/post"}],"author":[{"embeddable":true,"href":"https:\/\/www.diarioimagen.net\/index.php?rest_route=\/wp\/v2\/users\/3"}],"replies":[{"embeddable":true,"href":"https:\/\/www.diarioimagen.net\/index.php?rest_route=%2Fwp%2Fv2%2Fcomments&post=428123"}],"version-history":[{"count":0,"href":"https:\/\/www.diarioimagen.net\/index.php?rest_route=\/wp\/v2\/posts\/428123\/revisions"}],"wp:featuredmedia":[{"embeddable":true,"href":"https:\/\/www.diarioimagen.net\/index.php?rest_route=\/wp\/v2\/media\/428177"}],"wp:attachment":[{"href":"https:\/\/www.diarioimagen.net\/index.php?rest_route=%2Fwp%2Fv2%2Fmedia&parent=428123"}],"wp:term":[{"taxonomy":"category","embeddable":true,"href":"https:\/\/www.diarioimagen.net\/index.php?rest_route=%2Fwp%2Fv2%2Fcategories&post=428123"},{"taxonomy":"post_tag","embeddable":true,"href":"https:\/\/www.diarioimagen.net\/index.php?rest_route=%2Fwp%2Fv2%2Ftags&post=428123"}],"curies":[{"name":"wp","href":"https:\/\/api.w.org\/{rel}","templated":true}]}}