{"id":428125,"date":"2019-05-20T00:11:58","date_gmt":"2019-05-20T05:11:58","guid":{"rendered":"https:\/\/www.diarioimagen.net\/?p=428125"},"modified":"2019-05-20T05:57:31","modified_gmt":"2019-05-20T10:57:31","slug":"monreal-batalla-no-solo-con-la-complejidad-de-las-secundarias-sino-contra-el-tiempo-electoral","status":"publish","type":"post","link":"https:\/\/www.diarioimagen.net\/?p=428125","title":{"rendered":"Monreal batalla no s\u00f3lo con la complejidad de las secundarias, sino contra el tiempo electoral"},"content":{"rendered":"<h2>Tras la puerta del poder<\/h2>\n<h5>Roberto Vizca\u00edno<\/h5>\n<p>&nbsp;<\/p>\n<div id=\"attachment_428180\" style=\"width: 470px\" class=\"wp-caption aligncenter\"><a href=\"https:\/\/www.diarioimagen.net\/?attachment_id=428180\" rel=\"attachment wp-att-428180\"><img loading=\"lazy\" decoding=\"async\" aria-describedby=\"caption-attachment-428180\" class=\"size-large wp-image-428180\" src=\"https:\/\/www.diarioimagen.net\/wp-content\/uploads\/2019\/05\/a-todo-lo-que-da-LUIS-XAVIER-460x354.jpg\" alt=\"\" width=\"460\" height=\"354\" srcset=\"https:\/\/www.diarioimagen.net\/wp-content\/uploads\/2019\/05\/a-todo-lo-que-da-LUIS-XAVIER-460x354.jpg 460w, https:\/\/www.diarioimagen.net\/wp-content\/uploads\/2019\/05\/a-todo-lo-que-da-LUIS-XAVIER-240x185.jpg 240w, https:\/\/www.diarioimagen.net\/wp-content\/uploads\/2019\/05\/a-todo-lo-que-da-LUIS-XAVIER-768x591.jpg 768w, https:\/\/www.diarioimagen.net\/wp-content\/uploads\/2019\/05\/a-todo-lo-que-da-LUIS-XAVIER.jpg 1200w\" sizes=\"auto, (max-width: 460px) 100vw, 460px\" \/><\/a><p id=\"caption-attachment-428180\" class=\"wp-caption-text\">A todo lo que da&#8230; | Luis Xavier<\/p><\/div>\n<p>&nbsp;<\/p>\n<p>En una involuntaria c\u00e1tedra p\u00fablica sobre la negociaci\u00f3n pol\u00edtica con profundos matices ideol\u00f3gicos, con acercamientos y negociaciones al m\u00e1s alto nivel, <strong>Ricardo Monreal<\/strong> saca adelante en estos d\u00edas las 4 leyes secundarias que dar\u00e1n operatividad a la Guardia Nacional.<\/p>\n<p>En un escenario que a veces parece un fino ballet, donde todos caminan de puntitas para no desbaratar lo alcanzado, y en otros una ruda contienda de t\u00e9rminos legales y esgrimas verbales, en mesas de negociaci\u00f3n y acuerdos llenas de tazas de caf\u00e9 y cigarros, el l\u00edder de la mayor\u00eda de Morena y presidente de la Junta de Coordinaci\u00f3n Pol\u00edtica del Senado, negociador directo de <strong>AMLO<\/strong> con la oposici\u00f3n, no tiene m\u00e1s que esta semana para aprobarlas.<\/p>\n<p>Tiene que sacar adelante las 4 leyes secundarias de la Guardia Nacional antes de que el domingo 2 de junio se realicen las elecciones a gobernador en Puebla y Baja California, y de alcaldes y diputados locales en otros estados.<\/p>\n<p>Despu\u00e9s de eso, lo indica la experiencia, todos los involucrados en pol\u00edtica se van a volcar en una dura contienda medi\u00e1tica post-electoral que seguramente terminar\u00e1 en el Tribunal Electoral del Poder Judicial de la Federaci\u00f3n.<\/p>\n<p>Y en ese ambiente de confrontaci\u00f3n, descalificaciones y reclamos, poco es lo que los coordinadores de los grupos parlamentarios del Senado y la C\u00e1mara de Diputados podr\u00e1n hacer para avanzar en sus pendientes legislativos.<\/p>\n<p>De ah\u00ed que a Monreal le preocupe avanzar r\u00e1pido este lunes en la conclusi\u00f3n de las negociaciones de las 4 leyes de la Guardia Nacional, a saber:<\/p>\n<p>* La Ley del Uso de la Fuerza, Ley del Registro de Detenciones, (modificaciones a) la Ley de Seguridad P\u00fablica y la ley Org\u00e1nica de Seguridad P\u00fablica., las cuatro leyes tienen un gran porcentaje de consenso.<\/p>\n<p>En una entrevista, el zacatecano dijo ayer que una vez revisadas todas estas leyes, art\u00edculo por art\u00edculo, \u201ctenemos el 96 o m\u00e1s por ciento de acuerdos\u201d.<\/p>\n<p>Y agreg\u00f3:<\/p>\n<p>\u201cLas leyes o los proyectos que contiene el documento han sido modificadas todas, nuevas redacciones, en un ejercicio muy interesante, en donde estamos sentados los grupos parlamentarios con representantes del Ejecutivo Federal.<\/p>\n<p>\u201cEs un ejercicio muy novedoso de discusi\u00f3n y de acuerdos sobre el contenido de las normas de este documento que todav\u00eda no es iniciativa; m\u00e1s del 96 por ciento.<\/p>\n<p>\u201cLa intenci\u00f3n es lograr el consenso. Por eso nos hemos detenido y por eso no nos cansamos de reuniones y reuniones hasta que logremos el prop\u00f3sito\u201d.<\/p>\n<p>En este punto Monreal aclar\u00f3 que Morena y sus aliados PT, PES y Verde tienen los senadores y diputados suficientes para aprobar las 4 Leyes sin mayores problemas.<\/p>\n<p>Pero que \u201cla actitud ponderada, reflexiva, muy cuidadosa, de parte del Ejecutivo Federal, que han estado representados aqu\u00ed, a trav\u00e9s de Gobernaci\u00f3n, de la Secretar\u00eda de Seguridad P\u00fablica y de la Consejer\u00eda Jur\u00eddica. Los tres han participado\u2026<\/p>\n<p>\u201cY veo una actitud, incluso, tambi\u00e9n debo decirlo y reconocerlo, muy respetuosa del Legislativo, de las Fuerzas Armadas. Las Fuerzas Armadas han estado actuando de manera extraordinaria, con sensatez, con cuidado, con respeto y simplemente hemos tenido consideraciones, opiniones correctas en el dise\u00f1o y la construcci\u00f3n de estas leyes fundamentales\u201d.<\/p>\n<p>Todo eso en busca, agreg\u00f3, de un consenso que sume a una parte importante o a toda la oposici\u00f3n.<\/p>\n<p>La intenci\u00f3n, indic\u00f3, es alejarse de la pr\u00e1ctica del <em>mayoriteo legislativo<\/em> realizado en forma antidemocr\u00e1tica en los sexenios anteriores para sacar adelante leyes y reformas.<\/p>\n<p>\u201c\u00bfPor qu\u00e9 insisto tanto en el gran consenso, la unanimidad o la mayor\u00eda amplia? (pregunt\u00f3 para responder \u00e9l mismo)\u2026<\/p>\n<p>\u201cPorque siendo instrumentos tan importantes y fundamentales, en un momento en donde la crisis es evidente sobre la inseguridad y la violencia, tenemos que lograr que est\u00e9n abrigadas, arropadas con el mayor sentido de unidad de estas leyes.<\/p>\n<p>\u201cNo necesitamos mayor\u00eda calificada, menos unanimidad. Como son leyes reglamentarias, bastar\u00eda con la mayor\u00eda simple que la tenemos en Morena.<\/p>\n<p>\u201cSin embargo, <strong>no tendr\u00eda la legitimidad<\/strong> a la que yo aspiro y por eso hacemos un gran esfuerzo por lograr la unanimidad y hasta ahora lo hemos logrado.<\/p>\n<p>\u201cEntonces, faltan peque\u00f1os detalles, aunque profundos. Peque\u00f1os detalles que den el origen y confirman la naturaleza de la Guardia Nacional.<\/p>\n<p>Es un tema de fondo, es un debate de fondo, el tema de las licencias y<strong> el que en la denominada Guardia Nacional prevalezca su car\u00e1cter civil <\/strong>y tambi\u00e9n el mando, la disciplina, los delitos y toda la organizaci\u00f3n de car\u00e1cter civil.<\/p>\n<p>\u201cO sea, <strong>es un debate de fondo <\/strong>y por eso nos hemos entretenido en algunos temas que refuerzan este car\u00e1cter. Obviamente todos estamos en la disposici\u00f3n de intentar el \u00faltimo esfuerzo y yo tengo confianza, soy siempre optimista, aunque no he logrado el consenso total\u201d, precis\u00f3.<\/p>\n<p><strong>Monreal<\/strong> pues, conf\u00eda en que aprobar estas 4 leyes ser\u00e1 cosa de horas. Si lo logra como ya lo ha hecho en otras reformas y leyes habr\u00e1 sorteado una complejidad de posiciones, intereses, ideolog\u00edas y plazos que desde fuera parecen un laberinto.<\/p>\n<p style=\"text-align: center;\"><strong>Las influencias de Napole\u00f3n<\/strong><\/p>\n<p>Hacia fines de la semana el presidente <strong>Trump<\/strong> retir\u00f3 los subsidios al acero y al aluminio de M\u00e9xico y Canad\u00e1.<\/p>\n<p>Todo fueron sonrisas y aplausos en los tres pa\u00edses. Pero poco se supo del por qu\u00e9 el veleidoso mandatario norteamericano finalmente tom\u00f3 esa decisi\u00f3n.<\/p>\n<p>Bueno, le adelanto que en los c\u00edrculos de la negociaci\u00f3n comercial entre las tres naciones no pocos voltearon a ver en esto la intervenci\u00f3n del senador mexicano <strong>Napole\u00f3n G\u00f3mez Urrutia.<\/strong><\/p>\n<p>Con fuertes alianzas con sindicatos y empresas mineras y metal\u00fargicas no s\u00f3lo en Estados Unidos sino en Europa y otras zonas del mundo, <strong>G\u00f3mez Urrutia<\/strong> ten\u00eda ya varios meses dedicado a derribar los argumentos de <strong>Trump<\/strong> sobre esos aranceles.<\/p>\n<p>Y, bueno, parece que lo logr\u00f3.<\/p>\n<p>Todo gracias a que, en su largo exilio de 12 a\u00f1os en Canad\u00e1, <strong>Napole\u00f3n G\u00f3mez Urrutia<\/strong>, presidente hoy de la Comisi\u00f3n de Trabajo, y l\u00edder no s\u00f3lo de los mineros de M\u00e9xico sino de una nueva central obrera que agrupa a 150 gremios nacionales y extranjeros, no se tir\u00f3 en la poltrona a rabiar su situaci\u00f3n, sino a fortalecer y profundizar la relaci\u00f3n iniciada a\u00f1os antes con diferentes l\u00edderes y organizaciones sindicales de trabajadores mineros en el mundo.<\/p>\n<p>En ese camino, <strong>G\u00f3mez Urrutia,<\/strong> mientras en M\u00e9xico era objeto de una campa\u00f1a brutal de desprestigio medi\u00e1tico por parte esencialmente de <strong>Germ\u00e1n Larrea<\/strong>, due\u00f1o y CEO de Grupo M\u00e9xico, recibi\u00f3 en 2011 el Premio Internacional en <strong>Derechos Humanos Meany-Kirkland <\/strong>de la <strong>AFL-CIO<\/strong> y en 2014 el <strong>Premio de Noruega Arthur Svensson<\/strong>; al tiempo que era nominado para el Premio <strong>Edelstam en Suecia.<\/strong><\/p>\n<p>En 2014 obtuvo <strong>la Medalla de Oro IPPY<\/strong>, de la Asociaci\u00f3n de Editores Independientes de Nueva York por su publicaci\u00f3n del libro <strong><em>El Colapso de la Dignidad <\/em><\/strong>y la Medalla <strong>\u201cEmilio Krieger\u201d<\/strong> de la Asociaci\u00f3n Nacional de Abogados Democr\u00e1ticos, ANAD.<\/p>\n<p>Sin duda l\u00edder sindical at\u00edpico \u2013 fue director general de la Casa de Moneda de M\u00e9xico durante 12 a\u00f1os, director de Minera Autl\u00e1n otros 6 a\u00f1os, egresado de Econom\u00eda de la UNAM con menci\u00f3n honorifica, con maestr\u00eda por la Universidad de Oxford&#8211;,, el ahora presidente de la Comisi\u00f3n de Trabajo del Senado es representante de M\u00e9xico ante la <strong>Confederaci\u00f3n Sindical Internacional, miembro de la United Steel Workers,<\/strong> y vicepresidente del Comit\u00e9 Ejecutivo de Industria <strong>ALL Global Union,<\/strong> que agrupa a los sindicatos m\u00e1s poderosos de la industria en el mundo con unos 60 millones de trabajadores.<\/p>\n<p>Para nadie es un secreto que <strong>G\u00f3mez Urrutia <\/strong>es amigo cercano del l\u00edder laborista ingles <strong>Jeremy Bernard Corbyn<\/strong>, quien pronto ser\u00e1 Primer Ministro de Inglaterra y adem\u00e1s de <strong>Leo W. Gerad <\/strong>dirigente de <strong>United Steelworkers <\/strong>de EU,<\/p>\n<p>Pero sobre todo y pese a los odios y persistentes embates de <strong>Larrea<\/strong>, es el dirigente de los mineros de M\u00e9xico y ahora de la <strong>Confederaci\u00f3n Internacional de Trabajadores<\/strong>, que agrupa a 10 federaciones de trabajadores y m\u00e1s de 150 sindicatos del pa\u00eds.<\/p>\n<p>Es decir\u2026<\/p>\n<p><em><a href=\"mailto:rvizcainoa@gmail.com\" target=\"_blank\" rel=\"noopener noreferrer\">rvizcainoa@gmail.com<\/a><br \/>\n<u><a href=\"http:\/\/endirecto.mx\" target=\"_blank\" rel=\"noopener noreferrer\">www.endirecto.mx<\/a><br \/>\n<a href=\"https:\/\/twitter.com\/_rvizcaino\" target=\"_blank\" rel=\"noopener noreferrer\">@_RVizcaino<\/a><br \/>\n<a href=\"https:\/\/www.facebook.com\/rvizcainoa\" target=\"_blank\" rel=\"noopener noreferrer\">facebook.com\/rvizcainoa<\/a><\/u><\/em><\/p>\n","protected":false},"excerpt":{"rendered":"<p><span style=\"color: #005497;\"><strong>Roberto Vizca\u00edno<\/strong><\/span><br \/>\n<br \/>\nEn una involuntaria c\u00e1tedra p\u00fablica sobre la negociaci\u00f3n pol\u00edtica con profundos matices ideol\u00f3gicos, con acercamientos y negociaciones al m\u00e1s alto nivel, Ricardo Monreal saca adelante en estos d\u00edas las 4 leyes secundarias que dar\u00e1n operatividad a la Guardia Nacional.<\/p>\n","protected":false},"author":3,"featured_media":428180,"comment_status":"open","ping_status":"open","sticky":false,"template":"","format":"standard","meta":{"_monsterinsights_skip_tracking":false,"_monsterinsights_sitenote_active":false,"_monsterinsights_sitenote_note":"","_monsterinsights_sitenote_category":0,"footnotes":""},"categories":[136],"tags":[43674,93,94],"class_list":["post-428125","post","type-post","status-publish","format-standard","has-post-thumbnail","hentry","category-roberto-vizcaino-opinion","tag-opinion","tag-roberto-vizcaino","tag-tras-la-puerta-del-poder"],"_links":{"self":[{"href":"https:\/\/www.diarioimagen.net\/index.php?rest_route=\/wp\/v2\/posts\/428125","targetHints":{"allow":["GET"]}}],"collection":[{"href":"https:\/\/www.diarioimagen.net\/index.php?rest_route=\/wp\/v2\/posts"}],"about":[{"href":"https:\/\/www.diarioimagen.net\/index.php?rest_route=\/wp\/v2\/types\/post"}],"author":[{"embeddable":true,"href":"https:\/\/www.diarioimagen.net\/index.php?rest_route=\/wp\/v2\/users\/3"}],"replies":[{"embeddable":true,"href":"https:\/\/www.diarioimagen.net\/index.php?rest_route=%2Fwp%2Fv2%2Fcomments&post=428125"}],"version-history":[{"count":0,"href":"https:\/\/www.diarioimagen.net\/index.php?rest_route=\/wp\/v2\/posts\/428125\/revisions"}],"wp:featuredmedia":[{"embeddable":true,"href":"https:\/\/www.diarioimagen.net\/index.php?rest_route=\/wp\/v2\/media\/428180"}],"wp:attachment":[{"href":"https:\/\/www.diarioimagen.net\/index.php?rest_route=%2Fwp%2Fv2%2Fmedia&parent=428125"}],"wp:term":[{"taxonomy":"category","embeddable":true,"href":"https:\/\/www.diarioimagen.net\/index.php?rest_route=%2Fwp%2Fv2%2Fcategories&post=428125"},{"taxonomy":"post_tag","embeddable":true,"href":"https:\/\/www.diarioimagen.net\/index.php?rest_route=%2Fwp%2Fv2%2Ftags&post=428125"}],"curies":[{"name":"wp","href":"https:\/\/api.w.org\/{rel}","templated":true}]}}