{"id":428229,"date":"2019-05-21T00:09:17","date_gmt":"2019-05-21T05:09:17","guid":{"rendered":"https:\/\/www.diarioimagen.net\/?p=428229"},"modified":"2019-05-21T03:56:59","modified_gmt":"2019-05-21T08:56:59","slug":"beca-jovenes-escribiendo-el-futuro-a-alumnos-de-uaem","status":"publish","type":"post","link":"https:\/\/www.diarioimagen.net\/?p=428229","title":{"rendered":"Beca \u201cJ\u00f3venes Escribiendo el Futuro\u201d, a alumnos de UAEM"},"content":{"rendered":"<ul>\n<li><em><strong>Apoyo a estudiantes de bajos recursos\u00a0<\/strong><\/em><\/li>\n<li><em><strong>Atiende la instituci\u00f3n a m\u00e1s de 17 mil de municipios marginados<\/strong><\/em><\/li>\n<\/ul>\n<p>&nbsp;<\/p>\n<div id=\"attachment_428294\" style=\"width: 470px\" class=\"wp-caption aligncenter\"><a href=\"https:\/\/www.diarioimagen.net\/?attachment_id=428294\" rel=\"attachment wp-att-428294\"><img loading=\"lazy\" decoding=\"async\" aria-describedby=\"caption-attachment-428294\" class=\"size-large wp-image-428294\" src=\"https:\/\/www.diarioimagen.net\/wp-content\/uploads\/2019\/05\/UAEM-21-460x307.jpg\" alt=\"\" width=\"460\" height=\"307\" srcset=\"https:\/\/www.diarioimagen.net\/wp-content\/uploads\/2019\/05\/UAEM-21-460x307.jpg 460w, https:\/\/www.diarioimagen.net\/wp-content\/uploads\/2019\/05\/UAEM-21-240x160.jpg 240w, https:\/\/www.diarioimagen.net\/wp-content\/uploads\/2019\/05\/UAEM-21.jpg 700w\" sizes=\"auto, (max-width: 460px) 100vw, 460px\" \/><\/a><p id=\"caption-attachment-428294\" class=\"wp-caption-text\">El rector Alfredo Barrera se\u00f1al\u00f3 que este apoyo se hermana y acrecenta los valores de nuestra universidad, se entrelaza con nuestro prop\u00f3sito de apoyar a los estudiantes de bajos recursos para evitar que la econom\u00eda sea factor de abandono escolar.<\/p><\/div>\n<p>&nbsp;<\/p>\n<p><strong>Toluca, Estado de M\u00e9xico<\/strong>.- La universidad es la esperanza que tienen los j\u00f3venes y sus familias para elevar sus competencias laborales, sus expectativas econ\u00f3micas y capacidades morales y culturales para sumarse como ciudadanos al desarrollo de la naci\u00f3n, sostuvo el rector de la Universidad Aut\u00f3noma del Estado de M\u00e9xico, Alfredo Barrera Baca.<\/p>\n<p>Al presidir, acompa\u00f1ado de la delegada del gobierno de M\u00e9xico en la entidad, Delfina G\u00f3mez \u00c1lvarez, la entrega de becas \u201cJ\u00f3venes Escribiendo el Futuro\u201d a mil 242 alumnos de nivel superior de esta casa de estudios, expres\u00f3 que la UAEM atiende a m\u00e1s de 17 mil alumnos que residen en municipios con alto grado de marginaci\u00f3n y violencia, social como Chimalhuac\u00e1n, Cuautitl\u00e1n Izcalli, Ecatepec, Nezahualc\u00f3yotl, Tejupilco, Valle de Chalco y Zumpango.<\/p>\n<p>En la Facultad de Derecho, dijo que en los hogares de ocho de cada 10 universitarios el padre o la madre s\u00f3lo tienen estudios de primaria o secundaria concluidos. \u201cAs\u00ed que para muchos j\u00f3venes la educaci\u00f3n superior es la \u00fanica v\u00eda de movilidad social\u201d.<\/p>\n<p>Subray\u00f3 que en 2018 la Aut\u00f3noma mexiquense otorg\u00f3 becas a 38 mil 914 alumnos, se destinaron 12 mil 845 a estudiantes de sectores vulnerables y se impuls\u00f3 a 400 j\u00f3venes de pueblos ind\u00edgenas.<\/p>\n<p>Alfredo Barrera Baca asever\u00f3 que la Beca \u201cJ\u00f3venes Escribiendo el Futuro\u201d se hermana y acrecienta los valores de nuestra universidad, se entrelaza con nuestro prop\u00f3sito de apoyar a los estudiantes de bajos recursos para evitar que la econom\u00eda sea factor de abandono de escolar.<\/p>\n<p>Delfina G\u00f3mez \u00c1lvarez indic\u00f3 que la educaci\u00f3n es una inversi\u00f3n y que el mayor tesoro que tiene una sociedad son los j\u00f3venes. Manifest\u00f3 que el gobierno federal tiene el prop\u00f3sito de instruir a los alumnos con conocimientos y valores e invit\u00f3 a la comunidad universitaria a no perder la capacidad de asombro y solucionar los retos del pa\u00eds con creatividad.<\/p>\n<p>Cabe destacar que a la entrega de estos apoyos asistieron tambi\u00e9n el subsecretario general de Educaci\u00f3n del Gobierno del Estado de M\u00e9xico, Guillermo Legorreta Mart\u00ednez, y los diputados locales Manuel Adri\u00e1n Galicia Salceda y M\u00f3nica Ang\u00e9lica \u00c1lvarez Nemer, as\u00ed como el gabinete universitario.<\/p>\n","protected":false},"excerpt":{"rendered":"<p>La universidad es la esperanza que tienen los j\u00f3venes y sus familias para elevar sus competencias laborales, sus expectativas econ\u00f3micas y capacidades morales y culturales para sumarse como ciudadanos al desarrollo de la naci\u00f3n, sostuvo el rector de la Universidad Aut\u00f3noma del Estado de M\u00e9xico, Alfredo Barrera Baca.<\/p>\n","protected":false},"author":3,"featured_media":428294,"comment_status":"open","ping_status":"open","sticky":false,"template":"","format":"standard","meta":{"_monsterinsights_skip_tracking":false,"_monsterinsights_sitenote_active":false,"_monsterinsights_sitenote_note":"","_monsterinsights_sitenote_category":0,"footnotes":""},"categories":[5],"tags":[11642,43675,452,1491],"class_list":["post-428229","post","type-post","status-publish","format-standard","has-post-thumbnail","hentry","category-estado-de-mexico","tag-becas","tag-estado-de-mexico","tag-toluca","tag-uaem"],"_links":{"self":[{"href":"https:\/\/www.diarioimagen.net\/index.php?rest_route=\/wp\/v2\/posts\/428229","targetHints":{"allow":["GET"]}}],"collection":[{"href":"https:\/\/www.diarioimagen.net\/index.php?rest_route=\/wp\/v2\/posts"}],"about":[{"href":"https:\/\/www.diarioimagen.net\/index.php?rest_route=\/wp\/v2\/types\/post"}],"author":[{"embeddable":true,"href":"https:\/\/www.diarioimagen.net\/index.php?rest_route=\/wp\/v2\/users\/3"}],"replies":[{"embeddable":true,"href":"https:\/\/www.diarioimagen.net\/index.php?rest_route=%2Fwp%2Fv2%2Fcomments&post=428229"}],"version-history":[{"count":0,"href":"https:\/\/www.diarioimagen.net\/index.php?rest_route=\/wp\/v2\/posts\/428229\/revisions"}],"wp:featuredmedia":[{"embeddable":true,"href":"https:\/\/www.diarioimagen.net\/index.php?rest_route=\/wp\/v2\/media\/428294"}],"wp:attachment":[{"href":"https:\/\/www.diarioimagen.net\/index.php?rest_route=%2Fwp%2Fv2%2Fmedia&parent=428229"}],"wp:term":[{"taxonomy":"category","embeddable":true,"href":"https:\/\/www.diarioimagen.net\/index.php?rest_route=%2Fwp%2Fv2%2Fcategories&post=428229"},{"taxonomy":"post_tag","embeddable":true,"href":"https:\/\/www.diarioimagen.net\/index.php?rest_route=%2Fwp%2Fv2%2Ftags&post=428229"}],"curies":[{"name":"wp","href":"https:\/\/api.w.org\/{rel}","templated":true}]}}