{"id":428257,"date":"2019-05-21T00:08:18","date_gmt":"2019-05-21T05:08:18","guid":{"rendered":"https:\/\/www.diarioimagen.net\/?p=428257"},"modified":"2019-05-21T04:09:39","modified_gmt":"2019-05-21T09:09:39","slug":"arranca-en-tlalnepantla-ii-semana-nacional-de-salud-se-aplicaran-15-mil-914-vacunas","status":"publish","type":"post","link":"https:\/\/www.diarioimagen.net\/?p=428257","title":{"rendered":"Arranca en Tlalnepantla II Semana Nacional de Salud; se aplicar\u00e1n 15 mil 914\u00a0 vacunas"},"content":{"rendered":"<ul>\n<li><strong><em>Bajo el lema \u201cPor el bienestar de tu familia y de M\u00e9xico\u201d<\/em><\/strong><\/li>\n<\/ul>\n<p>&nbsp;<\/p>\n<div id=\"attachment_428335\" style=\"width: 470px\" class=\"wp-caption aligncenter\"><a href=\"https:\/\/www.diarioimagen.net\/?attachment_id=428335\" rel=\"attachment wp-att-428335\"><img loading=\"lazy\" decoding=\"async\" aria-describedby=\"caption-attachment-428335\" class=\"size-large wp-image-428335\" src=\"https:\/\/www.diarioimagen.net\/wp-content\/uploads\/2019\/05\/TLALNEPANTLA-21-460x208.jpg\" alt=\"\" width=\"460\" height=\"208\" srcset=\"https:\/\/www.diarioimagen.net\/wp-content\/uploads\/2019\/05\/TLALNEPANTLA-21-460x208.jpg 460w, https:\/\/www.diarioimagen.net\/wp-content\/uploads\/2019\/05\/TLALNEPANTLA-21-240x109.jpg 240w, https:\/\/www.diarioimagen.net\/wp-content\/uploads\/2019\/05\/TLALNEPANTLA-21.jpg 700w\" sizes=\"auto, (max-width: 460px) 100vw, 460px\" \/><\/a><p id=\"caption-attachment-428335\" class=\"wp-caption-text\">Raciel P\u00e9rez Cruz, alcalde de Tlalnepantla,\u00a0 manifest\u00f3 que \u201cun pa\u00eds que no puede acceder a la salud, es un pa\u00eds sin futuro\u201d.<\/p><\/div>\n<p>&nbsp;<\/p>\n<p><strong>Tlalnepantla, Estado de M\u00e9xico<\/strong>.- El gobierno municipal de Tlalnepantla en colaboraci\u00f3n con el Instituto de Salud del Estado de M\u00e9xico, iniciaron la Segunda Semana Nacional de Salud, durante la cual se aplicar\u00e1n 15 mil 914 vacunas para prevenir enfermedades evitables bajo el lema: \u201cPor el bienestar de tu familia y de M\u00e9xico, vac\u00fanalos\u201d.<\/p>\n<p>Al arrancar las actividades de esta semana, que abarcar\u00e1 del 20 al 24 de mayo, el presidente municipal, Raciel P\u00e9rez Cruz manifest\u00f3 que \u201cun pa\u00eds que no puede acceder a la salud, es un pa\u00eds sin futuro\u201d por lo que invit\u00f3 a la ciudadan\u00eda a acercarse a los centros de salud del municipio.<\/p>\n<p>Asegur\u00f3 que \u201cno vamos a bajar la guardia contra enfermedades que se asum\u00edan estaban superadas, no bajamos la guardia con el prop\u00f3sito de hacer que las ni\u00f1as y los ni\u00f1os de nuestra ciudad puedan ejercer su derecho a la salud y a una ciudad libre de violencia\u201d.<\/p>\n<p>Dentro de las acciones b\u00e1sicas de esta jornada se encuentra la aplicaci\u00f3n de 4 mil 441 unidades de la segunda dosis contra el Virus del Papiloma Humano (VPH) a las ni\u00f1as de 5o. grado de primaria y de 11 a\u00f1os de edad que no est\u00e9n inscritas en el Sistema Educativo Nacional; adem\u00e1s, se completar\u00e1n los esquemas b\u00e1sicos de vacunaci\u00f3n a ni\u00f1os menores de 8 a\u00f1os de edad.<\/p>\n<p>Se aplicar\u00e1n 439 dosis contra la tuberculosis, mil 930 contra hepatitis B; 3 mil 174, t\u00e9tanos; mil 450 de rotavirus, mil 450 de neumococo, 920 de sarampi\u00f3n y 200 contra la rub\u00e9ola; adem\u00e1s se aplicar\u00e1 mil 310 de la vacuna pentavalente.<\/p>\n<p>Tambi\u00e9n se entregar\u00e1n sobres de \u201cVida Suero Oral\u201d, se informar\u00e1 sobre la prevenci\u00f3n de enfermedades diarreicas e infecciones respiratorias agudas a cada una de las madres, padres o responsables de ni\u00f1os menores de cinco a\u00f1os y se administraran dosis de albendazol para ni\u00f1os de 2 a 4 a\u00f1os de edad.<\/p>\n","protected":false},"excerpt":{"rendered":"<p>El gobierno municipal de Tlalnepantla en colaboraci\u00f3n con el Instituto de Salud del Estado de M\u00e9xico, iniciaron la Segunda Semana Nacional de Salud, durante la cual se aplicar\u00e1n 15 mil 914 vacunas para prevenir enfermedades evitables bajo el lema: \u201cPor el bienestar de tu familia y de M\u00e9xico, vac\u00fanalos\u201d.<\/p>\n","protected":false},"author":3,"featured_media":428335,"comment_status":"open","ping_status":"open","sticky":false,"template":"","format":"standard","meta":{"_monsterinsights_skip_tracking":false,"_monsterinsights_sitenote_active":false,"_monsterinsights_sitenote_note":"","_monsterinsights_sitenote_category":0,"footnotes":""},"categories":[5],"tags":[43675,26255,169],"class_list":["post-428257","post","type-post","status-publish","format-standard","has-post-thumbnail","hentry","category-estado-de-mexico","tag-estado-de-mexico","tag-semana-nacional-de-salud","tag-tlalnepantla"],"_links":{"self":[{"href":"https:\/\/www.diarioimagen.net\/index.php?rest_route=\/wp\/v2\/posts\/428257","targetHints":{"allow":["GET"]}}],"collection":[{"href":"https:\/\/www.diarioimagen.net\/index.php?rest_route=\/wp\/v2\/posts"}],"about":[{"href":"https:\/\/www.diarioimagen.net\/index.php?rest_route=\/wp\/v2\/types\/post"}],"author":[{"embeddable":true,"href":"https:\/\/www.diarioimagen.net\/index.php?rest_route=\/wp\/v2\/users\/3"}],"replies":[{"embeddable":true,"href":"https:\/\/www.diarioimagen.net\/index.php?rest_route=%2Fwp%2Fv2%2Fcomments&post=428257"}],"version-history":[{"count":0,"href":"https:\/\/www.diarioimagen.net\/index.php?rest_route=\/wp\/v2\/posts\/428257\/revisions"}],"wp:featuredmedia":[{"embeddable":true,"href":"https:\/\/www.diarioimagen.net\/index.php?rest_route=\/wp\/v2\/media\/428335"}],"wp:attachment":[{"href":"https:\/\/www.diarioimagen.net\/index.php?rest_route=%2Fwp%2Fv2%2Fmedia&parent=428257"}],"wp:term":[{"taxonomy":"category","embeddable":true,"href":"https:\/\/www.diarioimagen.net\/index.php?rest_route=%2Fwp%2Fv2%2Fcategories&post=428257"},{"taxonomy":"post_tag","embeddable":true,"href":"https:\/\/www.diarioimagen.net\/index.php?rest_route=%2Fwp%2Fv2%2Ftags&post=428257"}],"curies":[{"name":"wp","href":"https:\/\/api.w.org\/{rel}","templated":true}]}}