{"id":428259,"date":"2019-05-21T00:07:02","date_gmt":"2019-05-21T05:07:02","guid":{"rendered":"https:\/\/www.diarioimagen.net\/?p=428259"},"modified":"2019-05-21T04:10:53","modified_gmt":"2019-05-21T09:10:53","slug":"inicia-fabrica-de-emprendedores-en-cuautitlan-que-apuesta-a-los-jovenes","status":"publish","type":"post","link":"https:\/\/www.diarioimagen.net\/?p=428259","title":{"rendered":"Inicia f\u00e1brica de emprendedores en Cuautitl\u00e1n, que apuesta a los j\u00f3venes"},"content":{"rendered":"<ul>\n<li><strong><em>Exploran nuevos modelos de negocios<\/em><\/strong><\/li>\n<\/ul>\n<p>&nbsp;<\/p>\n<p><a href=\"https:\/\/www.diarioimagen.net\/?attachment_id=428338\" rel=\"attachment wp-att-428338\"><img loading=\"lazy\" decoding=\"async\" class=\"aligncenter size-large wp-image-428338\" src=\"https:\/\/www.diarioimagen.net\/wp-content\/uploads\/2019\/05\/CUAUTITLAN-21-460x259.jpg\" alt=\"\" width=\"460\" height=\"259\" srcset=\"https:\/\/www.diarioimagen.net\/wp-content\/uploads\/2019\/05\/CUAUTITLAN-21-460x259.jpg 460w, https:\/\/www.diarioimagen.net\/wp-content\/uploads\/2019\/05\/CUAUTITLAN-21-240x135.jpg 240w, https:\/\/www.diarioimagen.net\/wp-content\/uploads\/2019\/05\/CUAUTITLAN-21-235x132.jpg 235w, https:\/\/www.diarioimagen.net\/wp-content\/uploads\/2019\/05\/CUAUTITLAN-21-202x114.jpg 202w, https:\/\/www.diarioimagen.net\/wp-content\/uploads\/2019\/05\/CUAUTITLAN-21-350x196.jpg 350w, https:\/\/www.diarioimagen.net\/wp-content\/uploads\/2019\/05\/CUAUTITLAN-21-220x123.jpg 220w, https:\/\/www.diarioimagen.net\/wp-content\/uploads\/2019\/05\/CUAUTITLAN-21-237x132.jpg 237w, https:\/\/www.diarioimagen.net\/wp-content\/uploads\/2019\/05\/CUAUTITLAN-21.jpg 480w\" sizes=\"auto, (max-width: 460px) 100vw, 460px\" \/><\/a><\/p>\n<p>&nbsp;<\/p>\n<p><strong>Cuautitl\u00e1n, Estado de M\u00e9xico<\/strong>.- Con el arranque de la F\u00e1brica de Emprendedores, Cuautitl\u00e1n Emprende 2019, el gobierno municipal a trav\u00e9s del Instituto de la Juventud, acercar\u00e1 las herramientas necesarias a todos los j\u00f3venes interesados en iniciar un negocio o que ya est\u00e9n establecidos y que deseen desarrollar modelos sustentables y alternativos.<\/p>\n<p>Este foro que se realizar\u00e1 el 22 al 24 de mayo en las instalaciones del Gimnasio municipal Benito Ju\u00e1rez, iniciar\u00e1 a partir de las 10 de la ma\u00f1ana y podr\u00e1 participar el p\u00fablico en general, emprendedores, micro, peque\u00f1as y medianas empresas de Cuautitl\u00e1n y de la Zona Metropolitana.<\/p>\n<p>En este acto los asistentes conocer\u00e1n el uso de las redes digitales en el trabajo, dise\u00f1os de modelo de negocios, plan de acci\u00f3n, conferencias, importancia de los enlaces gubernamentales, enlaces con empresas y empresarios, adem\u00e1s encontrar\u00e1n stands y cursos de capacitaci\u00f3n, entre otros temas de inter\u00e9s.<\/p>\n<p>Desde el primer d\u00eda de la inauguraci\u00f3n los asistentes escuchar\u00e1n las conferencias magistrales; el mi\u00e9rcoles 22 se presentar\u00e1 Ariel Beltr\u00e1n con el tema: Un M\u00e9xico de j\u00f3venes emprendedores y V\u00edctor Salinas con: Ingreso para tu negocio sin hablar de dinero.<\/p>\n<p>El 23 impartir\u00e1 Rodrigo Ch\u00edo el tema: Mentalidad de Abundancia; Gladys Chiquete la ponencia: Venciendo el miedo a emprender y Eduardo Mej\u00eda expondr\u00e1:\u00a0 Impacto tecnol\u00f3gico en el \u00e1mbito empresarial.<\/p>\n<p>El \u00faltimo d\u00eda \u00c1lvaro \u00c1lvarez presentar\u00e1 la ponencia Emprendedor de talento y se contar\u00e1 con la conferencia de testimonio empresarial: El exitoso millonario miserable, adem\u00e1s de una conferencia sorpresa y durante este foro se realizar\u00e1n din\u00e1micas, rifas y sorpresas para los asistentes.<\/p>\n<p>Para mayores informes los interesados podr\u00e1n comunicarse al Instituto Municipal de la Juventud de Cuautitl\u00e1n, al tel\u00e9fono 2620-0174, para conocer los detalles de este evento de impacto regional.<\/p>\n","protected":false},"excerpt":{"rendered":"<p>Con el arranque de la F\u00e1brica de Emprendedores, Cuautitl\u00e1n Emprende 2019, el gobierno municipal a trav\u00e9s del Instituto de la Juventud, acercar\u00e1 las herramientas necesarias a todos los j\u00f3venes interesados en iniciar un negocio o que ya est\u00e9n establecidos y que deseen desarrollar modelos sustentables y alternativos.<\/p>\n","protected":false},"author":3,"featured_media":428338,"comment_status":"open","ping_status":"open","sticky":false,"template":"","format":"standard","meta":{"_monsterinsights_skip_tracking":false,"_monsterinsights_sitenote_active":false,"_monsterinsights_sitenote_note":"","_monsterinsights_sitenote_category":0,"footnotes":""},"categories":[5],"tags":[681,45304,43675,260],"class_list":["post-428259","post","type-post","status-publish","format-standard","has-post-thumbnail","hentry","category-estado-de-mexico","tag-cuautitlan","tag-emprendedores","tag-estado-de-mexico","tag-jovenes"],"_links":{"self":[{"href":"https:\/\/www.diarioimagen.net\/index.php?rest_route=\/wp\/v2\/posts\/428259","targetHints":{"allow":["GET"]}}],"collection":[{"href":"https:\/\/www.diarioimagen.net\/index.php?rest_route=\/wp\/v2\/posts"}],"about":[{"href":"https:\/\/www.diarioimagen.net\/index.php?rest_route=\/wp\/v2\/types\/post"}],"author":[{"embeddable":true,"href":"https:\/\/www.diarioimagen.net\/index.php?rest_route=\/wp\/v2\/users\/3"}],"replies":[{"embeddable":true,"href":"https:\/\/www.diarioimagen.net\/index.php?rest_route=%2Fwp%2Fv2%2Fcomments&post=428259"}],"version-history":[{"count":0,"href":"https:\/\/www.diarioimagen.net\/index.php?rest_route=\/wp\/v2\/posts\/428259\/revisions"}],"wp:featuredmedia":[{"embeddable":true,"href":"https:\/\/www.diarioimagen.net\/index.php?rest_route=\/wp\/v2\/media\/428338"}],"wp:attachment":[{"href":"https:\/\/www.diarioimagen.net\/index.php?rest_route=%2Fwp%2Fv2%2Fmedia&parent=428259"}],"wp:term":[{"taxonomy":"category","embeddable":true,"href":"https:\/\/www.diarioimagen.net\/index.php?rest_route=%2Fwp%2Fv2%2Fcategories&post=428259"},{"taxonomy":"post_tag","embeddable":true,"href":"https:\/\/www.diarioimagen.net\/index.php?rest_route=%2Fwp%2Fv2%2Ftags&post=428259"}],"curies":[{"name":"wp","href":"https:\/\/api.w.org\/{rel}","templated":true}]}}