{"id":428263,"date":"2019-05-21T00:06:25","date_gmt":"2019-05-21T05:06:25","guid":{"rendered":"https:\/\/www.diarioimagen.net\/?p=428263"},"modified":"2019-05-21T04:15:33","modified_gmt":"2019-05-21T09:15:33","slug":"gustavo-parra-sanchez-continua-con-el-apoyo-a-la-ninez-en-naucalpan","status":"publish","type":"post","link":"https:\/\/www.diarioimagen.net\/?p=428263","title":{"rendered":"Gustavo Parra S\u00e1nchez contin\u00faa con el apoyo a la ni\u00f1ez en Naucalpan"},"content":{"rendered":"<p><a href=\"https:\/\/www.diarioimagen.net\/?attachment_id=428348\" rel=\"attachment wp-att-428348\"><img loading=\"lazy\" decoding=\"async\" class=\"aligncenter size-large wp-image-428348\" src=\"https:\/\/www.diarioimagen.net\/wp-content\/uploads\/2019\/05\/NAUCALPAN-21-460x259.jpg\" alt=\"\" width=\"460\" height=\"259\" srcset=\"https:\/\/www.diarioimagen.net\/wp-content\/uploads\/2019\/05\/NAUCALPAN-21-460x259.jpg 460w, https:\/\/www.diarioimagen.net\/wp-content\/uploads\/2019\/05\/NAUCALPAN-21-240x135.jpg 240w, https:\/\/www.diarioimagen.net\/wp-content\/uploads\/2019\/05\/NAUCALPAN-21-235x132.jpg 235w, https:\/\/www.diarioimagen.net\/wp-content\/uploads\/2019\/05\/NAUCALPAN-21-202x114.jpg 202w, https:\/\/www.diarioimagen.net\/wp-content\/uploads\/2019\/05\/NAUCALPAN-21-350x196.jpg 350w, https:\/\/www.diarioimagen.net\/wp-content\/uploads\/2019\/05\/NAUCALPAN-21-220x123.jpg 220w, https:\/\/www.diarioimagen.net\/wp-content\/uploads\/2019\/05\/NAUCALPAN-21-237x132.jpg 237w, https:\/\/www.diarioimagen.net\/wp-content\/uploads\/2019\/05\/NAUCALPAN-21.jpg 480w\" sizes=\"auto, (max-width: 460px) 100vw, 460px\" \/><\/a><\/p>\n<p>&nbsp;<\/p>\n<p><strong>Naucalpan, Estado de M\u00e9xico.- <\/strong>El secretario de Organizaci\u00f3n del Comit\u00e9 municipal del PRI en Naucalpan,\u00a0 Gustavo Parra S\u00e1nchez, contin\u00faa las acciones de ayuda y en esta ocasi\u00f3n se dirigi\u00f3 con los vecinos de la colonia Las Huertas, en el \u00e1rea deportiva, apoyando con la premiaci\u00f3n de la Liga de Futbol de Las Huertas, reiterando as\u00ed su compromiso con los ni\u00f1os de este municipio, quienes son el futuro de nuestro pa\u00eds.<\/p>\n<p>&nbsp;<\/p>\n","protected":false},"excerpt":{"rendered":"<p>El secretario de Organizaci\u00f3n del Comit\u00e9 municipal del PRI en Naucalpan,\u00a0 Gustavo Parra S\u00e1nchez, contin\u00faa las acciones de ayuda y en esta ocasi\u00f3n se dirigi\u00f3 con los vecinos de la colonia Las Huertas, en el \u00e1rea deportiva, apoyando con la premiaci\u00f3n de la Liga de Futbol de Las Huertas, reiterando as\u00ed su compromiso con los ni\u00f1os de este municipio, quienes son el futuro de nuestro pa\u00eds.<\/p>\n","protected":false},"author":3,"featured_media":428348,"comment_status":"open","ping_status":"open","sticky":false,"template":"","format":"standard","meta":{"_monsterinsights_skip_tracking":false,"_monsterinsights_sitenote_active":false,"_monsterinsights_sitenote_note":"","_monsterinsights_sitenote_category":0,"footnotes":""},"categories":[5],"tags":[43675,85428,970],"class_list":["post-428263","post","type-post","status-publish","format-standard","has-post-thumbnail","hentry","category-estado-de-mexico","tag-estado-de-mexico","tag-liga-de-futbol","tag-naucalpan"],"_links":{"self":[{"href":"https:\/\/www.diarioimagen.net\/index.php?rest_route=\/wp\/v2\/posts\/428263","targetHints":{"allow":["GET"]}}],"collection":[{"href":"https:\/\/www.diarioimagen.net\/index.php?rest_route=\/wp\/v2\/posts"}],"about":[{"href":"https:\/\/www.diarioimagen.net\/index.php?rest_route=\/wp\/v2\/types\/post"}],"author":[{"embeddable":true,"href":"https:\/\/www.diarioimagen.net\/index.php?rest_route=\/wp\/v2\/users\/3"}],"replies":[{"embeddable":true,"href":"https:\/\/www.diarioimagen.net\/index.php?rest_route=%2Fwp%2Fv2%2Fcomments&post=428263"}],"version-history":[{"count":0,"href":"https:\/\/www.diarioimagen.net\/index.php?rest_route=\/wp\/v2\/posts\/428263\/revisions"}],"wp:featuredmedia":[{"embeddable":true,"href":"https:\/\/www.diarioimagen.net\/index.php?rest_route=\/wp\/v2\/media\/428348"}],"wp:attachment":[{"href":"https:\/\/www.diarioimagen.net\/index.php?rest_route=%2Fwp%2Fv2%2Fmedia&parent=428263"}],"wp:term":[{"taxonomy":"category","embeddable":true,"href":"https:\/\/www.diarioimagen.net\/index.php?rest_route=%2Fwp%2Fv2%2Fcategories&post=428263"},{"taxonomy":"post_tag","embeddable":true,"href":"https:\/\/www.diarioimagen.net\/index.php?rest_route=%2Fwp%2Fv2%2Ftags&post=428263"}],"curies":[{"name":"wp","href":"https:\/\/api.w.org\/{rel}","templated":true}]}}