{"id":428289,"date":"2019-05-21T00:03:31","date_gmt":"2019-05-21T05:03:31","guid":{"rendered":"https:\/\/www.diarioimagen.net\/?p=428289"},"modified":"2019-05-21T03:53:34","modified_gmt":"2019-05-21T08:53:34","slug":"servicios-fallidos","status":"publish","type":"post","link":"https:\/\/www.diarioimagen.net\/?p=428289","title":{"rendered":"Servicios fallidos"},"content":{"rendered":"<h2>Folclor urbano<\/h2>\n<h5>Salvador Estrada<\/h5>\n<p>&nbsp;<\/p>\n<p>A veces los refranes son sabidur\u00eda popular que si se les analiza tienen sentido y\u00a0 su contenido corto y profundo te lleva a reflexionar cu\u00e1nta verdad encierran.<\/p>\n<p>Por ejemplo, la gente dice \u201cpara que tanto brinco estando el suelo tan parejo\u201d que quiere decir para que haces tantas maromas con tus actos si todo queda igual.<\/p>\n<p>Y otro: \u201cmucho ruido y pocas nueces\u201d, que es parecido al anterior, pero que se puede interpretar como \u201chablar mucho, prometer, y no cumplir lo prometido o no hacer nada.<\/p>\n<p>Estos refranes vienen al caso porque las autoridades capitalinas, los alcaldes y otros altos funcionarios, dan a conocer tal o cual programa y lo inician, en ceremonias muy ostentosas y a la mera hora nada de nada.<\/p>\n<p>En la delegaci\u00f3n Coyoac\u00e1n, hoy alcald\u00eda, se ech\u00f3 andar, por no decir inaugurar, la alberca \u201cPaola Espinosa\u201d, ubicada precisamente en la Unidad Habitacional Villa Panamericana y el alcalde Manuel Negrete cort\u00f3 el list\u00f3n inaugural, pero hasta el momento no funciona.<\/p>\n<p>Este servicio fallido, tiene preocupados y tristes a los coyoaquenses debido a que desconocen el por qu\u00e9 no est\u00e1 a su disposici\u00f3n cuando les hab\u00edan\u00a0 anunciaron que ah\u00ed aprender\u00edan a nadar y a capacitarse en otras actividades deportivas.<\/p>\n<p>La alberca es semiol\u00edmpica y est\u00e1 dise\u00f1ada para dar servicio a tres mil usuarios y desde hace ocho meses que se inaugur\u00f3 y hasta la fecha est\u00e1 cerrada.<\/p>\n<p>Y otro acto fallido es la instalaci\u00f3n en las escuelas de bebederos que tuvieron un buen principio, pero que ahora no funcionan. Los\u00a0 chavos de la primaria o los adolescentes de la secundaria cuando acuden a los bebederos sedientos por estar jugando, se quedan con las ganas de probar el l\u00edquido porque de las\u00a0 llaves s\u00f3lo sale el recuerdo de que en un tiempo tuvieron agua.<\/p>\n<p>Los directivos de esas escuelas tambi\u00e9n tuvieron un\u00a0 buen principio al prohibir los alimentos chatarra\u00a0 y la venta de refrescos para evitar el exceso de\u00a0 calor\u00edas en la ingesta de alimentos, pero el programa para combatir la obesidad duro mientras se publicitaba. Al paso del tiempo los ni\u00f1os siguen gordos porque la campa\u00f1a pas\u00f3 a la historia por los intereses de las transnacionales de alimentos o porque los padres de familias no tienen tiempo para atender a sus hijos.<\/p>\n<p>Estos deben darse tiempo para vigilar la alimentaci\u00f3n de sus hijos\u00a0 y procurarles dar en sus comidas verduras crudas y ensaladas y no entregarles dinero para que coman en la calle quesadillas grasosas, refrescos gaseosos que tienen mucha az\u00facar, chocolates y helados que son abundantes en calor\u00edas\u00a0 y, sobre todo, alimentos chatarra.<\/p>\n<p>Y sin que sea rega\u00f1o pedirles por su salud que hagan ejercicio y se abstengan de comer en la calle. Los programas establecidos para combatir la obesidad y la gordura han resultado fallidos. O usted \u00bfqu\u00e9 cree?<\/p>\n<p><em><a href=\"mailto:chavasec@yahoo.com.mx\" target=\"_blank\" rel=\"noopener noreferrer\">chavasec@yahoo.com.mx<\/a><\/em><\/p>\n","protected":false},"excerpt":{"rendered":"<p><span style=\"color: #005497;\"><strong>Salvador Estrada<\/strong><\/span><\/p>\n","protected":false},"author":3,"featured_media":0,"comment_status":"open","ping_status":"open","sticky":false,"template":"","format":"standard","meta":{"_monsterinsights_skip_tracking":false,"_monsterinsights_sitenote_active":false,"_monsterinsights_sitenote_note":"","_monsterinsights_sitenote_category":0,"footnotes":""},"categories":[41601],"tags":[41599,43674,41600],"class_list":["post-428289","post","type-post","status-publish","format-standard","hentry","category-salvador-estrada-opinion","tag-folclor-urbano","tag-opinion","tag-salvador-estrada"],"_links":{"self":[{"href":"https:\/\/www.diarioimagen.net\/index.php?rest_route=\/wp\/v2\/posts\/428289","targetHints":{"allow":["GET"]}}],"collection":[{"href":"https:\/\/www.diarioimagen.net\/index.php?rest_route=\/wp\/v2\/posts"}],"about":[{"href":"https:\/\/www.diarioimagen.net\/index.php?rest_route=\/wp\/v2\/types\/post"}],"author":[{"embeddable":true,"href":"https:\/\/www.diarioimagen.net\/index.php?rest_route=\/wp\/v2\/users\/3"}],"replies":[{"embeddable":true,"href":"https:\/\/www.diarioimagen.net\/index.php?rest_route=%2Fwp%2Fv2%2Fcomments&post=428289"}],"version-history":[{"count":0,"href":"https:\/\/www.diarioimagen.net\/index.php?rest_route=\/wp\/v2\/posts\/428289\/revisions"}],"wp:attachment":[{"href":"https:\/\/www.diarioimagen.net\/index.php?rest_route=%2Fwp%2Fv2%2Fmedia&parent=428289"}],"wp:term":[{"taxonomy":"category","embeddable":true,"href":"https:\/\/www.diarioimagen.net\/index.php?rest_route=%2Fwp%2Fv2%2Fcategories&post=428289"},{"taxonomy":"post_tag","embeddable":true,"href":"https:\/\/www.diarioimagen.net\/index.php?rest_route=%2Fwp%2Fv2%2Ftags&post=428289"}],"curies":[{"name":"wp","href":"https:\/\/api.w.org\/{rel}","templated":true}]}}