{"id":428291,"date":"2019-05-21T00:04:50","date_gmt":"2019-05-21T05:04:50","guid":{"rendered":"https:\/\/www.diarioimagen.net\/?p=428291"},"modified":"2019-05-21T03:54:47","modified_gmt":"2019-05-21T08:54:47","slug":"superdelegado-en-la-mira","status":"publish","type":"post","link":"https:\/\/www.diarioimagen.net\/?p=428291","title":{"rendered":"Superdelegado, en la mira"},"content":{"rendered":"<h2>Punto por punto<\/h2>\n<h5>Augusto Corro<\/h5>\n<p>&nbsp;<\/p>\n<p>A nadie llamaba la atenci\u00f3n que los pol\u00edticos se enriquecieran a la sombra del poder; las mismas autoridades los ayudaban a transar.<\/p>\n<p>Los tiempos actuales son diferentes si queremos entender la nueva l\u00ednea del presidente Andr\u00e9s Manuel L\u00f3pez Obrador en su lucha contra la corrupci\u00f3n.<\/p>\n<p>Tocamos el tema porque Mexicanos Contra la Corrupci\u00f3n y la Impunidad realiz\u00f3 un trabajo de investigaci\u00f3n que arroj\u00f3 datos muy interesantes sobre el \u201csuperdelegado\u201d de Morena en Jalisco,\u00a0 Carlos Lomel\u00ed Bola\u00f1os, es due\u00f1o de varias empresas farmac\u00e9uticas que surten de medicinas al gobierno.<\/p>\n<p>Familiares y colaboradores del representante gubernamental fungen como socios y apoderados de dichas farmac\u00e9uticas que han competido entre s\u00ed\u00a0 y denunciadas por vender medicamento falso y por sobreprecios.<\/p>\n<p>Las compa\u00f1\u00edas mencionadas ya recibieron de la actual administraci\u00f3n federal m\u00e1s de 164 millones de pesos.<\/p>\n<p>Cabe preguntar de qu\u00e9 m\u00e9ritos goza el \u201cs\u00faper delegado\u201d que no parece no interesarle aquello que se conoce\u00a0 como conflicto de inter\u00e9s.<\/p>\n<p>Ya se dio el caso de que un compadre del presidente L\u00f3pez Obrador, el empresario Miguel Rinc\u00f3n, se retir\u00f3 de la licitaci\u00f3n para la venta de papel a la Comisi\u00f3n Nacional de Libros de Texto Gratuitos \u201chasta por un monto de 221.6 millones de pesos.<\/p>\n<p>La empresa Bio-PAPPEL de Rinc\u00f3n result\u00f3 ganadora pero se retir\u00f3 de la mencionada licitaci\u00f3n \u201cpara apoyar la visi\u00f3n de transparencia a prueba de suspicacias que promueve el presidente de la Rep\u00fablica\u201d.<\/p>\n<p>Qued\u00f3 claro que en el presente gobierno no habr\u00e1 corrupci\u00f3n, impunidad, influyentismo, contubernio, amiguismo, compadrazgo y nepotismo.<\/p>\n<p>\u00bfQu\u00e9 le deparar\u00e1 el destino\u00a0 al \u201cs\u00faper delegado\u201d morenista? \u00bfAlguien le leer\u00e1 la cartilla como se dice coloquialmente y lo destituir\u00e1n? \u00bfHabr\u00e1 otro \u201csacrificado\u201d de Morena? Pronto lo sabremos. Se supone que el\u00a0 rasero es parejo.<\/p>\n<p><strong>La indolencia<\/strong><\/p>\n<p>En los estados desde abril empezaron los incendios forestales y poco les import\u00f3 a los gobernadores.<\/p>\n<p>Acostumbrados a que el gobierno federal les resuelve sus problemas no le dieron importancia a los siniestros en sus entidades.<\/p>\n<p>Sin control, los incendios se multiplicaron con los desastrosos resultados en la contaminaci\u00f3n ambiental que se volvieron incontrolables y se declar\u00f3 la alerta ambiental.<\/p>\n<p>\u00bfCu\u00e1l fue el papel de los mandatarios estatales?<\/p>\n<p>La vecindad con la Ciudad de M\u00e9xico obligaba al Estado de M\u00e9xico a mostrar mayor colaboraci\u00f3n en la lucha contra la contaminaci\u00f3n. No ocurri\u00f3 as\u00ed.<\/p>\n<p>Seg\u00fan informaci\u00f3n de diferentes medios, de enero al 9 de mayo se registraron m\u00e1s de mil ciento setenta y cuatro incendios.<\/p>\n<p>\u00bfNinguna autoridad se dio cuenta de la gravedad de la situaci\u00f3n? \u00bfUsted qu\u00e9 opina amable lector?<\/p>\n<p><strong>\u00a0<\/strong><\/p>\n<p><strong>Plan Contra el Problema Migratorio<\/strong><\/p>\n<p>El gobierno mexicano, en voz del secretario de Relaciones Exteriores, Marcelo Ebrard, present\u00f3 el Plan de Desarrollo Integral para el Sur de M\u00e9xico y Centroam\u00e9rica, orientado a modificar la pol\u00edtica migratoria de la frontera sur.<\/p>\n<p>Dijo que se trata de una hoja de ruta \u201cde que tenemos que hacer para que cambie la realidad del sur de M\u00e9xico, Guatemala, Honduras y El Salvador.<\/p>\n<p>Durante dicha presentaci\u00f3n estuvo Alicia B\u00e1rcena, secretaria ejecutiva de la Comisi\u00f3n Econ\u00f3mica para Am\u00e9rica Latina y el Caribe (Cepal), quien a\u00f1adi\u00f3 que el documento adopta el enfoque de derechos humanos en la pol\u00edtica migratoria y coloca la seguridad en el empleo, educaci\u00f3n, protecci\u00f3n y medios al centro.<\/p>\n<p>Explic\u00f3 ampliamente la problem\u00e1tica social en la que se encuentran inmersos los centroamericanos y los habitantes de otros pa\u00edses que se ven obligados a dejar sus lugares de origen, obligados por la pobreza y la violencia entre otras causas.<\/p>\n<p>El plan mencionado ser\u00e1 presentado al gobierno de Estados Unidos (EU) con el fin de que lo apruebe y se sume al proyecto.<\/p>\n<p>Los problemas sociales en los pa\u00edses de Centroam\u00e9rica obedecen a una pobreza permanente, la falta de empleos y a la violencia que obliga a la gente a dejar sus lugares de origen.<\/p>\n<p>En el presente M\u00e9xico no tiene la capacidad para resolver, enfrentar y menos evitar el problema que se da en las oficinas migratorias en la frontera sur, donde ya se informa de hechos violentos entre quienes ingresar a nuestro territorio.<\/p>\n<p>Urgen pues, las soluciones que mejoren las condiciones de vida de los habitantes de los pa\u00edses centroamericanos, para que cese la migraci\u00f3n hacia el norte, que tantos conflictos genera.<\/p>\n<p><em><u><a href=\"mailto:aco2742@hotmail.com\" target=\"_blank\" rel=\"noopener noreferrer\">aco2742@hotmail.com<\/a><\/u><\/em><\/p>\n","protected":false},"excerpt":{"rendered":"<p><span style=\"color: #005497;\"><strong>Augusto Corro<\/strong><\/span><\/p>\n","protected":false},"author":3,"featured_media":0,"comment_status":"open","ping_status":"open","sticky":false,"template":"","format":"standard","meta":{"_monsterinsights_skip_tracking":false,"_monsterinsights_sitenote_active":false,"_monsterinsights_sitenote_note":"","_monsterinsights_sitenote_category":0,"footnotes":""},"categories":[157],"tags":[43686,43674,11515],"class_list":["post-428291","post","type-post","status-publish","format-standard","hentry","category-augusto-corro","tag-augusto-corro","tag-opinion","tag-punto-por-punto"],"_links":{"self":[{"href":"https:\/\/www.diarioimagen.net\/index.php?rest_route=\/wp\/v2\/posts\/428291","targetHints":{"allow":["GET"]}}],"collection":[{"href":"https:\/\/www.diarioimagen.net\/index.php?rest_route=\/wp\/v2\/posts"}],"about":[{"href":"https:\/\/www.diarioimagen.net\/index.php?rest_route=\/wp\/v2\/types\/post"}],"author":[{"embeddable":true,"href":"https:\/\/www.diarioimagen.net\/index.php?rest_route=\/wp\/v2\/users\/3"}],"replies":[{"embeddable":true,"href":"https:\/\/www.diarioimagen.net\/index.php?rest_route=%2Fwp%2Fv2%2Fcomments&post=428291"}],"version-history":[{"count":0,"href":"https:\/\/www.diarioimagen.net\/index.php?rest_route=\/wp\/v2\/posts\/428291\/revisions"}],"wp:attachment":[{"href":"https:\/\/www.diarioimagen.net\/index.php?rest_route=%2Fwp%2Fv2%2Fmedia&parent=428291"}],"wp:term":[{"taxonomy":"category","embeddable":true,"href":"https:\/\/www.diarioimagen.net\/index.php?rest_route=%2Fwp%2Fv2%2Fcategories&post=428291"},{"taxonomy":"post_tag","embeddable":true,"href":"https:\/\/www.diarioimagen.net\/index.php?rest_route=%2Fwp%2Fv2%2Ftags&post=428291"}],"curies":[{"name":"wp","href":"https:\/\/api.w.org\/{rel}","templated":true}]}}