{"id":428344,"date":"2019-05-21T00:11:30","date_gmt":"2019-05-21T05:11:30","guid":{"rendered":"https:\/\/www.diarioimagen.net\/?p=428344"},"modified":"2019-05-21T04:31:15","modified_gmt":"2019-05-21T09:31:15","slug":"los-dias-pasan-y-se-aleja-la-hora-de-la-justicia","status":"publish","type":"post","link":"https:\/\/www.diarioimagen.net\/?p=428344","title":{"rendered":"Los d\u00edas pasan y se aleja la hora de la justicia"},"content":{"rendered":"<h2>\u00cdndice pol\u00edtico<\/h2>\n<h5>Francisco Rodr\u00edguez<\/h5>\n<p>&nbsp;<\/p>\n<div id=\"attachment_428378\" style=\"width: 470px\" class=\"wp-caption aligncenter\"><a href=\"https:\/\/www.diarioimagen.net\/?attachment_id=428378\" rel=\"attachment wp-att-428378\"><img loading=\"lazy\" decoding=\"async\" aria-describedby=\"caption-attachment-428378\" class=\"size-large wp-image-428378\" src=\"https:\/\/www.diarioimagen.net\/wp-content\/uploads\/2019\/05\/sigue-la-mata-dando-MARAL-460x306.jpg\" alt=\"\" width=\"460\" height=\"306\" srcset=\"https:\/\/www.diarioimagen.net\/wp-content\/uploads\/2019\/05\/sigue-la-mata-dando-MARAL-460x306.jpg 460w, https:\/\/www.diarioimagen.net\/wp-content\/uploads\/2019\/05\/sigue-la-mata-dando-MARAL-240x160.jpg 240w, https:\/\/www.diarioimagen.net\/wp-content\/uploads\/2019\/05\/sigue-la-mata-dando-MARAL-768x511.jpg 768w, https:\/\/www.diarioimagen.net\/wp-content\/uploads\/2019\/05\/sigue-la-mata-dando-MARAL.jpg 1200w\" sizes=\"auto, (max-width: 460px) 100vw, 460px\" \/><\/a><p id=\"caption-attachment-428378\" class=\"wp-caption-text\">Sigue la mata dando&#8230; | Maral<\/p><\/div>\n<p>&nbsp;<\/p>\n<p>Es un hecho absolutamente comprobado por propios y extra\u00f1os: la regionalizaci\u00f3n de la miseria en M\u00e9xico fue defendida a capa y espada por te\u00f3ricos y pol\u00edticos huehuenches al servicio del capital. Siempre justificaron el hacinamiento de la mano de obra expulsada de los centros de trabajo en las macrocefalias urbanas.<\/p>\n<p>Las condiciones desventajosas de vida que rodeaban su existencia eran cercadas y confinadas argumentando que \u201cconstitu\u00edan un proceso sencillo de flujos de capital y de fuerza de trabajo que acuden a d\u00f3nde son mejor retribuidos o tienen mejores posibilidades de serlo\u201d, en el mejor de los casos.<\/p>\n<p>En el peor, se habl\u00f3 siempre por parte de los entreguistas, nuevos <em>polkos <\/em>de nuestra realidad, de las \u201cactividades superiores naturales \u201c en los centros urbanos sobre las que se desarrollaban al pie del surco en los campos agr\u00edcolas, tal como lo lleg\u00f3 a decir Juan S\u00e1nchez Navarro, gur\u00fa del sector privado y heredero de palafreneros imperiales.<\/p>\n<p>Para el capitalismo industrialista, el modelo planteado por los conservadores mexicanos era inmejorable: concentraci\u00f3n del excedente econ\u00f3mico en pocas manos, regiones, sectores y clases; ofrecimiento de mano de obra abundante y menesterosa; est\u00edmulo a la importaci\u00f3n indiscriminada&#8230;&#8230; de bienes de producci\u00f3n; adquisici\u00f3n de la producci\u00f3n originada en los centros industriales del extranjero o de las ciudades dominadas, y apoyos generosos para el crecimiento desigual desproporcionado y desequilibrado, que acab\u00f3 dibujando&#8230;&#8230; un entorno de pa\u00eds d\u00e9bil, presa f\u00e1cil de las ambiciones imperiales. Los s\u00f3lidos estudios sobre descentralizaci\u00f3n, desarrollo regional, crecimiento equilibrado, significaron un serio esfuerzo para contrarrestar la regionalizaci\u00f3n de nuestra miseria ingrata. Hasta ah\u00ed bien. Mientras tuvimos que soplarnos verdaderas indignidades.<\/p>\n<p>Para el modelo te\u00f3rico del desarrollo del centralismo pol\u00edtico el objetivo siempre fue intensificar la especializaci\u00f3n productiva que establec\u00eda poderosos nexos de subordinaci\u00f3n con los Estados Unidos. Siempre trataron los anexionistas de justificar las medidas\u2026&#8230; que acentuaran el libre juego de los mecanismos competitivos y de acumulaci\u00f3n privada que deber\u00edan conducir, seg\u00fan ellos, al progreso total, sin la intervenci\u00f3n del poder p\u00fablico, porque as\u00ed lo demandaba el mito extravagante del dejar hacer, dejar pasar&#8230;&#8230; que les inocularon en el cerebro sus maestros sajones de las universidades patito en donde los titularon con diplomas m\u00e1s falsos que un billete de a dos pesos. La necesidad hist\u00f3rica del capitalismo industrial moderno estaba m\u00e1s adelante que esas tesis de enga\u00f1abobos.<\/p>\n<p>Sin embargo, el centralismo decimon\u00f3nico que les inocularon pretend\u00eda alcanzar su cometido de expansi\u00f3n a partir de la explotaci\u00f3n brutal de las actividades agropecuarias, para concentrarlo todo en beneficio del industrialismo urbano, trasladar&#8230;&#8230; indiscriminadamente los recursos del sector tradicional y generar los excedentes indispensables para la vida muelle, el mejoramiento al infinito de las clases empresariales y financieras que actuaban de prestanombres.<\/p>\n<p>Lo que se consigui\u00f3 fue, como lo sabemos todos, la miseria improductiva. Nadie llegaba a vender, porque secaron el mercado interno. Nadie llegaba a comprar porque hab\u00edan quedado absolutamente exhaustos, oposumes. Alcanzaron lo que buscaban: el juego de suma cero. Rid\u00edculo y vergonzante en grado extremo.<\/p>\n<p>El liberalismo se convirti\u00f3 en una religi\u00f3n sin culto ni templo, como atinadamente lo bautiz\u00f3 el principal te\u00f3rico del porfiriato, Francisco Bulnes, en 1903. Un modelo ligado en cuanto a su futuro a la vida misma de los caudillos, a las biograf\u00edas personales y decadentes de los tiranos.<\/p>\n<p>Crecimos atados a esos mitos insulsos y gravemente ofensivos. La patria se convirti\u00f3 en el bot\u00edn de los farsantes. Era m\u00e1s premiado y reconocido el que explotaba que el que gritaba a los cuatro vientos exhortos de libertad. Fue siempre la materia pendiente de los mexicanos.<\/p>\n<p>Cuando a la fecha se habla de distribuci\u00f3n del ingreso, crecimiento equilibrado, desarrollo regional, desarrollo del mercado interno, se ofende a las buenas conciencias del crecimiento explotador, del pa\u00eds sin esperanza. Todos a una, protestan como puercos atorados. Las necesidades colectivas les importan un pito.<\/p>\n<p>Aunque ellos dependan para sobrevivir con sus fortunas de la capacidad de compra de los necesitados. Aunque ellos se den cuenta de que les viene el diluvio, la sublevaci\u00f3n de los pobres. Siguen dividendo el pa\u00eds a su antojo: entre los que no comen y los que no duermen, preocupados por el asalto final de los miserables.<\/p>\n<p>Los llamados programas del desarrollo provenientes del neoliberalismo nunca han ofrecido opciones de futuro. Estamos encadenados a teor\u00edas \u00f1o\u00f1as que s\u00f3lo fortalecen el mercado suntuario de los privilegiados. Urge saber que todos vamos en el mismo barco.<\/p>\n<p>Pero a la gente le sorprende y le enoja la falta de acci\u00f3n inmediata de los que mandan para poner fin a ese rollo macabro. Es indispensable en M\u00e9xico poner fin al abuso, encerrar a los indolentes y rateros, porque de ello depende que haya patria.<\/p>\n<p>Los d\u00edas pasan y el aliento de esperanza disminuye. Est\u00e1 a punto de extinguirse, retirando el apoyo popular y la credibilidad del sufragio emitido en favor de nuevos tiempos. Ya no puede esperar. Ha sido demasiado tiempo el transcurrido. El nuevo r\u00e9gimen debe ense\u00f1ar que es distinto al fenecido.<\/p>\n<p>Y la gente piensa que mientras pasen los d\u00edas ser\u00e1 m\u00e1s dif\u00edcil el remedio. Est\u00e1n ganando demasiado tiempo los infames. Es la hora del pueblo, del pa\u00eds y de la patria escarnecida.<\/p>\n<p>\u00bfNo cree usted?<\/p>\n<p><strong><em>\u00cdndice Flam\u00edgero<\/em><\/strong><em>:<\/em> Ayer, el presidente Andr\u00e9s Manuel L\u00f3pez Obrador, firm\u00f3 un acuerdo para que el gobierno federal ya no condone impuestos a particulares. Esta pr\u00e1ctica de condonaci\u00f3n de impuestos, que inici\u00f3 en el sexenio de Vicente Fox, y que continu\u00f3 con Felipe Calder\u00f3n y con Enrique Pe\u00f1a Nieto, result\u00f3 en la p\u00e9rdida, para el Estado mexicano, de m\u00e1s de 400 mil millones de pesos. Para establecer cu\u00e1nto significa esto, unas peque\u00f1os datos: Por a\u00f1o, durante los \u00faltimos tres sexenios, se perdonaron a particulares 22 mil millones de pesos. Esto es, por d\u00eda, 60 millones de pesos, lo cual significa, por hora, 2 millones 536 mil pesos. La condonaci\u00f3n de impuestos se fue consolidando a partir de la llegada de Vicente Fox a la presidencia del pa\u00eds, y se fortaleci\u00f3 con Felipe Calder\u00f3n y Enrique Pe\u00f1a Nieto. La titular del Sistema de Administraci\u00f3n Tributaria (SAT), Margarita R\u00edos-Farjat explic\u00f3 en la rueda de prensa matutina que, de esos 400 mil 902 millones de pesos condonados en 18 a\u00f1os, el 54% (213 mil millones de pesos) lo fueron a s\u00f3lo 108 contribuyentes. Los nombres de dichos (no) contribuyentes no se dieron a conocer, pues se ampararon para que sus datos no fueran hechos p\u00fablicos. El neoliberalismo, pues. El que s\u00f3lo beneficia a los ricos y castiga al resto de los mexicanos.<\/p>\n<p><em><u><a href=\"http:\/\/www.indicepolitico.com\" target=\"_blank\" rel=\"noopener noreferrer\">www.indicepolitico.com<\/a><br \/>\n<a href=\"mailto:pacorodriguez@journalist.com\" target=\"_blank\" rel=\"noopener noreferrer\">pacorodriguez@journalist.com<\/a><br \/>\n<a href=\"https:\/\/twitter.com\/pacorodriguez\" target=\"_blank\" rel=\"noopener noreferrer\">@pacorodriguez<\/a><\/u><\/em><\/p>\n","protected":false},"excerpt":{"rendered":"<p><span style=\"color: #005497;\"><strong>Francisco Rodr\u00edguez<\/strong><\/span><br \/>\n<br \/>\nEs un hecho absolutamente comprobado por propios y extra\u00f1os: la regionalizaci\u00f3n de la miseria en M\u00e9xico fue defendida a capa y espada por te\u00f3ricos y pol\u00edticos huehuenches al servicio del capital. Siempre justificaron el hacinamiento de la mano de obra expulsada de los centros de trabajo en las macrocefalias urbanas.<\/p>\n","protected":false},"author":3,"featured_media":428378,"comment_status":"open","ping_status":"open","sticky":false,"template":"","format":"standard","meta":{"_monsterinsights_skip_tracking":false,"_monsterinsights_sitenote_active":false,"_monsterinsights_sitenote_note":"","_monsterinsights_sitenote_category":0,"footnotes":""},"categories":[549],"tags":[43689,550,43674],"class_list":["post-428344","post","type-post","status-publish","format-standard","has-post-thumbnail","hentry","category-francisco-rodriguez","tag-francisco-rodriguez","tag-indice-politico","tag-opinion"],"_links":{"self":[{"href":"https:\/\/www.diarioimagen.net\/index.php?rest_route=\/wp\/v2\/posts\/428344","targetHints":{"allow":["GET"]}}],"collection":[{"href":"https:\/\/www.diarioimagen.net\/index.php?rest_route=\/wp\/v2\/posts"}],"about":[{"href":"https:\/\/www.diarioimagen.net\/index.php?rest_route=\/wp\/v2\/types\/post"}],"author":[{"embeddable":true,"href":"https:\/\/www.diarioimagen.net\/index.php?rest_route=\/wp\/v2\/users\/3"}],"replies":[{"embeddable":true,"href":"https:\/\/www.diarioimagen.net\/index.php?rest_route=%2Fwp%2Fv2%2Fcomments&post=428344"}],"version-history":[{"count":0,"href":"https:\/\/www.diarioimagen.net\/index.php?rest_route=\/wp\/v2\/posts\/428344\/revisions"}],"wp:featuredmedia":[{"embeddable":true,"href":"https:\/\/www.diarioimagen.net\/index.php?rest_route=\/wp\/v2\/media\/428378"}],"wp:attachment":[{"href":"https:\/\/www.diarioimagen.net\/index.php?rest_route=%2Fwp%2Fv2%2Fmedia&parent=428344"}],"wp:term":[{"taxonomy":"category","embeddable":true,"href":"https:\/\/www.diarioimagen.net\/index.php?rest_route=%2Fwp%2Fv2%2Fcategories&post=428344"},{"taxonomy":"post_tag","embeddable":true,"href":"https:\/\/www.diarioimagen.net\/index.php?rest_route=%2Fwp%2Fv2%2Ftags&post=428344"}],"curies":[{"name":"wp","href":"https:\/\/api.w.org\/{rel}","templated":true}]}}