{"id":428397,"date":"2019-05-22T00:01:39","date_gmt":"2019-05-22T05:01:39","guid":{"rendered":"https:\/\/www.diarioimagen.net\/?p=428397"},"modified":"2019-05-22T01:52:36","modified_gmt":"2019-05-22T06:52:36","slug":"todo-listo-para-la-xx-edicion-del-festival-de-la-paella-de-finca-sala-vive-de-freixenet-en-ezequiel-montes-queretaro","status":"publish","type":"post","link":"https:\/\/www.diarioimagen.net\/?p=428397","title":{"rendered":"Todo listo para la XX edici\u00f3n del <i>Festival de la Paella<\/i> de <i>Finca Sala Viv\u00e9 de Freixenet<\/i>, en Ezequiel Montes, Quer\u00e9taro"},"content":{"rendered":"<h2>De cinco estrellas<\/h2>\n<h5>Victoria Gonz\u00e1lez Prado<\/h5>\n<p>&nbsp;<\/p>\n<ul>\n<li><em><strong>El Festival <\/strong><\/em><strong>La Vie en Ros\u00e9<\/strong><em><strong>, por segunda ocasi\u00f3n, presentar\u00e1 los mejores vinos rosados de Croacia, Chile, Espa\u00f1a, Francia, M\u00e9xico, Portugal y m\u00e1s<\/strong><\/em><\/li>\n<\/ul>\n<p>&nbsp;<\/p>\n<div id=\"attachment_428398\" style=\"width: 470px\" class=\"wp-caption aligncenter\"><a href=\"https:\/\/www.diarioimagen.net\/?attachment_id=428398\" rel=\"attachment wp-att-428398\"><img loading=\"lazy\" decoding=\"async\" aria-describedby=\"caption-attachment-428398\" class=\"size-large wp-image-428398\" src=\"https:\/\/www.diarioimagen.net\/wp-content\/uploads\/2019\/05\/turismo-11-460x223.jpg\" alt=\"\" width=\"460\" height=\"223\" srcset=\"https:\/\/www.diarioimagen.net\/wp-content\/uploads\/2019\/05\/turismo-11-460x223.jpg 460w, https:\/\/www.diarioimagen.net\/wp-content\/uploads\/2019\/05\/turismo-11-240x117.jpg 240w, https:\/\/www.diarioimagen.net\/wp-content\/uploads\/2019\/05\/turismo-11.jpg 700w\" sizes=\"auto, (max-width: 460px) 100vw, 460px\" \/><\/a><p id=\"caption-attachment-428398\" class=\"wp-caption-text\">En la presentaci\u00f3n del <em>Festival de la Paella<\/em>. <strong>(Foto: Mario B\u00e1ez)<\/strong><\/p><\/div>\n<p>&nbsp;<\/p>\n<p><b>Lluis Raventos Llopart<\/b>, gerente y en\u00f3logo de Finca <i>Sala Viv\u00e9 by Freixenet<\/i> <i>M\u00e9xico<\/i>; el chef <b>Pablo San Rom\u00e1n<\/b>, del restaurante <i>Ekilore<\/i>; <b>Horacio Quintana<\/b>, patrocinador del aceite de oliva, presentaron la edici\u00f3n XX del Festival de la Paella, que tendr\u00e1 lugar los d\u00edas 25 y 26 de mayo, en Ezequiel Montes, Quer\u00e9taro, y ser\u00e1 una experiencia enotur\u00edstica inolvidable, que acercar\u00e1 el vino con la gastronom\u00eda en ambiente familiar. <span class=\"Apple-converted-space\">\u00a0<\/span><\/p>\n<p>La finca donde se realiza el festival es lugar perfecto para degustar uno de los platillos espa\u00f1oles por excelencia: la paella, gracias a su sabor, ingredientes y diversas presentaciones, acompa\u00f1ada de vinos blanco <i>Chardonnay<\/i> Vi\u00f1a Dolores, <i>Cabernet Sauvignon<\/i> Gran Reserva, espumosos <i>Brut <\/i>Reserva y Semiseco.<\/p>\n<p><b>Raventos Llopart<\/b> dijo que la cultura del vino crece cada vez m\u00e1s en M\u00e9xico, por lo que el Festival de la Paella es evento que ayuda a posicionar al estado de Quer\u00e9taro dentro del mercado vitivin\u00edcola y se complementa con el concurso de paellas, donde cocineros nacionales e internacionales, se disputar\u00e1n el primer lugar en diversas categor\u00edas; el ganador obtendr\u00e1 viaje a Valencia, Espa\u00f1a, para representar a M\u00e9xico en el Concurso Internacional de Paella Valenciana del pueblo de Sueca, en Valencia, Espa\u00f1a.<\/p>\n<p>Un jurado compuesto por: <b>Sergio Salm\u00f3n<\/b>, empresario; <b>Carlos Borboa<\/b>, gastr\u00f3nomo; los chefs <b>Sol Cervantes<\/b>,\u00a0 <b>Jes\u00fas Melero<\/b>, <b>Pablo San Rom\u00e1n<\/b>, <b>Israel Soriano R<\/b>., <b>Aar\u00f3n Ulises Ch\u00e1vez Torres<\/b>, los cocineros <b>Alan Urbina<\/b> <b>Elizondo<\/b>, <b>Rogelio Vargas<\/b>, <b>Paco Cubillas<\/b> y <b>Llu\u00eds Ravent\u00f3s Llopart<\/b>, gerente de la Finca, tomar\u00e1n en cuenta la presentaci\u00f3n, sabor y originalidad para elegir la paella ganadora.<\/p>\n<p>Para esta ocasi\u00f3n, Carbonell, aceite de oliva, ser\u00e1 uno de los\u00a0patrocinadores del Festival. Por lo tanto, todos los participantes del concurso de paellas y las <i>master class<\/i>, lo utilizar\u00e1n.<\/p>\n<p>El chef <b>Pablo San Rom\u00e1n<\/b>, al referirse al festival indic\u00f3:: \u201cla paella es fen\u00f3meno social y platillo que nos hace sentirnos contentos. Su origen espa\u00f1ol me llena de orgullo, sobre todo al ver su preparaci\u00f3n en distintos pa\u00edses. En el caso de M\u00e9xico, es territorio que cuenta con ingredientes que hacen que este platillo se vuelva m\u00e1s innovador, gracias al toque propio de la gastronom\u00eda mexicana\u201d. <span class=\"Apple-converted-space\">\u00a0<\/span><\/p>\n<p>Quer\u00e9taro es uno de los estados de mayor consumo de vino en el pa\u00eds. Esta entidad del Baj\u00edo ocupa el segundo lugar nacional en producci\u00f3n de vino, s\u00f3lo debajo de Baja California, y es el primero en elaborar vino espumoso.<\/p>\n<p>Asimismo, agreg\u00f3: \u201cen M\u00e9xico se ingieren 80 millones de litros de vino al a\u00f1o, muy poco comparado con otros pa\u00edses, y el vino va de la mano con la gastronom\u00eda, dupla perfecta, que impulsa el turismo local\u201d.<\/p>\n<p>As\u00ed, en la finca podr\u00e1s conocer sus exquisitos vinos y descubrir la cultura, visitar la cava m\u00e1s profunda de Latinoam\u00e9rica y participar de eventos art\u00edsticos, culturales y festivos que agasajan el esp\u00edritu y deleitan los sentidos. Sin faltar actividades art\u00edsticas y culturales, presentaciones de flamenco, zona especial para ni\u00f1os, bazar de productos de dise\u00f1o y artesan\u00edas de la regi\u00f3n.<\/p>\n<p>Podr\u00e1n degustar la paella gigante, elaborada por chef de Quer\u00e9taro y que elabora con ingredientes originales de Valencia m\u00e1s de 100 kilos de arroz, 250 kilos de carne, 150 kilos de verduras y especies.<span class=\"Apple-converted-space\">\u00a0<\/span><\/p>\n<p>Adem\u00e1s, ma\u00f1ana jueves, en Ciudad de M\u00e9xico y viernes 24 en Quer\u00e9taro tendr\u00e1 lugar la <i>master class.<span class=\"Apple-converted-space\">\u00a0<\/span><\/i><\/p>\n<p>La Finca <i>Sala Viv\u00e9 by Freixenet M\u00e9xico<\/i> se ubica en la carretera San Juan del R\u00edo\u2013Cadereyta km 40.5, Ezequiel Montes, Quer\u00e9taro. El horario durante los dos d\u00edas ser\u00e1 de 11:00 a 18:00 horas. La entrada tiene costo de 500 pesos (incluye acceso al evento, copa para vino espumoso, dos degustaciones de vino, una degustaci\u00f3n de paella gigante y acceso a los espect\u00e1culos).<\/p>\n<p>La entrada VIP: mil 500 pesos (incluye acceso al evento, copa para vino espumoso, vino a discreci\u00f3n, acceso y degustaci\u00f3n de paellas del concurso, acceso a los espect\u00e1culos). Adem\u00e1s es evento <i>petfriendly.<\/i><\/p>\n<p>\u2730\u2730\u2730\u2730\u2730 Los mejores importadores de vinos y distribuidores de vino rosado en M\u00e9xico, se reunir\u00e1n en el Festival <i>La Vie en Ros\u00e9<\/i><b>, <\/b>que por<b> <\/b>segunda ocasi\u00f3n se llevar\u00e1 a cabo en la terraza del Instituto Burgo<b> <\/b>en Edgar Allan Poe 85, Polanco, s\u00e1bado 25 y domingo 26<b> <\/b>de mayo de 12:00 a las 21:00 horas.<\/p>\n<p>Organizado por <b>Vincent Vallet<\/b> y <b>Alicia Hambleton<\/b>, ambos de <i>Loire Import Company<\/i><span class=\"Apple-converted-space\">\u00a0 <\/span>y, <b>Olivier Bert<\/b>, director de Sabor y Car\u00e1cter dieron a conocer los detalles del festival y coincidieron en se\u00f1alar que el vino rosado, es un tinto con poca maceraci\u00f3n que destaca por ser fresco, suave y ligero caracter\u00edsticas que van a ser decisivas en la elecci\u00f3n de maridaje adecuado.<span class=\"Apple-converted-space\">\u00a0<\/span><\/p>\n<p>Nos contaron que hace aproximadamente medio siglo nadie llamaba rosados a los vinos que estaban entre los blancos y los tintos, aunque exist\u00eda el clarete que dependiendo de su procedencia variaba su intensidad de color.<\/p>\n<p>Es originario de la regi\u00f3n francesa m\u00e1s famosa: Provence, al sur de Francia. Son las uvas <i>Grenache <\/i>(o Garnacha en Espa\u00f1a), las que m\u00e1s se producen y usan para elaborar vino rosado, adem\u00e1s de uvas aut\u00f3ctonas de regiones como Portugal, Croacia, Chile, Francia y Espa\u00f1a.<\/p>\n<p>La mayor\u00eda de los rosados provienen de uvas tintas o de la mezcla de uvas blancas y tintas y est\u00e1n a medias entre vinificaci\u00f3n t\u00edpica en blanco y t\u00edpica en tinto. Son vinos cuya complejidad es menor que los tintos<b>. <\/b>En ellos se busca el predominio de los aromas frutales y el frescor en boca.<span class=\"Apple-converted-space\">\u00a0<\/span><\/p>\n<p>Hoy por hoy, todo est\u00e1 cambiando y cada vez hay m\u00e1s rosados dotados de<span class=\"Apple-converted-space\">\u00a0 <\/span>calidad extraordinaria con gran cantidad de matices olfativos y gustativos y, no son, como suele creerse vinos para mujeres.<span class=\"Apple-converted-space\">\u00a0<\/span><\/p>\n<p>Las tonalidades del vino rosado son muchas y sutiles, dependen de la variedad de uva, tiempo de maceraci\u00f3n y gustos del en\u00f3logo. Van desde el sonrosado (<i>blush,<\/i> de creaci\u00f3n californiana) hasta guinda brillante, pasando por diversos tonos de salm\u00f3n y rosa. <span class=\"Apple-converted-space\">\u00a0<\/span><\/p>\n<p>Los vinos rosados han tenido mucho \u00e9xito entre los amantes del vino<span class=\"Apple-converted-space\">\u00a0 <\/span>o <i>\u201cWine Lover \u0301s\u201d,<\/i> sin embargo, M\u00e9xico no contaba con evento similar, por lo que en 2018 se realiz\u00f3 la primera edici\u00f3n. Gracias al \u00e9xito los organizadores decidieron realizar otro festival para este a\u00f1o. <span class=\"Apple-converted-space\">\u00a0<\/span><\/p>\n<p><i>La Vie en Ros\u00e9<\/i> tiene por objeto impulsar el desarrollo de la cultura del vino en M\u00e9xico, brindando espacio a importadores y distribuidores para que expongan y vendan sus productos, y conozcan la variedad y calidad de los diferentes rosados de M\u00e9xico y del mundo. <span class=\"Apple-converted-space\">\u00a0<\/span><\/p>\n<p>Entre los expositores de esta segunda versi\u00f3n destacan: chocolates Itz\u00e1, Chozas Carrascal, Copas Madison, <i>DocItalia, Energu\u00eda, Gencor, Kaleidos<\/i>, Mundo Enol\u00f3gico, <i>Quechihua, Romantik Wines<\/i>, Vinos de Eslovenia, <i>Vita de Vie, Vinyaco,<\/i> Sabor y Car\u00e1cter y, <i>Wine Import company. <span class=\"Apple-converted-space\">\u00a0<\/span><\/i><\/p>\n<p>No pierdas la oportunidad de participar en <i>La Vie en Ros\u00e9<\/i> que estar\u00e1 amenizada por DJ en vivo, degustaciones y ambiente \u00fanico y divertido donde los concurrentes disfrutar\u00e1n, por 350 pesos, distintos vinos de color rosado y sus diferentes tonalidades, algunos espumosos y otros no.<\/p>\n<p><b>\u201cEl \u00c1ngel de la Fama tiene sus alas hechas de papel&#8230; peri\u00f3dico\u201d.<\/b><\/p>\n<p><em><a href=\"mailto:victoriagprado@gmail.com\" target=\"_blank\" rel=\"noopener noreferrer\">victoriagprado@gmail.com<\/a><\/em><br \/>\n<em>Twitter: <a href=\"https:\/\/twitter.com\/victoriagprado\" target=\"_blank\" rel=\"noopener noreferrer\">@victoriagprado<\/a><\/em><\/p>\n","protected":false},"excerpt":{"rendered":"<p><strong>Lluis Raventos Llopart<\/strong>, gerente y en\u00f3logo de Finca <em>Sala Viv\u00e9 by Freixenet<\/em> <em>M\u00e9xico<\/em>; el chef <strong>Pablo San Rom\u00e1n<\/strong>, del restaurante <em>Ekilore<\/em>; <strong>Horacio Quintana<\/strong>, patrocinador del aceite de oliva, presentaron la edici\u00f3n XX del Festival de la Paella, que tendr\u00e1 lugar los d\u00edas 25 y 26 de mayo, en Ezequiel Montes, Quer\u00e9taro, y ser\u00e1 una experiencia enotur\u00edstica inolvidable, que acercar\u00e1 el vino con la gastronom\u00eda en ambiente familiar.<\/p>\n","protected":false},"author":1,"featured_media":428398,"comment_status":"open","ping_status":"open","sticky":false,"template":"","format":"standard","meta":{"_monsterinsights_skip_tracking":false,"_monsterinsights_sitenote_active":false,"_monsterinsights_sitenote_note":"","_monsterinsights_sitenote_category":0,"footnotes":""},"categories":[11],"tags":[107,43681,106],"class_list":["post-428397","post","type-post","status-publish","format-standard","has-post-thumbnail","hentry","category-turismo","tag-de-cinco-estrellas","tag-turismo","tag-victoria-gonzalez-prado"],"_links":{"self":[{"href":"https:\/\/www.diarioimagen.net\/index.php?rest_route=\/wp\/v2\/posts\/428397","targetHints":{"allow":["GET"]}}],"collection":[{"href":"https:\/\/www.diarioimagen.net\/index.php?rest_route=\/wp\/v2\/posts"}],"about":[{"href":"https:\/\/www.diarioimagen.net\/index.php?rest_route=\/wp\/v2\/types\/post"}],"author":[{"embeddable":true,"href":"https:\/\/www.diarioimagen.net\/index.php?rest_route=\/wp\/v2\/users\/1"}],"replies":[{"embeddable":true,"href":"https:\/\/www.diarioimagen.net\/index.php?rest_route=%2Fwp%2Fv2%2Fcomments&post=428397"}],"version-history":[{"count":0,"href":"https:\/\/www.diarioimagen.net\/index.php?rest_route=\/wp\/v2\/posts\/428397\/revisions"}],"wp:featuredmedia":[{"embeddable":true,"href":"https:\/\/www.diarioimagen.net\/index.php?rest_route=\/wp\/v2\/media\/428398"}],"wp:attachment":[{"href":"https:\/\/www.diarioimagen.net\/index.php?rest_route=%2Fwp%2Fv2%2Fmedia&parent=428397"}],"wp:term":[{"taxonomy":"category","embeddable":true,"href":"https:\/\/www.diarioimagen.net\/index.php?rest_route=%2Fwp%2Fv2%2Fcategories&post=428397"},{"taxonomy":"post_tag","embeddable":true,"href":"https:\/\/www.diarioimagen.net\/index.php?rest_route=%2Fwp%2Fv2%2Ftags&post=428397"}],"curies":[{"name":"wp","href":"https:\/\/api.w.org\/{rel}","templated":true}]}}