{"id":428402,"date":"2019-05-22T00:04:59","date_gmt":"2019-05-22T05:04:59","guid":{"rendered":"https:\/\/www.diarioimagen.net\/?p=428402"},"modified":"2019-05-22T01:48:32","modified_gmt":"2019-05-22T06:48:32","slug":"violencia-azota-a-la-capital","status":"publish","type":"post","link":"https:\/\/www.diarioimagen.net\/?p=428402","title":{"rendered":"Violencia azota a la capital"},"content":{"rendered":"<h2>Punto por punto<\/h2>\n<h5>Augusto Corro<\/h5>\n<p>&nbsp;<\/p>\n<p>La Ciudad de M\u00e9xico vive una crisis en materia de violencia que se ve reflejada en el n\u00famero de homicidios dolosos que se registran diariamente.<span class=\"Apple-converted-space\">\u00a0<\/span><\/p>\n<p>En los casos de asesinatos y de otros delitos la impunidad casi<span class=\"Apple-converted-space\">\u00a0 <\/span>es total.<\/p>\n<p>Son tantos y tan mal investigados los cr\u00edmenes que los delincuentes resultan favorecidos.<\/p>\n<p>Y si a lo anterior le agrega usted su dosis de corrupci\u00f3n por parte de las autoridades, tiene usted el por qu\u00e9 de la ola delictiva.<span class=\"Apple-converted-space\">\u00a0<\/span><\/p>\n<p>Cabe se\u00f1alar que esa problem\u00e1tica social no es exclusiva de la capital, en todo M\u00e9xico golpea el crimen.<\/p>\n<p>Es elevado el \u00edndice de homicidios dolosos, extorsiones, secuestros, asaltos, robo de coches, etc., que tiene en la reflexi\u00f3n y en la angustia a los mexicanos.<\/p>\n<p>Y lo grave de la situaci\u00f3n es que no se le ve fin a los cr\u00edmenes y a los dem\u00e1s tipos de delito.<\/p>\n<p>Queda uno impresionado con los hechos delincuenciales registrados en las redes con videos sobre asesinatos a sangre fr\u00eda.<\/p>\n<p>O las im\u00e1genes de los asaltantes de automovilistas que act\u00faan impunemente en las calles de la capital.<span class=\"Apple-converted-space\">\u00a0 <\/span>Como se\u00f1alamos arriba, el problema se extiende a todo el pa\u00eds. Hay ciudades donde mueren decenas de personas acribilladas a balazos.<\/p>\n<p>Son cada vez m\u00e1s las fosas clandestinas con restos de personas desaparecidas y asesinadas.<span class=\"Apple-converted-space\">\u00a0<\/span><\/p>\n<p>Los habitantes de las diferentes ciudades estamos a merced de la delincuencia, sin un mensaje que nos aliente a esperar mejores tiempos con seguridad y paz.<\/p>\n<p>En la Ciudad de M\u00e9xico, la propia procuradora de justicia, Ernestina Godoy, admiti\u00f3 que la capital vive en una crisis de violencia.<span class=\"Apple-converted-space\">\u00a0 <\/span>\u00bfY esta situaci\u00f3n, que podr\u00eda calificarse de grave, alg\u00fan d\u00eda se acabar\u00e1?<span class=\"Apple-converted-space\">\u00a0<\/span><\/p>\n<p>Ojal\u00e1 y alguna autoridad nos contestara la pregunta.<\/p>\n<p style=\"text-align: center;\"><b>Renuncia Germ\u00e1n Mart\u00ednez al IMSS<\/b><\/p>\n<p>Un pol\u00edtico en toda la extensi\u00f3n de la palabra, como es Germ\u00e1n Mart\u00ednez, expanista, renunci\u00f3 a la direcci\u00f3n general del Instituto Mexicano del Seguro Social (IMSS).<\/p>\n<p>En el caso de Germ\u00e1n Mart\u00ednez fue de los pocos militantes que le sirvieron realmente a su partido Acci\u00f3n Nacional. Tras separarse de su organizaci\u00f3n, donde fue presidente nacional, se incorpor\u00f3 al equipo de campa\u00f1a de L\u00f3pez Obrador como parte del equipo de asesor\u00eda en materia electoral.<\/p>\n<p>El pol\u00edtico michoacano en su renuncia enviada al Consejo T\u00e9cnico reproch\u00f3 la injerencia perniciosa de la Secretar\u00eda de Hacienda y Cr\u00e9dito P\u00fablico (SHCP) al imponer recortes y ahorro en el organismo.<span class=\"Apple-converted-space\">\u00a0<\/span><\/p>\n<p>Tambi\u00e9n se\u00f1al\u00f3 un sinn\u00famero de inconformidades personales, por ejemplo:<\/p>\n<p>\u201cEl presidente del Gobierno de M\u00e9xico proclam\u00f3 el fin del neoliberalismo, pero en el IMSS algunas injerencias de Hacienda son de esencia neoliberal; ahorro y m\u00e1s ahorro, recortes de personal y m\u00e1s recortes de personal, y un redise\u00f1o institucional donde importa m\u00e1s el \u201ccargo\u201d que el \u201cencargo\u201d.<\/p>\n<p>En el IMSS no se obedece al Presidente.<\/p>\n<p>Solo creo que el eje de su reforma deben ser las personas que se atienden en el IMSS, y no los funcionarios que trabajan en el IMSS.<\/p>\n<p>El pa\u00eds requiere una reforma al IMSS<span class=\"Apple-converted-space\">\u00a0 <\/span>para acoplarlo al sistema universal de salud y al modelo preventivo, en el que se ataquen los determinantes sociales de la salud.<\/p>\n<p>Algunos funcionarios de Hacienda intentan una remodelaci\u00f3n cosm\u00e9tica del IMSS, con la que se pretende reformar el Reglamento para colocar funcionarios administrativos en los Estados desde dicha Secretar\u00eda, y as\u00ed anular a los Delegados que el Consejo T\u00e9cnico aprob\u00f3\u201d.<\/p>\n<p>Sin duda, es una baja sensible para el gabinete ampliado del mandatario L\u00f3pez Obrador.<\/p>\n<p>Ni peces gordos, ni flacos<\/p>\n<p>En el combate a la corrupci\u00f3n a\u00fan no hay funcionarios encarcelados.<\/p>\n<p>\u00bfQu\u00e9 esperan las autoridades para proceder penalmente contra los corruptos?<\/p>\n<p>En casi todos sus discursos el presidente Andr\u00e9s Manuel L\u00f3pez Obrador se queja del neoliberalismo corruptor y de quienes lo propiciaron y practicaron, pero esos personajes o est\u00e1n muertos o viven felices.<span class=\"Apple-converted-space\">\u00a0<\/span><\/p>\n<p>Ni peces gordos ni flacos son llamados a cuentas ante la justicia.<span class=\"Apple-converted-space\">\u00a0<\/span><\/p>\n<p>Por ejemplo, los \u201chuachicoleros\u201d, que por tantos a\u00f1os robaron a Pemex desde sus propias oficinas, siguen libres.<span class=\"Apple-converted-space\">\u00a0<\/span><\/p>\n<p>De los sujetos enriquecidos por la \u201corde\u00f1a\u201d ni sus luces, como se dice coloquialmente.<span class=\"Apple-converted-space\">\u00a0<\/span><\/p>\n<p>La Fiscal\u00eda tendr\u00e1 que intensificar su tarea, porque son muchos los pol\u00edticos que saquearon al pa\u00eds en la llamada \u00e9poca neoliberal que deber\u00edan estar en prisi\u00f3n.<\/p>\n<p>\u00bfO de plano habr\u00e1 borr\u00f3n y cuenta nueva? \u00bfEn esos asuntos, la justicia debe ser el\u00e1stica? \u00bfUsted qu\u00e9 opina amable lector?<\/p>\n<p><em><u><a href=\"mailto:aco2742@hotmail.com\" target=\"_blank\" rel=\"noopener noreferrer\">aco2742@hotmail.com<\/a><\/u><\/em><\/p>\n","protected":false},"excerpt":{"rendered":"<p><span style=\"color: #005497;\"><strong>Augusto Corro<\/strong><\/span><\/p>\n","protected":false},"author":1,"featured_media":0,"comment_status":"open","ping_status":"open","sticky":false,"template":"","format":"standard","meta":{"_monsterinsights_skip_tracking":false,"_monsterinsights_sitenote_active":false,"_monsterinsights_sitenote_note":"","_monsterinsights_sitenote_category":0,"footnotes":""},"categories":[157],"tags":[43686,43674,11515],"class_list":["post-428402","post","type-post","status-publish","format-standard","hentry","category-augusto-corro","tag-augusto-corro","tag-opinion","tag-punto-por-punto"],"_links":{"self":[{"href":"https:\/\/www.diarioimagen.net\/index.php?rest_route=\/wp\/v2\/posts\/428402","targetHints":{"allow":["GET"]}}],"collection":[{"href":"https:\/\/www.diarioimagen.net\/index.php?rest_route=\/wp\/v2\/posts"}],"about":[{"href":"https:\/\/www.diarioimagen.net\/index.php?rest_route=\/wp\/v2\/types\/post"}],"author":[{"embeddable":true,"href":"https:\/\/www.diarioimagen.net\/index.php?rest_route=\/wp\/v2\/users\/1"}],"replies":[{"embeddable":true,"href":"https:\/\/www.diarioimagen.net\/index.php?rest_route=%2Fwp%2Fv2%2Fcomments&post=428402"}],"version-history":[{"count":0,"href":"https:\/\/www.diarioimagen.net\/index.php?rest_route=\/wp\/v2\/posts\/428402\/revisions"}],"wp:attachment":[{"href":"https:\/\/www.diarioimagen.net\/index.php?rest_route=%2Fwp%2Fv2%2Fmedia&parent=428402"}],"wp:term":[{"taxonomy":"category","embeddable":true,"href":"https:\/\/www.diarioimagen.net\/index.php?rest_route=%2Fwp%2Fv2%2Fcategories&post=428402"},{"taxonomy":"post_tag","embeddable":true,"href":"https:\/\/www.diarioimagen.net\/index.php?rest_route=%2Fwp%2Fv2%2Ftags&post=428402"}],"curies":[{"name":"wp","href":"https:\/\/api.w.org\/{rel}","templated":true}]}}