{"id":428453,"date":"2019-05-22T00:09:38","date_gmt":"2019-05-22T05:09:38","guid":{"rendered":"https:\/\/www.diarioimagen.net\/?p=428453"},"modified":"2019-05-22T02:59:02","modified_gmt":"2019-05-22T07:59:02","slug":"universidad-publica-debe-seguir-proponiendo-soluciones-a-desafios-de-la-sociedad-barrera","status":"publish","type":"post","link":"https:\/\/www.diarioimagen.net\/?p=428453","title":{"rendered":"Universidad p\u00fablica debe seguir proponiendo soluciones a desaf\u00edos de la sociedad: Barrera"},"content":{"rendered":"<ul>\n<li><strong><em>Conmemoran D\u00eda del Maestro en la UAEM<\/em><\/strong><\/li>\n<\/ul>\n<p>&nbsp;<\/p>\n<div id=\"attachment_428504\" style=\"width: 470px\" class=\"wp-caption aligncenter\"><a href=\"https:\/\/www.diarioimagen.net\/?attachment_id=428504\" rel=\"attachment wp-att-428504\"><img loading=\"lazy\" decoding=\"async\" aria-describedby=\"caption-attachment-428504\" class=\"size-large wp-image-428504\" src=\"https:\/\/www.diarioimagen.net\/wp-content\/uploads\/2019\/05\/UAEM-22-460x259.jpg\" alt=\"\" width=\"460\" height=\"259\" srcset=\"https:\/\/www.diarioimagen.net\/wp-content\/uploads\/2019\/05\/UAEM-22-460x259.jpg 460w, https:\/\/www.diarioimagen.net\/wp-content\/uploads\/2019\/05\/UAEM-22-240x135.jpg 240w, https:\/\/www.diarioimagen.net\/wp-content\/uploads\/2019\/05\/UAEM-22-235x132.jpg 235w, https:\/\/www.diarioimagen.net\/wp-content\/uploads\/2019\/05\/UAEM-22-202x114.jpg 202w, https:\/\/www.diarioimagen.net\/wp-content\/uploads\/2019\/05\/UAEM-22-350x196.jpg 350w, https:\/\/www.diarioimagen.net\/wp-content\/uploads\/2019\/05\/UAEM-22-220x123.jpg 220w, https:\/\/www.diarioimagen.net\/wp-content\/uploads\/2019\/05\/UAEM-22-237x132.jpg 237w, https:\/\/www.diarioimagen.net\/wp-content\/uploads\/2019\/05\/UAEM-22.jpg 480w\" sizes=\"auto, (max-width: 460px) 100vw, 460px\" \/><\/a><p id=\"caption-attachment-428504\" class=\"wp-caption-text\">El rector Alfredo Barrera encabez\u00f3 el festejo conmemorativo al D\u00eda del Maestro, organizado por la Federaci\u00f3n de Asociaciones Aut\u00f3nomas de Personal Acad\u00e9mico de la UAEM (FAAPAUAEM).<\/p><\/div>\n<p>&nbsp;<\/p>\n<p><strong>Toluca, Estado de M\u00e9xico<\/strong>.\u2013 La universidad p\u00fablica es y debe seguir siendo capaz de transmitir lo m\u00e1s avanzado del conocimiento cient\u00edfico y tecnol\u00f3gico, de investigar el mundo y al ser humano para proponer soluciones responsables a los desaf\u00edos que enfrenta la sociedad, asever\u00f3 el rector Alfredo Barrera Baca, durante la cena conmemorativa al D\u00eda del Maestro organizada por la Federaci\u00f3n de Asociaciones Aut\u00f3nomas de Personal Acad\u00e9mico de la UAEM (FAAPAUAEM).<\/p>\n<p>Acompa\u00f1ado de la secretaria general de la FAAPAUAEM, Gilda Gonz\u00e1lez Villase\u00f1or, Barrera Baca reconoci\u00f3 que la mayor riqueza y fortaleza de esta casa de estudios reside en sus docentes e investigadores, pues su talento, adem\u00e1s de beneficiar a estudiantes, aporta nuevo conocimiento al di\u00e1logo global con sus pares acad\u00e9micos nacionales y del extranjero.<\/p>\n<p>En este tradicional evento, marco en el que se rif\u00f3 un autom\u00f3vil \u00faltimo modelo, Alfredo Barrera Baca invit\u00f3 al claustro docente a asumir el desaf\u00edo de ejercer una docencia m\u00e1s creativa y humanista, una ciencia que examine en todo momento sus m\u00e9todos y resultados, que las humanidades revelen nuevos sentidos para la existencia, que la tecnolog\u00eda proporcione soluciones sustentables y las artes inspiren nuevas preguntas y respuestas sobre la condici\u00f3n humana.<\/p>\n<p>Ante la presidenta del Consejo de C\u00e1maras y Asociaciones Empresariales del Estado de M\u00e9xico (CONCAEM), Mar\u00eda de Lourdes Medina Ortega, Gilda Gonz\u00e1lez Villase\u00f1or reconoci\u00f3 el papel de los docentes como formadores de profesionistas exitosos, de hombres y mujeres \u00edntegros.<\/p>\n<p>Ante integrantes del gabinete universitario, la secretaria general de la FAAPAUAEM expres\u00f3 su compromiso para continuar dirigiendo a la agrupaci\u00f3n por la senda que caracteriza a la Aut\u00f3noma Mexiquense, como una de las instituciones m\u00e1s grandes y prestigiadas del pa\u00eds.<\/p>\n","protected":false},"excerpt":{"rendered":"<p>La universidad p\u00fablica es y debe seguir siendo capaz de transmitir lo m\u00e1s avanzado del conocimiento cient\u00edfico y tecnol\u00f3gico, de investigar el mundo y al ser humano para proponer soluciones responsables a los desaf\u00edos que enfrenta la sociedad, asever\u00f3 el rector Alfredo Barrera Baca, durante la cena conmemorativa al D\u00eda del Maestro organizada por la Federaci\u00f3n de Asociaciones Aut\u00f3nomas de Personal Acad\u00e9mico de la UAEM (FAAPAUAEM).<\/p>\n","protected":false},"author":3,"featured_media":428504,"comment_status":"open","ping_status":"open","sticky":false,"template":"","format":"standard","meta":{"_monsterinsights_skip_tracking":false,"_monsterinsights_sitenote_active":false,"_monsterinsights_sitenote_note":"","_monsterinsights_sitenote_category":0,"footnotes":""},"categories":[5],"tags":[43675,452,1491],"class_list":["post-428453","post","type-post","status-publish","format-standard","has-post-thumbnail","hentry","category-estado-de-mexico","tag-estado-de-mexico","tag-toluca","tag-uaem"],"_links":{"self":[{"href":"https:\/\/www.diarioimagen.net\/index.php?rest_route=\/wp\/v2\/posts\/428453","targetHints":{"allow":["GET"]}}],"collection":[{"href":"https:\/\/www.diarioimagen.net\/index.php?rest_route=\/wp\/v2\/posts"}],"about":[{"href":"https:\/\/www.diarioimagen.net\/index.php?rest_route=\/wp\/v2\/types\/post"}],"author":[{"embeddable":true,"href":"https:\/\/www.diarioimagen.net\/index.php?rest_route=\/wp\/v2\/users\/3"}],"replies":[{"embeddable":true,"href":"https:\/\/www.diarioimagen.net\/index.php?rest_route=%2Fwp%2Fv2%2Fcomments&post=428453"}],"version-history":[{"count":0,"href":"https:\/\/www.diarioimagen.net\/index.php?rest_route=\/wp\/v2\/posts\/428453\/revisions"}],"wp:featuredmedia":[{"embeddable":true,"href":"https:\/\/www.diarioimagen.net\/index.php?rest_route=\/wp\/v2\/media\/428504"}],"wp:attachment":[{"href":"https:\/\/www.diarioimagen.net\/index.php?rest_route=%2Fwp%2Fv2%2Fmedia&parent=428453"}],"wp:term":[{"taxonomy":"category","embeddable":true,"href":"https:\/\/www.diarioimagen.net\/index.php?rest_route=%2Fwp%2Fv2%2Fcategories&post=428453"},{"taxonomy":"post_tag","embeddable":true,"href":"https:\/\/www.diarioimagen.net\/index.php?rest_route=%2Fwp%2Fv2%2Ftags&post=428453"}],"curies":[{"name":"wp","href":"https:\/\/api.w.org\/{rel}","templated":true}]}}