{"id":428469,"date":"2019-05-22T00:06:48","date_gmt":"2019-05-22T05:06:48","guid":{"rendered":"https:\/\/www.diarioimagen.net\/?p=428469"},"modified":"2019-05-22T03:15:18","modified_gmt":"2019-05-22T08:15:18","slug":"reconoce-y-galardona-tlalnepantla-a-mujeres-emprendedoras-luchonas","status":"publish","type":"post","link":"https:\/\/www.diarioimagen.net\/?p=428469","title":{"rendered":"Reconoce y galardona Tlalnepantla a mujeres emprendedoras \u00abluchonas\u00bb"},"content":{"rendered":"<ul>\n<li><strong><em>Compromiso para erradicar la violencia contra ellas<\/em><\/strong><\/li>\n<\/ul>\n<p>&nbsp;<\/p>\n<div id=\"attachment_428517\" style=\"width: 470px\" class=\"wp-caption aligncenter\"><a href=\"https:\/\/www.diarioimagen.net\/?attachment_id=428517\" rel=\"attachment wp-att-428517\"><img loading=\"lazy\" decoding=\"async\" aria-describedby=\"caption-attachment-428517\" class=\"size-large wp-image-428517\" src=\"https:\/\/www.diarioimagen.net\/wp-content\/uploads\/2019\/05\/TLALNEPANTLA-22-460x182.jpg\" alt=\"\" width=\"460\" height=\"182\" srcset=\"https:\/\/www.diarioimagen.net\/wp-content\/uploads\/2019\/05\/TLALNEPANTLA-22-460x182.jpg 460w, https:\/\/www.diarioimagen.net\/wp-content\/uploads\/2019\/05\/TLALNEPANTLA-22-240x95.jpg 240w, https:\/\/www.diarioimagen.net\/wp-content\/uploads\/2019\/05\/TLALNEPANTLA-22.jpg 700w\" sizes=\"auto, (max-width: 460px) 100vw, 460px\" \/><\/a><p id=\"caption-attachment-428517\" class=\"wp-caption-text\">El presidente municipal, Raciel P\u00e9rez Cruz, refrend\u00f3 su compromiso en favor del empoderamiento de las mujeres y para erradicar la violencia de g\u00e9nero.<\/p><\/div>\n<p>&nbsp;<\/p>\n<p><strong>Tlalnepantla, Estado de M\u00e9xico<\/strong>.- Al entregar reconocimientos a 46 mujeres que participaron en el taller Emprende, el presidente municipal, Raciel P\u00e9rez Cruz, refrend\u00f3 su compromiso en favor del empoderamiento de las mujeres y para erradicar la violencia de g\u00e9nero en este municipio.<\/p>\n<p>El edil se\u00f1al\u00f3 que \u201ccuando una mujer conoce sus derechos y los ejerce, disminuye sustancialmente la posibilidad de ser maltratada, por ello estamos comprometidos a erradicar la violencia y hacer de nuestra ciudad un lugar donde caminen con seguridad y donde puedan realizar sus sue\u00f1os y sus anhelos\u201d.<\/p>\n<p>El Instituto Municipal para las Mujeres y la Equidad de G\u00e9nero en coordinaci\u00f3n con la Fundaci\u00f3n ProEmpleo DF impartieron el taller Emprende, en el que ellas se capacitaron durante cuatro semanas en temas como: desarrollo humano; administraci\u00f3n y mercadotecnia; finanzas, aspectos legales y fiscales; ventas y servicio al cliente; y responsabilidad social empresarial. Ante integrantes del cabildo y representantes de la Asociaci\u00f3n ProEmpleo DF, P\u00e9rez Cruz indic\u00f3 que a trav\u00e9s de esta capacitaci\u00f3n las mujeres cuentan con las herramientas y las destrezas necesarias para emprender y para que sus empresas tengan resultados positivos.<\/p>\n<p>Expres\u00f3 que con este taller han obtenido la capacidad para ser agentes de cambio que incidan de manera directa en los procesos de bienestar de las comunidades de Tlalnepantla.<\/p>\n","protected":false},"excerpt":{"rendered":"<p>Al entregar reconocimientos a 46 mujeres que participaron en el taller Emprende, el presidente municipal, Raciel P\u00e9rez Cruz, refrend\u00f3 su compromiso en favor del empoderamiento de las mujeres y para erradicar la violencia de g\u00e9nero en este municipio.<\/p>\n","protected":false},"author":3,"featured_media":428517,"comment_status":"open","ping_status":"open","sticky":false,"template":"","format":"standard","meta":{"_monsterinsights_skip_tracking":false,"_monsterinsights_sitenote_active":false,"_monsterinsights_sitenote_note":"","_monsterinsights_sitenote_category":0,"footnotes":""},"categories":[5],"tags":[43675,85462,85461,169],"class_list":["post-428469","post","type-post","status-publish","format-standard","has-post-thumbnail","hentry","category-estado-de-mexico","tag-estado-de-mexico","tag-galardona","tag-luchonas","tag-tlalnepantla"],"_links":{"self":[{"href":"https:\/\/www.diarioimagen.net\/index.php?rest_route=\/wp\/v2\/posts\/428469","targetHints":{"allow":["GET"]}}],"collection":[{"href":"https:\/\/www.diarioimagen.net\/index.php?rest_route=\/wp\/v2\/posts"}],"about":[{"href":"https:\/\/www.diarioimagen.net\/index.php?rest_route=\/wp\/v2\/types\/post"}],"author":[{"embeddable":true,"href":"https:\/\/www.diarioimagen.net\/index.php?rest_route=\/wp\/v2\/users\/3"}],"replies":[{"embeddable":true,"href":"https:\/\/www.diarioimagen.net\/index.php?rest_route=%2Fwp%2Fv2%2Fcomments&post=428469"}],"version-history":[{"count":0,"href":"https:\/\/www.diarioimagen.net\/index.php?rest_route=\/wp\/v2\/posts\/428469\/revisions"}],"wp:featuredmedia":[{"embeddable":true,"href":"https:\/\/www.diarioimagen.net\/index.php?rest_route=\/wp\/v2\/media\/428517"}],"wp:attachment":[{"href":"https:\/\/www.diarioimagen.net\/index.php?rest_route=%2Fwp%2Fv2%2Fmedia&parent=428469"}],"wp:term":[{"taxonomy":"category","embeddable":true,"href":"https:\/\/www.diarioimagen.net\/index.php?rest_route=%2Fwp%2Fv2%2Fcategories&post=428469"},{"taxonomy":"post_tag","embeddable":true,"href":"https:\/\/www.diarioimagen.net\/index.php?rest_route=%2Fwp%2Fv2%2Ftags&post=428469"}],"curies":[{"name":"wp","href":"https:\/\/api.w.org\/{rel}","templated":true}]}}