{"id":428492,"date":"2019-05-22T00:10:55","date_gmt":"2019-05-22T05:10:55","guid":{"rendered":"https:\/\/www.diarioimagen.net\/?p=428492"},"modified":"2019-05-22T04:33:35","modified_gmt":"2019-05-22T09:33:35","slug":"sheinbaum-y-ebrard-deben-amarrar-a-sus-perros","status":"publish","type":"post","link":"https:\/\/www.diarioimagen.net\/?p=428492","title":{"rendered":"Sheinbaum y Ebrard deben amarrar a sus perros"},"content":{"rendered":"<h2>\u00cdndice pol\u00edtico<\/h2>\n<h5>Francisco Rodr\u00edguez<\/h5>\n<p>&nbsp;<\/p>\n<div id=\"attachment_428545\" style=\"width: 470px\" class=\"wp-caption aligncenter\"><a href=\"https:\/\/www.diarioimagen.net\/?attachment_id=428545\" rel=\"attachment wp-att-428545\"><img loading=\"lazy\" decoding=\"async\" aria-describedby=\"caption-attachment-428545\" class=\"size-large wp-image-428545\" src=\"https:\/\/www.diarioimagen.net\/wp-content\/uploads\/2019\/05\/la-cuarta-transformacion-al-cien-MARAL-460x268.jpg\" alt=\"\" width=\"460\" height=\"268\" srcset=\"https:\/\/www.diarioimagen.net\/wp-content\/uploads\/2019\/05\/la-cuarta-transformacion-al-cien-MARAL-460x268.jpg 460w, https:\/\/www.diarioimagen.net\/wp-content\/uploads\/2019\/05\/la-cuarta-transformacion-al-cien-MARAL-240x140.jpg 240w, https:\/\/www.diarioimagen.net\/wp-content\/uploads\/2019\/05\/la-cuarta-transformacion-al-cien-MARAL-768x447.jpg 768w, https:\/\/www.diarioimagen.net\/wp-content\/uploads\/2019\/05\/la-cuarta-transformacion-al-cien-MARAL.jpg 1200w\" sizes=\"auto, (max-width: 460px) 100vw, 460px\" \/><\/a><p id=\"caption-attachment-428545\" class=\"wp-caption-text\">La Cuarta Transformaci\u00f3n, a cien&#8230; | Maral<\/p><\/div>\n<p>&nbsp;<\/p>\n<p>Se equivocan quienes lleguen a pensar que la temporada de caza que se ha abierto en la Ciudad de M\u00e9xico involucra s\u00f3lo a los ex jefes de gobierno. Da para m\u00e1s: abarca tambi\u00e9n a otros partidos pol\u00edticos diferentes a Morena y a personajes que buscan sus 15 minutos de gloria, creyendo que defienden a los patrones.<\/p>\n<p>Es uno de esos pleitos de vecindad donde cada quien escoge a su pareja, normalmente el perfil m\u00e1s al pelo, para quedar como gran cazador de cabezas, aunque tenga que inventar razones, poner precios, subir escaladas, lastimar al que sea. Es el baile del poder.<\/p>\n<p>Especies que no se pueden menospreciar hablan de grupos pri\u00edstas atizando y pagando militantes que provocan fuegos en bosques y pastizales de los alrededores de Ciudad de M\u00e9xico para provocar contaminaciones letales y emergencias urbanas que ten\u00eda rato no se ve\u00edan por estos lares.<\/p>\n<p>El PRI se qued\u00f3 con una asignatura pendiente cuando su candidato a\u00a0La Grande\u00a0no pudo rescatar casi nada en la capital de la Rep\u00fablica, a pesar de que todos los jilgueros habidos y por haber le hab\u00edan juntado a las sirenas para que cantaran odas de bienaventuranza.<\/p>\n<p>Meade jam\u00e1s peg\u00f3 su chicle en la Ciudad de M\u00e9xico, a la que se le invirtieron grandes sumas y esperanzas pues, dec\u00edan, Par\u00eds val\u00eda una misa.\u200e Se quedaron azorados cuando se dieron cuenta de que Morena no dej\u00f3 una delegaci\u00f3n, hoy alcald\u00edas, casi ni para comadre.<\/p>\n<p>Por el lado del PRD, no pocos atizaron el caldero para hacer caer a Claudia Sheinbaum en el garlito del Colegio R\u00e9bsamen, que ni mandado a hacer para un fracaso sonado y un alumbramiento de consecuencias fatales.<\/p>\n<p>El PAN, dicen, se ha sumado a las huestes pri\u00edstas provocadoras de los incendios en la provincia aleda\u00f1a para asestar un golpe de consecuencias incalculables para el futuro cercano de la se\u00f1ora Sheinbaum y de su partido. Lo mismo pasa en los acontecimientos del estado de Morelos, donde los pripanistas atizan todo contra Cuauht\u00e9moc Blanco.<\/p>\n<p>La exhibida que el peri\u00f3dico madrile\u00f1o\u00a0El Pa\u00eds\u00a0le dio a Claudia Sheinbaum por su incuria para tratar la emergencia causada por la emergencia ambiental, fue de campeonato. Pero eso y m\u00e1s se puede recoger cuando los advenedizos colaboradores la meten en camisas de 11 varas.<\/p>\n<p>Dos de las mejores cartas que Andr\u00e9s Manuel L\u00f3pez Obrador ten\u00eda para las elecciones generales del 2024, Claudia Sheinbaum y Marcelo Ebrard, han sido gravemente golpeados y tocados internacionalmente por un pleito de callej\u00f3n que realmente no merecen. No est\u00e1 el horno para bollos en estos momentos. Y no lo entienden.<\/p>\n<p>La temporada de caza se ha abierto y la presa de la cacer\u00eda es simplemente la cereza del pastel, el asiento de los poderes federales, el lugar de la toma de decisiones nacionales: Ciudad de M\u00e9xico. Y en la guerra, la pol\u00edtica y el amor, todo se vale, excepto si se es descubierto.<\/p>\n<p>Y es que eso de utilizar al Instituto de Verificaci\u00f3n Administrativa, uno de los inventos utilizados en el gobierno de la ciudad para incriminar al personaje que m\u00e1s promovi\u00f3 sus facultades, independencia y ejecutividad, se hace de muy pocas entendederas. Pero es la verdad. Se vale de todo y a toda hora.<\/p>\n<p>Layda Sansores, la inefable campechana que siempre se cuelga de cualquier gancho, ha decidido que \u00e9sta es su oportunidad para brillar como ariete de la venganza de Fabi\u00e1n Medina, un oscuro personaje que utiliza los resortes de la canciller\u00eda para meter su peine en cualquier parte. Fabi\u00e1n Medina, pues, usa a la pobre Sansores.<\/p>\n<p>Porque,\u00a0amancornado\u00a0con Alberto Esteva \u2014un polic\u00eda chino oaxaque\u00f1o inventado por Dante Delgado en Convergencia y tambi\u00e9n con ansias de novillero\u2014, Fabi\u00e1n Medina asalt\u00f3 f\u00edsicamente la casa donde viven los hijos de Luis Serna, quien fuera secretario particular del anterior jefe de Gobierno, Miguel \u00c1ngel Mancera, acusando al ex funcionario de estar realizando obras que nunca existieron, que no existen.<\/p>\n<p>Todo con el af\u00e1n de exhibir a Serna ante el respetable como un hombre de posibles, sujeto a cualquier asalto, robo o lo que sea por parte de los amigos de lo ajeno. Desde luego, la casa de los hijos de Serna qued\u00f3 sellada, como si se tratara de cualquier tugurio.<\/p>\n<p>Nadie sabe con qui\u00e9n se mete. Menos dos advenedizos atrevidos como Alberto Esteva y Fabi\u00e1n Medina que, por cierto, tienen sendas investigaciones de un pasado muy reciente que podr\u00edan involucrar y comprometer tanto a Layda Sansores como al canciller Ebrard.<\/p>\n<p>Porque en su af\u00e1n por da\u00f1ar a Luis Serna, los aventureros comprometieron tambi\u00e9n a Miguel \u00c1ngel Mancera, quien no ten\u00eda que ver en estos lances. El ex jefe de Gobierno tuvo que aclararle a Layda Sansores que \u00e9l viv\u00eda en la colonia N\u00e1poles, por si la alcaldesa de \u00c1lvaro Obreg\u00f3n no lo sab\u00eda.<\/p>\n<p>En este zipizape los que m\u00e1s llevan la de perder son los tres que se han querido vestir de gloria frente a Claudia Sheinbaum: Layda Sansores, Alberto Esteva y \u2013among all people\u2014 Fabi\u00e1n Medina. Pero si las cosas siguen como van, ser\u00e1n ellos los que deban rendir cuentas ante sus respectivos jefes. Son los perros del hortelano.<\/p>\n<p>Pero a esos perros hay que amarrarlos antes de que sigan comprometiendo las d\u00e9biles estructuras que hoy sostienen a sus valedores. No vaya a ser que la suerte se las contamine con todo y pulgas. A\u00fan est\u00e1n a tiempo de recapacitar.<\/p>\n<p>Parece mentira que tres aventureros de tercer tal\u00f3n hayan echado por la borda antes de tiempo carreras pol\u00edticas que tanto ha costado construir. Todo por el af\u00e1n del protagonismo pendenciero.<\/p>\n<p>Las temporadas de caza empiezan cuando la ocasi\u00f3n se presta. Todav\u00eda no es tiempo de tirar cuetes, primero tendr\u00edan que recoger varas. \u00bfNo cree usted?<\/p>\n<p><strong><em>\u00cdndice Flam\u00edgero:<\/em><\/strong> Cuando fung\u00eda como presidente del CEN del PRI, Carlos Sansores P\u00e9rez platicaba al escribidor cu\u00e1l era su \u00e9xito en la pol\u00edtica. Llamaba a su secretario particular, el tambi\u00e9n campechano Abel Santacruz, lo presum\u00eda como excelente nadador y le preguntaba: \u201c\u00bfQu\u00e9 haces, Abel, cuando en el oc\u00e9ano avistas a un tibur\u00f3n?\u201d. A lo que Santacruz respond\u00eda: \u201cNo me muevo. S\u00f3lo floto\u201d. Y Sansores remataba: \u201cAs\u00ed es la pol\u00edtica. Cuando sientes estar en peligro, no te muevas: flota. \u00a1Nunca rompas la ecolog\u00eda!\u201d Layda, su hija, nada le aprendi\u00f3. \u00a1L\u00e1stima! + + + Mi colega Carlos Ram\u00edrez dio a conocer, hace justo 11 meses, lo que parece ser la ficha criminal del otro personaje de tercer tal\u00f3n que usa y abusa de Layda Sansores. En su\u00a0Indicador Pol\u00edtico\u00a0del 20 de junio de 2018, Ram\u00edrez apunta: \u201cDetr\u00e1s de Sansores se encuentra otro personaje de la pol\u00edtica de ca\u00f1er\u00edas: su asesor de cabecera Alberto Esteva Salinas, un incondicional y pieza de ataque de Ebrard. Esteva, nacido en Oaxaca, se forj\u00f3 de 1985 a 1989 en la Direcci\u00f3n de Informaci\u00f3n y Seguridad Nacional, surgido de las cenizas de la Federal de Seguridad y antecedente del CISEN. Se ali\u00f3 a Ebrard desde los a\u00f1os del DDF de Manuel Camacho Sol\u00eds. En el 2006 fungi\u00f3 como subsecretario de Gobierno de Ebrard en el GDF. De 2013 a 2015, Esteva fue designado como secretario de Seguridad P\u00fablica del gobierno PAN-PRD-MC en Oaxaca por el gobernador aliancista Gabino Cu\u00e9 Monteagudo, pero renunci\u00f3 ante las denuncias de polic\u00edas de tr\u00e1fico de sueldos y de recursos y luego de un paro laboral de polic\u00edas de m\u00e1s de un mes. Enojados por las burlas de Esteva, varios polic\u00edas irrumpieron en la C\u00e1mara de Diputados local durante una comparecencia para acusarlo de corrupto. Luego de muchas presiones, Esteva renunci\u00f3 por Twitter y nunca entreg\u00f3 su renuncia oficial, lo que signific\u00f3 que simplemente dej\u00f3 tirado el cargo. Hoy, ese Esteva es quien impulsa los ataques de Sansores contra Mancera\u2026\u201d + + + Una m\u00e1s del hidalguense Arturo Herrera, subsecretario en la SHCP: Todo indica que los muchos reproches de Germ\u00e1n Mart\u00ednez, al presentar ayer su renuncia al IMSS, iban dirigidos a \u00e9l.<\/p>\n<p><em><u><a href=\"http:\/\/www.indicepolitico.com\" target=\"_blank\" rel=\"noopener noreferrer\">www.indicepolitico.com<\/a><br \/>\n<a href=\"mailto:pacorodriguez@journalist.com\" target=\"_blank\" rel=\"noopener noreferrer\">pacorodriguez@journalist.com<\/a><br \/>\n<a href=\"https:\/\/twitter.com\/pacorodriguez\" target=\"_blank\" rel=\"noopener noreferrer\">@pacorodriguez<\/a><\/u><\/em><\/p>\n","protected":false},"excerpt":{"rendered":"<p><span style=\"color: #005497;\"><strong>Francisco Rodr\u00edguez<\/strong><\/span><br \/>\n<br \/>\nSe equivocan quienes lleguen a pensar que la temporada de caza que se ha abierto en la Ciudad de M\u00e9xico involucra s\u00f3lo a los ex jefes de gobierno. Da para m\u00e1s: abarca tambi\u00e9n a otros partidos pol\u00edticos diferentes a Morena y a personajes que buscan sus 15 minutos de gloria, creyendo que defienden a los patrones.<\/p>\n","protected":false},"author":3,"featured_media":428545,"comment_status":"open","ping_status":"open","sticky":false,"template":"","format":"standard","meta":{"_monsterinsights_skip_tracking":false,"_monsterinsights_sitenote_active":false,"_monsterinsights_sitenote_note":"","_monsterinsights_sitenote_category":0,"footnotes":""},"categories":[549],"tags":[43689,550,43674],"class_list":["post-428492","post","type-post","status-publish","format-standard","has-post-thumbnail","hentry","category-francisco-rodriguez","tag-francisco-rodriguez","tag-indice-politico","tag-opinion"],"_links":{"self":[{"href":"https:\/\/www.diarioimagen.net\/index.php?rest_route=\/wp\/v2\/posts\/428492","targetHints":{"allow":["GET"]}}],"collection":[{"href":"https:\/\/www.diarioimagen.net\/index.php?rest_route=\/wp\/v2\/posts"}],"about":[{"href":"https:\/\/www.diarioimagen.net\/index.php?rest_route=\/wp\/v2\/types\/post"}],"author":[{"embeddable":true,"href":"https:\/\/www.diarioimagen.net\/index.php?rest_route=\/wp\/v2\/users\/3"}],"replies":[{"embeddable":true,"href":"https:\/\/www.diarioimagen.net\/index.php?rest_route=%2Fwp%2Fv2%2Fcomments&post=428492"}],"version-history":[{"count":0,"href":"https:\/\/www.diarioimagen.net\/index.php?rest_route=\/wp\/v2\/posts\/428492\/revisions"}],"wp:featuredmedia":[{"embeddable":true,"href":"https:\/\/www.diarioimagen.net\/index.php?rest_route=\/wp\/v2\/media\/428545"}],"wp:attachment":[{"href":"https:\/\/www.diarioimagen.net\/index.php?rest_route=%2Fwp%2Fv2%2Fmedia&parent=428492"}],"wp:term":[{"taxonomy":"category","embeddable":true,"href":"https:\/\/www.diarioimagen.net\/index.php?rest_route=%2Fwp%2Fv2%2Fcategories&post=428492"},{"taxonomy":"post_tag","embeddable":true,"href":"https:\/\/www.diarioimagen.net\/index.php?rest_route=%2Fwp%2Fv2%2Ftags&post=428492"}],"curies":[{"name":"wp","href":"https:\/\/api.w.org\/{rel}","templated":true}]}}