{"id":428551,"date":"2019-05-22T00:01:33","date_gmt":"2019-05-22T05:01:33","guid":{"rendered":"https:\/\/www.diarioimagen.net\/?p=428551"},"modified":"2019-05-22T06:11:39","modified_gmt":"2019-05-22T11:11:39","slug":"el-agua-y-el-aceite-nunca-se-han-podido-mezclar-german-martinez-renuncia-al-imss","status":"publish","type":"post","link":"https:\/\/www.diarioimagen.net\/?p=428551","title":{"rendered":"El agua y el aceite nunca se han podido mezclar: Germ\u00e1n Mart\u00ednez renuncia al IMSS"},"content":{"rendered":"<h2>La Retaguardia<\/h2>\n<h5>Adriana Moreno Cordero<\/h5>\n<p>&nbsp;<\/p>\n<ul>\n<li><strong><em>L\u00f3pez Obrador se coloca del lado de Carlos Manuel Urz\u00faa<\/em><\/strong><\/li>\n<\/ul>\n<p>&nbsp;<\/p>\n<p>Era m\u00e1s que evidente, el agua y el aceite nunca se han podido mezclar y la prueba m\u00e1s fehaciente de ello, es la renuncia de <strong>Germ\u00e1n Mart\u00ednez C\u00e1zares<\/strong> a la direcci\u00f3n del Instituto\u00a0 Mexicano del Seguro Social, por serias y palpables diferencias \u201cinjerencia perniciosa\u201d, dijo, con la Secretar\u00eda de Hacienda y Cr\u00e9dito P\u00fablico, cuyo titular es <strong>Carlos Manuel Urz\u00faa<\/strong>.<\/p>\n<p>Cierto, el agua y el aceite no se pueden mezclar y en pol\u00edtica, menos, ni aun cuando antes, Mart\u00ednez C\u00e1zares dej\u00f3 las filas de Acci\u00f3n Nacional para sumarse a las de Morena, donde fue recibido con los brazos abiertos por el mism\u00edsimo presidente <strong>Andr\u00e9s Manuel L\u00f3pez Obrador<\/strong>, quien obvio, se coloc\u00f3 del lado que de la Secretar\u00eda de Hacienda, al decir desde Veracruz: \u201cy yo soy muy ortodoxo, muy respetuoso de las decisiones que toma Hacienda\u201d.<\/p>\n<p>Lo que pasa en el fondo es que el tabasque\u00f1o defender\u00e1 siempre a aquellos funcionarios que no se atreven a chistar ni a cuestionarle absolutamente nada.<\/p>\n<p>No obstante, en este espacio se ha venido consignando en diversas ocasiones que en el breve plazo, el gabinete l\u00f3pezobradorista se cimbrar\u00e1 y la renuncia del ahora ex director del IMSS, bien puede ser el detonador; la mecha que seguir\u00e1 corriendo para que estalle la crisis que L\u00f3pez Obrador minimiza.<\/p>\n<p>No en balde, desde que empezaron sus funciones, se dej\u00f3 sentir un sobrado temor entre los integrantes del primer c\u00edrculo del tabasque\u00f1o y que se manifiesta en que no quieren mover ni un dedo por, m\u00e1s que miedo, p\u00e1nico, de desatar la ira de su presidente que se nota que lo suyo, lo suyo, es la venganza contra quien se atreva a contradecirlo, as\u00ed el pa\u00eds est\u00e9 de cabeza.<\/p>\n<p>Cuando estuvo al frente del Comit\u00e9 Ejecutivo Nacional del partido albiceleste, Mart\u00ednez C\u00e1zares se caracteriz\u00f3 por ser muy duro en contra de los que no eran cercanos al expresidente <strong>Felipe Calder\u00f3n<\/strong> y menudos pleitos se gan\u00f3 con otra parte de la militancia de Acci\u00f3n Nacional, pues \u00e9l era el principal operador de Calder\u00f3n Hinojosa, que en todo momento lo impuls\u00f3, hasta que en el 2009, el PAN se llev\u00f3 tremendo rev\u00e9s electoral.<\/p>\n<p>Entonces, el hoy flamante morenista de sangre azul, se retir\u00f3 de los reflectores pol\u00edticos.<\/p>\n<p>Tiempo despu\u00e9s, cuando lleg\u00f3 al Senado de la Rep\u00fablica bajo las siglas del partido del presidente, al pedir licencia a su esca\u00f1o para irse a ocupar la titularidad de IMSS, el exdirigente albiazul, dirigi\u00f3 un lacrim\u00f3geno discurso en el que record\u00f3 cuando en su natal Quiroga, Michoac\u00e1n, solo hab\u00eda una cl\u00ednica para atender a la poblaci\u00f3n m\u00e1s desprotegida y c\u00f3mo eso lo hab\u00eda movido para atender su nueva responsabilidad con todo su ser. \u00bfSer\u00e1? En otra parte de su alocuci\u00f3n se\u00f1al\u00f3: \u201clo quiero dejar claro, s\u00e9 perfectamente a donde voy; s\u00e9 perfectamente contra quienes voy\u201d.<\/p>\n<p>Y si bien se refer\u00eda a aquellos que lucran con el dolor, sus palabras parecieron significar lo contrario pues se nota que en realidad, no sab\u00eda con qui\u00e9n se enfrentaba; militantes de Morena a los que no les cay\u00f3 nada bien su llegada y su cercan\u00eda con L\u00f3pez Obrador, a quien antes hab\u00eda atacado duramente.<\/p>\n<p>Por lo pronto, en la sesi\u00f3n de hoy en la Comisi\u00f3n Permanente del Congreso de la Uni\u00f3n, la oposici\u00f3n en esa instancia legislativa pedir\u00e1 la comparecencia del secretario de Hacienda, s\u00ed, de ese que hace ya varios meses propuso que los abuelos se quedaran a cuidar a sus nietos, cuando su presidente cancel\u00f3 el programa de Estancias Infantiles, simple y sencillamente, porque fue en tiempos de Felipe Calder\u00f3n cuando se implement\u00f3.<\/p>\n<p>Los coordinadores en la C\u00e1mara Alta, <strong>Mauricio Kuri<\/strong>, del PAN; <strong>Miguel Angel Mancera<\/strong>, del PRD; <strong>Miguel Angel Osorio Chong<\/strong>, del PRI y <strong>Dante Delgado<\/strong>, de Movimiento Ciudadano, celebraron la decisi\u00f3n de Mart\u00ednez C\u00e1zares de haber renunciado para no someterse a los caprichos tanto del presidente, como del responsable de las finanzas p\u00fablicas y adem\u00e1s porque contra lo que se pueda pensar, el tabasque\u00f1o tiene pensado \u201creventar\u201d al IMSS.<\/p>\n<p>El rumor que corri\u00f3 por las redes horas despu\u00e9s de la dimisi\u00f3n del expanista a la titularidad del Instituto, es que <strong>Humberto Mayans Canabal<\/strong> estaba en la mira para sustituir a Mart\u00ednez C\u00e1zares, sin embargo, se supone que declin\u00f3, no obstante, el que s\u00ed podr\u00eda llegar es ni m\u00e1s ni menos que su hermano, <strong>Fernando Mayans<\/strong>. En fin, como\u00a0 un despreocupado L\u00f3pez Obrador dijo que si algo le sobraba para designar al sucesor del ex panista, era gente capaz, seguramente nombrar\u00e1 a alg\u00fan inexperto, acaso vendedor o vendedora por cat\u00e1logo, que no har\u00e1 m\u00e1s que agravar la de por s\u00ed fr\u00e1gil situaci\u00f3n del IMSS.<\/p>\n<p>Finalmente y respecto al extitular del Instituto, habr\u00e1 que ver que en caso de regresar al Senado de la Rep\u00fablica, como lo reciban los que se supone que ser\u00edan sus compa\u00f1eros de bancada. Lo que se ha consignado en este espacio en diversas ocasiones, sigue siendo aplicable para el caso: la ira del presidente L\u00f3pez Obrador, ser\u00e1 implacable.<\/p>\n<p style=\"text-align: center;\"><strong>Municiones<\/strong><\/p>\n<p>*** Seg\u00fan se sabe, durante la reuni\u00f3n que el gobernador de Quer\u00e9taro, <strong>Francisco Dom\u00ednguez<\/strong>, sostuvo esta semana con el presidente L\u00f3pez Obrador, se lograron definir las rutas para implementar un acuerdo para la concordia, combatir la corrupci\u00f3n, apoyar el crecimiento econ\u00f3mico y pacificar al pa\u00eds.<\/p>\n<p>Dicen los enterados que el jefe del Ejecutivo vio con tan buenos ojos la disposici\u00f3n de la Conago que ofreci\u00f3 apoyar los planes de infraestructura que tiene cada estado; y que, incluso, les dio v\u00eda libre para coordinarse con Banobras, cuyo titular es <strong>Jorge Mendoza<\/strong>, para poner en marcha a la brevedad los proyectos prioritarios de cada entidad.\u200b<\/p>\n<p>*** \u00a1Qu\u00e9 maneras tan burdas de hacerse publicidad! No puede decirse otra cosa cuando <strong>Ricardo Gonz\u00e1lez<\/strong>, mejor conocido como el payaso \u201cCepill\u00edn\u201d, se dejara ver por la Refiner\u00eda\u00a0 \u201cL\u00e1zaro C\u00e1rdenas\u201d, de Minatitl\u00e1n para agradecer al presidente el que la haya rehabilitado y ahora, -seg\u00fan \u00e9l-, est\u00e9 trabajando al cien por ciento.<\/p>\n<p>\u00bfQuerr\u00e1 \u201cCepill\u00edn\u201d que lo reciba el \u201csargento Cu\u00edcaras\u201d, es decir, el gobernador veracruzano?<\/p>\n<p>Se sabe que directivos de Pemex, -paraestatal a la que Gonz\u00e1lez se cans\u00f3 de echarle porras-, se molestaron por la visita del payasito y luego de esto se preguntaron: \u00bfqu\u00e9 sigue, Platanito gobernando desde Palacio Nacional?<\/p>\n<p>*** Como dice un conocido refr\u00e1n, \u201cver para creer\u201d, pero en esta llamada Cuarta Transformaci\u00f3n, todo puede pasar y por si alguna duda hab\u00eda de que L\u00f3pez Obrador es un mandatario autoritario, hay que reparar que la destacada directora de cine <strong>Mar\u00eda Novaro<\/strong>, cabeza de IMCINE, fue regresada de Cannes porque no le pidi\u00f3 permiso al presidente para poder viajar a ese Festival de Cine Internacional. \u00a1Qu\u00e9 tal!<\/p>\n<p><a href=\"mailto:morcora@gmail.com\" target=\"_blank\" rel=\"noopener noreferrer\"><em>morcora@gmail.com<\/em><\/a><\/p>\n","protected":false},"excerpt":{"rendered":"<p><span style=\"color: #005497;\"><strong>Adriana Moreno Cordero<\/strong><\/span><\/p>\n","protected":false},"author":3,"featured_media":0,"comment_status":"open","ping_status":"open","sticky":false,"template":"","format":"standard","meta":{"_monsterinsights_skip_tracking":false,"_monsterinsights_sitenote_active":false,"_monsterinsights_sitenote_note":"","_monsterinsights_sitenote_category":0,"footnotes":""},"categories":[69370],"tags":[69369,69368,43674],"class_list":["post-428551","post","type-post","status-publish","format-standard","hentry","category-adriana-moreno-cordero","tag-adriana-moreno-cordero","tag-la-retaguardia","tag-opinion"],"_links":{"self":[{"href":"https:\/\/www.diarioimagen.net\/index.php?rest_route=\/wp\/v2\/posts\/428551","targetHints":{"allow":["GET"]}}],"collection":[{"href":"https:\/\/www.diarioimagen.net\/index.php?rest_route=\/wp\/v2\/posts"}],"about":[{"href":"https:\/\/www.diarioimagen.net\/index.php?rest_route=\/wp\/v2\/types\/post"}],"author":[{"embeddable":true,"href":"https:\/\/www.diarioimagen.net\/index.php?rest_route=\/wp\/v2\/users\/3"}],"replies":[{"embeddable":true,"href":"https:\/\/www.diarioimagen.net\/index.php?rest_route=%2Fwp%2Fv2%2Fcomments&post=428551"}],"version-history":[{"count":0,"href":"https:\/\/www.diarioimagen.net\/index.php?rest_route=\/wp\/v2\/posts\/428551\/revisions"}],"wp:attachment":[{"href":"https:\/\/www.diarioimagen.net\/index.php?rest_route=%2Fwp%2Fv2%2Fmedia&parent=428551"}],"wp:term":[{"taxonomy":"category","embeddable":true,"href":"https:\/\/www.diarioimagen.net\/index.php?rest_route=%2Fwp%2Fv2%2Fcategories&post=428551"},{"taxonomy":"post_tag","embeddable":true,"href":"https:\/\/www.diarioimagen.net\/index.php?rest_route=%2Fwp%2Fv2%2Ftags&post=428551"}],"curies":[{"name":"wp","href":"https:\/\/api.w.org\/{rel}","templated":true}]}}