{"id":428578,"date":"2019-05-23T00:10:27","date_gmt":"2019-05-23T05:10:27","guid":{"rendered":"https:\/\/www.diarioimagen.net\/?p=428578"},"modified":"2019-05-23T04:01:50","modified_gmt":"2019-05-23T09:01:50","slug":"inhabilitan-10-anos-a-emilio-lozoya-ex-director-de-pemex","status":"publish","type":"post","link":"https:\/\/www.diarioimagen.net\/?p=428578","title":{"rendered":"Inhabilitan 10 a\u00f1os a Emilio Lozoya, ex director de Pemex"},"content":{"rendered":"<ul>\n<li><em><strong>Habr\u00eda falseado declaraci\u00f3n patrimonial<\/strong><\/em><\/li>\n<\/ul>\n<p>&nbsp;<\/p>\n<div id=\"attachment_428579\" style=\"width: 470px\" class=\"wp-caption aligncenter\"><img loading=\"lazy\" decoding=\"async\" aria-describedby=\"caption-attachment-428579\" class=\"size-large wp-image-428579\" src=\"https:\/\/www.diarioimagen.net\/wp-content\/uploads\/2019\/05\/LOZOYA23-portal-460x268.jpg\" alt=\"\" width=\"460\" height=\"268\" srcset=\"https:\/\/www.diarioimagen.net\/wp-content\/uploads\/2019\/05\/LOZOYA23-portal-460x268.jpg 460w, https:\/\/www.diarioimagen.net\/wp-content\/uploads\/2019\/05\/LOZOYA23-portal-240x140.jpg 240w, https:\/\/www.diarioimagen.net\/wp-content\/uploads\/2019\/05\/LOZOYA23-portal.jpg 480w\" sizes=\"auto, (max-width: 460px) 100vw, 460px\" \/><p id=\"caption-attachment-428579\" class=\"wp-caption-text\">La Secretar\u00eda de la Funci\u00f3n P\u00fablica inhabilit\u00f3 al exdirector general de Petr\u00f3leos Mexicanos, Emilio Lozoya Austin.<\/p><\/div>\n<p>&nbsp;<\/p>\n<p>La Secretar\u00eda de la Funci\u00f3n P\u00fablica (SFP) de M\u00e9xico inhabilit\u00f3 por 10 a\u00f1os al exdirector general de Petr\u00f3leos Mexicanos (Pemex), Emilio Lozoya Austin.<\/p>\n<p>De acuerdo a lo se\u00f1alado por la dependencia, Lozoya Austin habr\u00eda proporcionado informaci\u00f3n falsa en su declaraci\u00f3n patrimonial y en dos ocasiones m\u00e1s omiti\u00f3 una cuenta bancaria \u201cque registraba saldos de cientos de miles de pesos\u201d.<\/p>\n<p>La SFP, el \u00f3rgano contralor de la administraci\u00f3n p\u00fablica, anunci\u00f3 ayer por la ma\u00f1ana, sin dar nombres, que inhabilit\u00f3 a dos funcionarios de alto nivel de Pemex durante el gobierno anterior por 10 y 15 a\u00f1os y mult\u00f3 a uno de ellos con 620 millones de pesos (unos 33 millones de d\u00f3lares).<\/p>\n<p>Despu\u00e9s de una minuciosa investigaci\u00f3n, se demostr\u00f3 que el funcionario responsable hizo un mal uso de los recursos p\u00fablicos al pagar un sobrecosto cercano a los 620 millones de pesos\u00bb, dijo la SFP. La fuente precis\u00f3 que Lozoya no fue multado.<\/p>\n<p>Por tal raz\u00f3n, se estableci\u00f3 una sanci\u00f3n resarcitoria equivalente al da\u00f1o patrimonial infligido, adem\u00e1s de los 15 a\u00f1os de inhabilitaci\u00f3n al funcionario\u00bb, a\u00f1adi\u00f3 la SFP.<\/p>\n<p>Pemex compr\u00f3 Fertinal durante el gobierno del presidente Enrique Pe\u00f1a (2012-2018) en una operaci\u00f3n muy cuestionada por haber adquirido una empresa que operaba muy por debajo de su capacidad a un precio muy alto.<\/p>\n<p>Pemex, que era dirigida por Lozoya cuando se efectu\u00f3 la compra, dijo en su momento que pag\u00f3 hasta 255 millones de d\u00f3lares por el capital de la empresa, incluyendo una mina de roca fosf\u00f3rica ubicada en el estado Baja California Sur.<\/p>\n","protected":false},"excerpt":{"rendered":"<p>La Secretar\u00eda de la Funci\u00f3n P\u00fablica (SFP) de M\u00e9xico inhabilit\u00f3 por 10 a\u00f1os al exdirector general de Petr\u00f3leos Mexicanos (Pemex), Emilio Lozoya Austin.<\/p>\n","protected":false},"author":5,"featured_media":428579,"comment_status":"open","ping_status":"open","sticky":false,"template":"","format":"standard","meta":{"_monsterinsights_skip_tracking":false,"_monsterinsights_sitenote_active":false,"_monsterinsights_sitenote_note":"","_monsterinsights_sitenote_category":0,"footnotes":""},"categories":[25512],"tags":[72332,27964,85483,85482,43673],"class_list":["post-428578","post","type-post","status-publish","format-standard","has-post-thumbnail","hentry","category-nacional-nacional","tag-declaracion-patrimonial","tag-emilio-lozoya","tag-ex-director-de-pemex","tag-inhabilitan-10-anos","tag-nacional"],"_links":{"self":[{"href":"https:\/\/www.diarioimagen.net\/index.php?rest_route=\/wp\/v2\/posts\/428578","targetHints":{"allow":["GET"]}}],"collection":[{"href":"https:\/\/www.diarioimagen.net\/index.php?rest_route=\/wp\/v2\/posts"}],"about":[{"href":"https:\/\/www.diarioimagen.net\/index.php?rest_route=\/wp\/v2\/types\/post"}],"author":[{"embeddable":true,"href":"https:\/\/www.diarioimagen.net\/index.php?rest_route=\/wp\/v2\/users\/5"}],"replies":[{"embeddable":true,"href":"https:\/\/www.diarioimagen.net\/index.php?rest_route=%2Fwp%2Fv2%2Fcomments&post=428578"}],"version-history":[{"count":0,"href":"https:\/\/www.diarioimagen.net\/index.php?rest_route=\/wp\/v2\/posts\/428578\/revisions"}],"wp:featuredmedia":[{"embeddable":true,"href":"https:\/\/www.diarioimagen.net\/index.php?rest_route=\/wp\/v2\/media\/428579"}],"wp:attachment":[{"href":"https:\/\/www.diarioimagen.net\/index.php?rest_route=%2Fwp%2Fv2%2Fmedia&parent=428578"}],"wp:term":[{"taxonomy":"category","embeddable":true,"href":"https:\/\/www.diarioimagen.net\/index.php?rest_route=%2Fwp%2Fv2%2Fcategories&post=428578"},{"taxonomy":"post_tag","embeddable":true,"href":"https:\/\/www.diarioimagen.net\/index.php?rest_route=%2Fwp%2Fv2%2Ftags&post=428578"}],"curies":[{"name":"wp","href":"https:\/\/api.w.org\/{rel}","templated":true}]}}