{"id":428646,"date":"2019-05-23T00:11:20","date_gmt":"2019-05-23T05:11:20","guid":{"rendered":"https:\/\/www.diarioimagen.net\/?p=428646"},"modified":"2019-05-23T04:26:25","modified_gmt":"2019-05-23T09:26:25","slug":"amlo-se-reune-con-directivos-de-la-firma-sueca-ikea","status":"publish","type":"post","link":"https:\/\/www.diarioimagen.net\/?p=428646","title":{"rendered":"AMLO se re\u00fane con directivos de la firma sueca IKEA"},"content":{"rendered":"<p><a href=\"https:\/\/www.diarioimagen.net\/?attachment_id=428688\" rel=\"attachment wp-att-428688\"><img loading=\"lazy\" decoding=\"async\" class=\"aligncenter size-large wp-image-428688\" src=\"https:\/\/www.diarioimagen.net\/wp-content\/uploads\/2019\/05\/ikea-460x259.jpg\" alt=\"\" width=\"460\" height=\"259\" srcset=\"https:\/\/www.diarioimagen.net\/wp-content\/uploads\/2019\/05\/ikea-460x259.jpg 460w, https:\/\/www.diarioimagen.net\/wp-content\/uploads\/2019\/05\/ikea-240x135.jpg 240w, https:\/\/www.diarioimagen.net\/wp-content\/uploads\/2019\/05\/ikea-235x132.jpg 235w, https:\/\/www.diarioimagen.net\/wp-content\/uploads\/2019\/05\/ikea-202x114.jpg 202w, https:\/\/www.diarioimagen.net\/wp-content\/uploads\/2019\/05\/ikea-350x196.jpg 350w, https:\/\/www.diarioimagen.net\/wp-content\/uploads\/2019\/05\/ikea-220x123.jpg 220w, https:\/\/www.diarioimagen.net\/wp-content\/uploads\/2019\/05\/ikea-237x132.jpg 237w, https:\/\/www.diarioimagen.net\/wp-content\/uploads\/2019\/05\/ikea.jpg 480w\" sizes=\"auto, (max-width: 460px) 100vw, 460px\" \/><\/a><\/p>\n<p>&nbsp;<\/p>\n<p>El presidente de M\u00e9xico, Andr\u00e9s Manuel L\u00f3pez Obrador, inform\u00f3 que recibi\u00f3 a directivos de una empresa sueca dedicada a la fabricaci\u00f3n de muebles, quienes anunciaron una importante asociaci\u00f3n con empresarios mexicanos, la cual, dijo, refleja la confianza de los inversionistas internacionales en nuestro pa\u00eds.<\/p>\n<p>A trav\u00e9s de su cuenta en Twitter, el primer mandatario explica que se reuni\u00f3 con los directivos de la firma especializada en la fabricaci\u00f3n y venta de muebles, quienes anunciaron su asociaci\u00f3n con empresas mexicanas.<\/p>\n<p>\u201cRecib\u00ed a Christian Rojkjaer director global de IKEA -compa\u00f1\u00eda sueca especializada en fabricaci\u00f3n y venta de muebles-, que est\u00e1 invirtiendo en el pa\u00eds asociado con empresas mexicanas. Hay confianza\u201d.<\/p>\n<p>Adem\u00e1s, el presidente L\u00f3pez Obrador acompa\u00f1a el mensaje con una foto en su despacho en Palacio Nacional, donde aparece acompa\u00f1ado por Rojkjaer y otros directivos de la empresa, as\u00ed como del secretario de Hacienda y Cr\u00e9dito P\u00fablico, Carlos Urz\u00faa Mac\u00edas. Seg\u00fan informaci\u00f3n period\u00edstica publicada desde septiembre de 2018, la empresa Sueca que tiene 400 tiendas en 54 pa\u00edses, planea instalar una tienda y una planta para fabricar muebles en Guadalajara, Jalisco, aunque no se especifican las cifras de la inversi\u00f3n correspondiente.<\/p>\n","protected":false},"excerpt":{"rendered":"<p>El presidente de M\u00e9xico, Andr\u00e9s Manuel L\u00f3pez Obrador, inform\u00f3 que recibi\u00f3 a directivos de una empresa sueca dedicada a la fabricaci\u00f3n de muebles, quienes anunciaron una importante asociaci\u00f3n con empresarios mexicanos, la cual, dijo, refleja la confianza de los inversionistas internacionales en nuestro pa\u00eds.<\/p>\n","protected":false},"author":3,"featured_media":428688,"comment_status":"open","ping_status":"open","sticky":false,"template":"","format":"standard","meta":{"_monsterinsights_skip_tracking":false,"_monsterinsights_sitenote_active":false,"_monsterinsights_sitenote_note":"","_monsterinsights_sitenote_category":0,"footnotes":""},"categories":[25512],"tags":[2545,67359,72698],"class_list":["post-428646","post","type-post","status-publish","format-standard","has-post-thumbnail","hentry","category-nacional-nacional","tag-amlo","tag-directivos","tag-firma"],"_links":{"self":[{"href":"https:\/\/www.diarioimagen.net\/index.php?rest_route=\/wp\/v2\/posts\/428646","targetHints":{"allow":["GET"]}}],"collection":[{"href":"https:\/\/www.diarioimagen.net\/index.php?rest_route=\/wp\/v2\/posts"}],"about":[{"href":"https:\/\/www.diarioimagen.net\/index.php?rest_route=\/wp\/v2\/types\/post"}],"author":[{"embeddable":true,"href":"https:\/\/www.diarioimagen.net\/index.php?rest_route=\/wp\/v2\/users\/3"}],"replies":[{"embeddable":true,"href":"https:\/\/www.diarioimagen.net\/index.php?rest_route=%2Fwp%2Fv2%2Fcomments&post=428646"}],"version-history":[{"count":0,"href":"https:\/\/www.diarioimagen.net\/index.php?rest_route=\/wp\/v2\/posts\/428646\/revisions"}],"wp:featuredmedia":[{"embeddable":true,"href":"https:\/\/www.diarioimagen.net\/index.php?rest_route=\/wp\/v2\/media\/428688"}],"wp:attachment":[{"href":"https:\/\/www.diarioimagen.net\/index.php?rest_route=%2Fwp%2Fv2%2Fmedia&parent=428646"}],"wp:term":[{"taxonomy":"category","embeddable":true,"href":"https:\/\/www.diarioimagen.net\/index.php?rest_route=%2Fwp%2Fv2%2Fcategories&post=428646"},{"taxonomy":"post_tag","embeddable":true,"href":"https:\/\/www.diarioimagen.net\/index.php?rest_route=%2Fwp%2Fv2%2Ftags&post=428646"}],"curies":[{"name":"wp","href":"https:\/\/api.w.org\/{rel}","templated":true}]}}