{"id":428648,"date":"2019-05-23T00:09:07","date_gmt":"2019-05-23T05:09:07","guid":{"rendered":"https:\/\/www.diarioimagen.net\/?p=428648"},"modified":"2019-05-24T00:25:54","modified_gmt":"2019-05-24T05:25:54","slug":"despliegan-guardia-nacional-en-los-8-estados-mas-violentos","status":"publish","type":"post","link":"https:\/\/www.diarioimagen.net\/?p=428648","title":{"rendered":"Despliegan Guardia Nacional en los 8 estados m\u00e1s violentos"},"content":{"rendered":"<ul>\n<li><em><strong>Incluida la Ciudad de M\u00e9xico<\/strong><\/em><\/li>\n<li><em><strong>Reitera SS y PC que en 6 meses bajar\u00e1 la incidencia delictiva<\/strong><\/em><\/li>\n<\/ul>\n<h6>Jos\u00e9 Luis Monta\u00f1ez<\/h6>\n<p>&nbsp;<\/p>\n<div id=\"attachment_428692\" style=\"width: 470px\" class=\"wp-caption aligncenter\"><a href=\"https:\/\/www.diarioimagen.net\/?attachment_id=428692\" rel=\"attachment wp-att-428692\"><img loading=\"lazy\" decoding=\"async\" aria-describedby=\"caption-attachment-428692\" class=\"size-large wp-image-428692\" src=\"https:\/\/www.diarioimagen.net\/wp-content\/uploads\/2019\/05\/GUARDIA23-460x259.jpg\" alt=\"\" width=\"460\" height=\"259\" srcset=\"https:\/\/www.diarioimagen.net\/wp-content\/uploads\/2019\/05\/GUARDIA23-460x259.jpg 460w, https:\/\/www.diarioimagen.net\/wp-content\/uploads\/2019\/05\/GUARDIA23-240x135.jpg 240w, https:\/\/www.diarioimagen.net\/wp-content\/uploads\/2019\/05\/GUARDIA23-235x132.jpg 235w, https:\/\/www.diarioimagen.net\/wp-content\/uploads\/2019\/05\/GUARDIA23-202x114.jpg 202w, https:\/\/www.diarioimagen.net\/wp-content\/uploads\/2019\/05\/GUARDIA23-350x196.jpg 350w, https:\/\/www.diarioimagen.net\/wp-content\/uploads\/2019\/05\/GUARDIA23-220x123.jpg 220w, https:\/\/www.diarioimagen.net\/wp-content\/uploads\/2019\/05\/GUARDIA23-237x132.jpg 237w, https:\/\/www.diarioimagen.net\/wp-content\/uploads\/2019\/05\/GUARDIA23.jpg 480w\" sizes=\"auto, (max-width: 460px) 100vw, 460px\" \/><\/a><p id=\"caption-attachment-428692\" class=\"wp-caption-text\">Fue desplegada formalmente la Guardia Nacional en los ocho estados con mayores \u00edndices de violencia.<\/p><\/div>\n<p>&nbsp;<\/p>\n<p>La Guardia Nacional fue desplegada formalmente en los ocho estados con mayores \u00edndices de violencia, inform\u00f3 Leonel Cota Monta\u00f1o, subsecretario de Planeaci\u00f3n, Informaci\u00f3n, Protecci\u00f3n Civil y Coordinaci\u00f3n de la Secretar\u00eda de Seguridad y Protecci\u00f3n Ciudadana (SSPPC).<\/p>\n<p>Anunci\u00f3 que tras la aprobaci\u00f3n de las leyes reglamentarias en el Senado de la Rep\u00fablica, la nueva corporaci\u00f3n opera en Guanajuato, Michoac\u00e1n, Jalisco, Estado de M\u00e9xico, Ciudad de M\u00e9xico, Veracruz, Guerrero y Morelos con 450 y 600 integrantes por regi\u00f3n.<\/p>\n<p>\u201cYa hemos avanzado, les hemos denominado zonas prioritarias, porque obvio estamos esperando las decisiones de las instancias legislativas para poder formalizar, pero la estrategia no pod\u00eda esperar, no pod\u00edamos decirle a Minatitl\u00e1n esp\u00e9ranos tantito porque el Congreso todav\u00eda no decide, instalamos lo que operativamente ten\u00edamos capacidad de instalar\u201d, sostuvo el subsecretario.<\/p>\n<p>Reiter\u00f3 de que en seis meses se podr\u00e1 bajar la incidencia delictiva ya con la operaci\u00f3n de la nueva corporaci\u00f3n. Asegur\u00f3 que ya hay resultados concretos como en el caso de Sinaloa, donde han registrado hasta siete d\u00edas consecutivos sin homicidios, situaci\u00f3n que no ocurr\u00eda desde 1970.<\/p>\n<p>Cota Monta\u00f1o coment\u00f3 que el objetivo inicial es trabajar con 60 mil elementos y para diciembre llegar a 80 mil, lo que requerir\u00e1 una inversi\u00f3n de 15 mil millones de pesos.<\/p>\n<p>Sostuvo que el reclutamiento est\u00e1 en marcha en todas las regiones militares y navales y hasta el \u00faltimo corte se ten\u00edan alrededor de 4 mil 700 solicitudes.<\/p>\n<p>\u201cCreo que vamos a llegar muy pronto a captar a 20 mil elementos que adem\u00e1s deben entrar con ex\u00e1menes de confianza\u201d.<\/p>\n<p>El funcionario asegur\u00f3 que no ha habido un crecimiento inusitado en materia de inseguridad, sino que administraciones pasadas no estaban reportando las cifras reales de incidencia delictiva.<\/p>\n<p>Y asegur\u00f3 que esta nueva corporaci\u00f3n servir\u00e1 para combatir delitos de manera permanente y de primera necesidad que tienen los ciudadanos.<\/p>\n<p>\u201cHacer posible tener una corporaci\u00f3n en en capacidad, que tiene un objetivo, reconquistar el territorio perdido en estos a\u00f1os anteriores al gobierno actual. Hay un predominio de grupos delincuenciales en muchas regiones que eran pr\u00e1cticamente no alterado sino era en funci\u00f3n del incremento de homicidios pero la realidad era innegable\u201d.<\/p>\n","protected":false},"excerpt":{"rendered":"<p><span style=\"color: #005497;\">Jos\u00e9 Luis Monta\u00f1ez<\/span><br \/>\n<br \/>\nLa Guardia Nacional fue desplegada formalmente en los ocho estados con mayores \u00edndices de violencia, inform\u00f3 Leonel Cota Monta\u00f1o, subsecretario de Planeaci\u00f3n, Informaci\u00f3n, Protecci\u00f3n Civil y Coordinaci\u00f3n de la Secretar\u00eda de Seguridad y Protecci\u00f3n Ciudadana (SSPPC).<\/p>\n","protected":false},"author":3,"featured_media":428692,"comment_status":"open","ping_status":"open","sticky":false,"template":"","format":"standard","meta":{"_monsterinsights_skip_tracking":false,"_monsterinsights_sitenote_active":false,"_monsterinsights_sitenote_note":"","_monsterinsights_sitenote_category":0,"footnotes":""},"categories":[7],"tags":[4160,43673,85504],"class_list":["post-428648","post","type-post","status-publish","format-standard","has-post-thumbnail","hentry","category-seguridad","tag-guardia-nacional","tag-nacional","tag-violentos"],"_links":{"self":[{"href":"https:\/\/www.diarioimagen.net\/index.php?rest_route=\/wp\/v2\/posts\/428648","targetHints":{"allow":["GET"]}}],"collection":[{"href":"https:\/\/www.diarioimagen.net\/index.php?rest_route=\/wp\/v2\/posts"}],"about":[{"href":"https:\/\/www.diarioimagen.net\/index.php?rest_route=\/wp\/v2\/types\/post"}],"author":[{"embeddable":true,"href":"https:\/\/www.diarioimagen.net\/index.php?rest_route=\/wp\/v2\/users\/3"}],"replies":[{"embeddable":true,"href":"https:\/\/www.diarioimagen.net\/index.php?rest_route=%2Fwp%2Fv2%2Fcomments&post=428648"}],"version-history":[{"count":0,"href":"https:\/\/www.diarioimagen.net\/index.php?rest_route=\/wp\/v2\/posts\/428648\/revisions"}],"wp:featuredmedia":[{"embeddable":true,"href":"https:\/\/www.diarioimagen.net\/index.php?rest_route=\/wp\/v2\/media\/428692"}],"wp:attachment":[{"href":"https:\/\/www.diarioimagen.net\/index.php?rest_route=%2Fwp%2Fv2%2Fmedia&parent=428648"}],"wp:term":[{"taxonomy":"category","embeddable":true,"href":"https:\/\/www.diarioimagen.net\/index.php?rest_route=%2Fwp%2Fv2%2Fcategories&post=428648"},{"taxonomy":"post_tag","embeddable":true,"href":"https:\/\/www.diarioimagen.net\/index.php?rest_route=%2Fwp%2Fv2%2Ftags&post=428648"}],"curies":[{"name":"wp","href":"https:\/\/api.w.org\/{rel}","templated":true}]}}