{"id":428669,"date":"2019-05-23T00:07:40","date_gmt":"2019-05-23T05:07:40","guid":{"rendered":"https:\/\/www.diarioimagen.net\/?p=428669"},"modified":"2019-05-23T04:37:23","modified_gmt":"2019-05-23T09:37:23","slug":"equipan-en-tultepec-ambulancia-de-urgencias-medicas-para-terapia-intensiva","status":"publish","type":"post","link":"https:\/\/www.diarioimagen.net\/?p=428669","title":{"rendered":"Equipan en Tultepec ambulancia de urgencias m\u00e9dicas para terapia intensiva"},"content":{"rendered":"<ul>\n<li><strong><em>Para brindar atenci\u00f3n de primer nivel<\/em><\/strong><\/li>\n<\/ul>\n<p>&nbsp;<\/p>\n<div id=\"attachment_428704\" style=\"width: 470px\" class=\"wp-caption aligncenter\"><a href=\"https:\/\/www.diarioimagen.net\/?attachment_id=428704\" rel=\"attachment wp-att-428704\"><img loading=\"lazy\" decoding=\"async\" aria-describedby=\"caption-attachment-428704\" class=\"size-large wp-image-428704\" src=\"https:\/\/www.diarioimagen.net\/wp-content\/uploads\/2019\/05\/TULTEPEC-23-460x259.jpg\" alt=\"\" width=\"460\" height=\"259\" srcset=\"https:\/\/www.diarioimagen.net\/wp-content\/uploads\/2019\/05\/TULTEPEC-23-460x259.jpg 460w, https:\/\/www.diarioimagen.net\/wp-content\/uploads\/2019\/05\/TULTEPEC-23-240x135.jpg 240w, https:\/\/www.diarioimagen.net\/wp-content\/uploads\/2019\/05\/TULTEPEC-23-235x132.jpg 235w, https:\/\/www.diarioimagen.net\/wp-content\/uploads\/2019\/05\/TULTEPEC-23-202x114.jpg 202w, https:\/\/www.diarioimagen.net\/wp-content\/uploads\/2019\/05\/TULTEPEC-23-350x196.jpg 350w, https:\/\/www.diarioimagen.net\/wp-content\/uploads\/2019\/05\/TULTEPEC-23-220x123.jpg 220w, https:\/\/www.diarioimagen.net\/wp-content\/uploads\/2019\/05\/TULTEPEC-23-237x132.jpg 237w, https:\/\/www.diarioimagen.net\/wp-content\/uploads\/2019\/05\/TULTEPEC-23.jpg 480w\" sizes=\"auto, (max-width: 460px) 100vw, 460px\" \/><\/a><p id=\"caption-attachment-428704\" class=\"wp-caption-text\">Una de las cinco ambulancias que operan en Tultepec, cuenta con equipo propio, con el que se garantiza una atenci\u00f3n de terapia intensiva.<\/p><\/div>\n<p>&nbsp;<\/p>\n<p><strong>Tultepec, Estado de M\u00e9xico<\/strong>.-El gobierno municipal de Tultepec equip\u00f3 con un m\u00f3dulo de 5 derivaciones a una de dos ambulancias nuevas, con las que se podr\u00e1 medir la frecuencia cardiaca y respiratoria, el ox\u00edmetro de pulso y la tensi\u00f3n arterial, adem\u00e1s de contar con un electrocardi\u00f3grafo y un ventilador el\u00e9ctrico, para brindar atenci\u00f3n de primer nivel\u00a0y traslados de terapia intensiva a pacientes del municipio que as\u00ed lo requieran.<\/p>\n<p>As\u00ed lo explic\u00f3 Mart\u00edn Pati\u00f1o L\u00f3pez, T\u00e9cnico en Urgencias M\u00e9dicas (TUM) de la direcci\u00f3n General de Protecci\u00f3n Civil, quien precis\u00f3 que el gobierno municipal realiz\u00f3 un gran esfuerzo para la adquisici\u00f3n de un desfibrador externo, un ventilador autom\u00e1tico de presi\u00f3n y un electrocardi\u00f3grafo con impresi\u00f3n de trazo.<\/p>\n<p>Explic\u00f3 que con estas adecuaciones en una de las cinco ambulancias que opera la dependencia, se cuenta ya con equipo propio con el que se garantiza una atenci\u00f3n de terapia intensiva a pacientes en estado cr\u00edtico, en caso de requerirse, misma que antes deb\u00eda rentarse con un alto costo.<\/p>\n<p>La nueva ambulancia ser\u00e1 operada por personal capacitado, y cuenta con parches que funcionan como paletas y van adheridos al pecho del paciente, los cuales son un auxiliar para reanimaci\u00f3n cardio pulmonar (RCP), a trav\u00e9s de un monitor que dar\u00e1 indicaciones de acuerdo a las circunstancias del paciente.<\/p>\n<p>La unidad se equip\u00f3 tambi\u00e9n con un ventilador de presi\u00f3n, el cual es utilizado sobre todo en caso de pacientes que sufren quemaduras en v\u00edas a\u00e9reas, debidamente calibrado de acuerdo a las necesidades del paciente para ayudarlo a respirar de manera artificial una vez inducido o durmiendo<\/p>\n<p>Esta es una de las dos nuevas ambulancias que fueron entregadas a la direcci\u00f3n General de Protecci\u00f3n Civil y Bomberos en noviembre pasado, en cumplimiento al compromiso del alcalde Armando Portuguez Fuentes de equipar con todo lo necesario a esta importante \u00e1rea de la administraci\u00f3n municipal, en aras de brindar una mejor respuesta a las necesidades de la ciudadan\u00eda.<\/p>\n<p>Con la entrega de estas dos nuevas unidades, la direcci\u00f3n General de Protecci\u00f3n Civil eleva a cinco el n\u00famero de ambulancias con las que cuenta para atender las emergencias de traslado en todo el municipio.<\/p>\n","protected":false},"excerpt":{"rendered":"<p>El gobierno municipal de Tultepec equip\u00f3 con un m\u00f3dulo de 5 derivaciones a una de dos ambulancias nuevas, con las que se podr\u00e1 medir la frecuencia cardiaca y respiratoria, el ox\u00edmetro de pulso y la tensi\u00f3n arterial, adem\u00e1s de contar con un electrocardi\u00f3grafo y un ventilador el\u00e9ctrico, para brindar atenci\u00f3n de primer nivel\u00a0y traslados de terapia intensiva a pacientes del municipio que as\u00ed lo requieran.<\/p>\n","protected":false},"author":3,"featured_media":428704,"comment_status":"open","ping_status":"open","sticky":false,"template":"","format":"standard","meta":{"_monsterinsights_skip_tracking":false,"_monsterinsights_sitenote_active":false,"_monsterinsights_sitenote_note":"","_monsterinsights_sitenote_category":0,"footnotes":""},"categories":[5],"tags":[43675,70062,64263,3802],"class_list":["post-428669","post","type-post","status-publish","format-standard","has-post-thumbnail","hentry","category-estado-de-mexico","tag-estado-de-mexico","tag-intensiva","tag-terapia","tag-tultepec"],"_links":{"self":[{"href":"https:\/\/www.diarioimagen.net\/index.php?rest_route=\/wp\/v2\/posts\/428669","targetHints":{"allow":["GET"]}}],"collection":[{"href":"https:\/\/www.diarioimagen.net\/index.php?rest_route=\/wp\/v2\/posts"}],"about":[{"href":"https:\/\/www.diarioimagen.net\/index.php?rest_route=\/wp\/v2\/types\/post"}],"author":[{"embeddable":true,"href":"https:\/\/www.diarioimagen.net\/index.php?rest_route=\/wp\/v2\/users\/3"}],"replies":[{"embeddable":true,"href":"https:\/\/www.diarioimagen.net\/index.php?rest_route=%2Fwp%2Fv2%2Fcomments&post=428669"}],"version-history":[{"count":0,"href":"https:\/\/www.diarioimagen.net\/index.php?rest_route=\/wp\/v2\/posts\/428669\/revisions"}],"wp:featuredmedia":[{"embeddable":true,"href":"https:\/\/www.diarioimagen.net\/index.php?rest_route=\/wp\/v2\/media\/428704"}],"wp:attachment":[{"href":"https:\/\/www.diarioimagen.net\/index.php?rest_route=%2Fwp%2Fv2%2Fmedia&parent=428669"}],"wp:term":[{"taxonomy":"category","embeddable":true,"href":"https:\/\/www.diarioimagen.net\/index.php?rest_route=%2Fwp%2Fv2%2Fcategories&post=428669"},{"taxonomy":"post_tag","embeddable":true,"href":"https:\/\/www.diarioimagen.net\/index.php?rest_route=%2Fwp%2Fv2%2Ftags&post=428669"}],"curies":[{"name":"wp","href":"https:\/\/api.w.org\/{rel}","templated":true}]}}