{"id":428735,"date":"2019-05-23T00:01:08","date_gmt":"2019-05-23T05:01:08","guid":{"rendered":"https:\/\/www.diarioimagen.net\/?p=428735"},"modified":"2019-05-23T05:26:33","modified_gmt":"2019-05-23T10:26:33","slug":"no-le-gusto-a-zoe-su-nuevo-nombramiento","status":"publish","type":"post","link":"https:\/\/www.diarioimagen.net\/?p=428735","title":{"rendered":"No le gust\u00f3 a Zo\u00e9 su nuevo nombramiento"},"content":{"rendered":"<h2>La Retaguardia<\/h2>\n<h5>Adriana Moreno Cordero<\/h5>\n<p><em>\u00a0<\/em><\/p>\n<ul>\n<li><em><strong>Gonz\u00e1lez P\u00e9rez llama a no afectar derechos de las personas -Haces, no digiere tristeza<\/strong> <\/em><\/li>\n<\/ul>\n<p>&nbsp;<\/p>\n<p>Nada, pero nada le gust\u00f3 a <strong>Zo\u00e9 Robledo<\/strong> que lo hubieran sacado de la subsecretar\u00eda de Gobernaci\u00f3n para colocarlo como relevo de <strong>Germ\u00e1n Mart\u00ednez C\u00e1zares<\/strong>, al frente del IMSS, y ni c\u00f3mo negarse o chistarle ni m\u00e1s ni menos que al presidente <strong>Andr\u00e9s Manuel L\u00f3pez Obrador<\/strong>, pues el chiapaneco estaba muy metido en los temas de la reforma educativa y dem\u00e1s, ya que considera que eso es lo suyo.<\/p>\n<p>No obstante, el ex senador trat\u00f3 de poner su mejor cara y hasta le extendi\u00f3 su enorme reconocimiento al ex dirigente del PAN por el esfuerzo que realiz\u00f3 en los cinco meses que encabez\u00f3 dicho Instituto.<\/p>\n<p>Eso s\u00ed, de pasadita, Robledo se encarg\u00f3 de enviarle a Mart\u00ednez C\u00e1zares un mensaje al se\u00f1alarle: \u201cse puede cambiar de asta, pero nunca de bandera\u201d. \u00bfSer\u00e1?<\/p>\n<p>Lo anterior porque ante el inminente retorno del ex director del IMSS a su esca\u00f1o en el Senado de la Rep\u00fablica, las bancadas del PAN, que coordina <strong>Maurcio Kuri<\/strong> y de Movimiento Ciudadano, de <strong>Dante Delgado<\/strong>, le abrieron las puertas por si acaso se llegaba a ofrecer, pero el ex incondicional de <strong>Felipe Calder\u00f3n<\/strong>, se tom\u00f3 una foto con la dirigente de Morena, <strong>Yeidckol Polevnsky<\/strong>, muy sonrientes los dos luego de haberse reunido en privado, por aquello de que digan que Germ\u00e1n Mart\u00ednez no sabe enviar mensajes.<\/p>\n<p>El m\u00e1s interesado, por cierto, en que el ex panista hubiera aceptado la invitaci\u00f3n de alguno de estos institutos pol\u00edticos de incorporarse a sus fracciones parlamentarias, \u00a1qui\u00e9n lo dir\u00eda!, es <strong>Pedro Haces Barba<\/strong>, quien no pudo digerir la tristeza que le dio, cuando le avisaron los morenistas que se ten\u00eda que ir.<\/p>\n<p>Ya incluso, las oficinas que ocup\u00f3 por cinco meses el legislador, -mezcla de l\u00edder obrero y pudiente empresario-, empezaron a ser desalojadas desde ayer. \u00a1L\u00e1stima!, porque el l\u00edder de la Confederaci\u00f3n Aut\u00f3noma de Trabajadores y Empleados de M\u00e9xico, (CATEM), supuso que ser\u00eda para todo el sexenio su esca\u00f1o.<\/p>\n<p>Menudo rev\u00e9s se llev\u00f3, porque entre sus planes estaba pr\u00e1cticamente arrebatarles sus liderazgos ni m\u00e1s ni menos que a <strong>Napole\u00f3n G\u00f3mez Urrutia<\/strong> y terminar de una vez por todas con <strong>Carlos Aceves del Olmo<\/strong>, antiguo enemigo suyo.<\/p>\n<p>Robledo, por su parte, se dedic\u00f3 a decir que su nueva responsabilidad en el IMSS, \u201ces la m\u00e1s alta de mi vida p\u00fablica\u201d, por lo que prometi\u00f3 que no le fallar\u00eda a los derechohabientes, pero de que eso lo pueda cumplir, qui\u00e9n sabe.<\/p>\n<p>Cuando el presidente L\u00f3pez Obrador se enter\u00f3 de la renuncia de Mart\u00ednez C\u00e1zares, subestim\u00f3 el hecho, cosa que no debi\u00f3 hacer porque ayer mismo, el tabasque\u00f1o se reuni\u00f3 con <strong>Carlos Manuel Urz\u00faa<\/strong>, secretario de Hacienda, encuentro al que se incorpor\u00f3 el propio Robledo porque, se podr\u00e1 se\u00f1alar al ex panista de acomodaticio y oportunista, pero la realidad es que la radiograf\u00eda que mostr\u00f3 en su carta de renuncia de la situaci\u00f3n del IMSS, no tiene desperdicio alguno.<\/p>\n<p>Otra cuesti\u00f3n que anda m\u00e1s o menos por el estilo, son las declaraciones del presidente de la CNDH, <strong>Luis Ra\u00fal Gonz\u00e1lez P\u00e9rez<\/strong>, sobre el tema.<\/p>\n<p>El ombudsman dijo estar convencido de que debe haber austeridad y racionalidad en el gasto, \u201cpero sobre lo superfluo, sobre lo que no afecte derechos fundamentales de las personas; se tiene que hacer un esfuerzo para garantizar los insumos m\u00ednimos en la atenci\u00f3n de servicios tan importantes que tienen que ver con derechos humanos; ya dec\u00eda yo, educaci\u00f3n y salud es el tema que nos ocupa, el tema de que los medicamentos lleguen a quien los necesita.<\/p>\n<p>Ya hace poco vimos lo de retrovirales, vimos lo de la Prueba del Tamiz, vuelvo a insistir, pero cualquier medicamento tiene que llegar a las personas que lo necesitan y tambi\u00e9n los servicios que dan las instituciones\u201d.<\/p>\n<p>Gonz\u00e1lez P\u00e9rez llam\u00f3 a ver y reconocer a los institutos nacionales \u201cque son nuestra gloria\u201d; con eso de que L\u00f3pez Obrador quiere destinar m\u00e1s recursos al beisbol que a estos Institutos.<\/p>\n<p>El titular de la CNDH destac\u00f3 que, \u201cno estamos en contra de la austeridad, pero s\u00ed de que se tomen medidas que puedan afectar los servicios, los derechos fundamentales de la poblaci\u00f3n y por eso el llamado a las autoridades para que revisen la pol\u00edtica en la materia que no afecte derechos de las colectividades\u201d.<\/p>\n<p>Finalmente, hizo un llamado a las autoridades de Salud para que privilegien el principio de progresividad en la atenci\u00f3n de los programas de salud y \u201ca que cualquier pol\u00edtica no descuide la atenci\u00f3n en el derecho a la salud de los mexicanos; sobre todo, que el sector p\u00fablico atiende a apas muy importantes de la poblaci\u00f3n que requieren de esos servicios y, por eso, en la coyuntura actual, reflejada por un alto funcionario del gabinete ampliado, pues patentiza que hay preocupaci\u00f3n por el abasto en los servicios y el abasto en medicamentos\u201d.<\/p>\n<p style=\"text-align: center;\"><strong>Municiones<\/strong><\/p>\n<p>*** El gobernador de Colima, <strong>Ignacio Peralta<\/strong>, encabez\u00f3 esta semana la cuarta edici\u00f3n de la llamada \u201cCarrera con Causa\u201d, efectuada en el puerto de Manzanillo y organizada por la operadora portuaria CONTECON, de <strong>Fortino Landeros<\/strong>.<\/p>\n<p>Al evento se dieron cita m\u00e1s de dos mil corredores colimenses, quienes contribuyeron con fondos que se dirigir\u00e1n a programas de fomento a la educaci\u00f3n en el estado; espec\u00edficamente al apoyo de alumnas y alumnos de las escuelas primarias menos favorecidas y a proveer equipo digital a estas mismas instituciones.\u200b<\/p>\n<p>*** Del 24 de mayo y hasta el 2 de junio, en el Palacio de los Deportes de la CDMX, se llevar\u00e1 a cabo \u201cLa Semana de Yucat\u00e1n en M\u00e9xico\u201d. El propio gobernador <strong>Mauricio Vila Dosal<\/strong>, inform\u00f3 que esta edici\u00f3n contar\u00e1 con 270 peque\u00f1as y medianas empresas yucatecas y tambi\u00e9n\u00a0con 17 patrocinadores y 151 stands de comercios e industrias de M\u00e9rida, Valladolid, Izamal, Tekit, Ticul, Tekax, Um\u00e1n, Tixkokob, Kanas\u00edn, Hocab\u00e1, Oxkutzcab, Conkal y Kimbil\u00e1.<\/p>\n<p>Igualmente, como cada a\u00f1o, se promover\u00e1 al estado mediante un encuentro de negocios y comercial de los productos yucatecos, con el fin de concretar oportunidades de comercializaci\u00f3n y que las firmas participantes logren ampliar su lista de clientes o convertirse en proveedores en otras partes del pa\u00eds.<\/p>\n<p><a href=\"mailto:morcora@gmail.com\" target=\"_blank\" rel=\"noopener noreferrer\"><em>morcora@gmail.com<\/em><\/a><\/p>\n","protected":false},"excerpt":{"rendered":"<p><span style=\"color: #005497;\"><strong>Adriana Moreno Cordero<\/strong><\/span><\/p>\n","protected":false},"author":3,"featured_media":0,"comment_status":"open","ping_status":"open","sticky":false,"template":"","format":"standard","meta":{"_monsterinsights_skip_tracking":false,"_monsterinsights_sitenote_active":false,"_monsterinsights_sitenote_note":"","_monsterinsights_sitenote_category":0,"footnotes":""},"categories":[69370],"tags":[69369,69368,43674],"class_list":["post-428735","post","type-post","status-publish","format-standard","hentry","category-adriana-moreno-cordero","tag-adriana-moreno-cordero","tag-la-retaguardia","tag-opinion"],"_links":{"self":[{"href":"https:\/\/www.diarioimagen.net\/index.php?rest_route=\/wp\/v2\/posts\/428735","targetHints":{"allow":["GET"]}}],"collection":[{"href":"https:\/\/www.diarioimagen.net\/index.php?rest_route=\/wp\/v2\/posts"}],"about":[{"href":"https:\/\/www.diarioimagen.net\/index.php?rest_route=\/wp\/v2\/types\/post"}],"author":[{"embeddable":true,"href":"https:\/\/www.diarioimagen.net\/index.php?rest_route=\/wp\/v2\/users\/3"}],"replies":[{"embeddable":true,"href":"https:\/\/www.diarioimagen.net\/index.php?rest_route=%2Fwp%2Fv2%2Fcomments&post=428735"}],"version-history":[{"count":0,"href":"https:\/\/www.diarioimagen.net\/index.php?rest_route=\/wp\/v2\/posts\/428735\/revisions"}],"wp:attachment":[{"href":"https:\/\/www.diarioimagen.net\/index.php?rest_route=%2Fwp%2Fv2%2Fmedia&parent=428735"}],"wp:term":[{"taxonomy":"category","embeddable":true,"href":"https:\/\/www.diarioimagen.net\/index.php?rest_route=%2Fwp%2Fv2%2Fcategories&post=428735"},{"taxonomy":"post_tag","embeddable":true,"href":"https:\/\/www.diarioimagen.net\/index.php?rest_route=%2Fwp%2Fv2%2Ftags&post=428735"}],"curies":[{"name":"wp","href":"https:\/\/api.w.org\/{rel}","templated":true}]}}