{"id":428745,"date":"2019-05-23T00:04:43","date_gmt":"2019-05-23T05:04:43","guid":{"rendered":"https:\/\/www.diarioimagen.net\/?p=428745"},"modified":"2019-05-23T05:33:53","modified_gmt":"2019-05-23T10:33:53","slug":"una-renuncia-anunciada-2","status":"publish","type":"post","link":"https:\/\/www.diarioimagen.net\/?p=428745","title":{"rendered":"Una renuncia anunciada"},"content":{"rendered":"<h2>Punto por punto<\/h2>\n<h5>Augusto Corro<\/h5>\n<p>&nbsp;<\/p>\n<p>A algunos sorprendi\u00f3 la renuncia del ex panista Germ\u00e1n Mart\u00ednez C\u00e1zares a la direcci\u00f3n del Seguro Social. Otros esperaban la dimisi\u00f3n hace varios meses.<\/p>\n<p>La realidad es que a todos les asiste la raz\u00f3n, por diferentes causas.<\/p>\n<p>Por ejemplo entre quienes no sorprendi\u00f3 la renuncia se encuentran aquellos que conocen muy bien a Mart\u00ednez C\u00e1zares y sab\u00edan que no encajaba en los proyectos de la 4T (Cuarta Transformaci\u00f3n) promovidos por el presidente Andr\u00e9s Manuel L\u00f3pez Obrador.<\/p>\n<p>La idea del mandatario de acabar con la corrupci\u00f3n y la aplicaci\u00f3n de austeridad total en el presupuesto levantaron \u00e1mpula en la clase pol\u00edtica que vio c\u00f3mo se le cerraban las oportunidades de enriquecimiento il\u00edcito.<\/p>\n<p>Las pugnas entre el entonces director y las autoridades hacendarias se recrudecieron, pues el primero, seg\u00fan se inform\u00f3, no estaba de acuerdo con los recortes de dinero al IMSS.<\/p>\n<p>Y como la pol\u00edtica de austeridad del nuevo r\u00e9gimen no variaba, las ideas de cambios en el Seguro Social cambiaron y lo orillaron a dejar el cargo. Ahora, regresar\u00e1 al Senado, con el disgusto de algunos legisladores, responsabilidad que hizo a un lado para irse a la administraci\u00f3n p\u00fablica.<\/p>\n<p style=\"text-align: center;\"><strong>Cobijado por Calder\u00f3n<\/strong><\/p>\n<p>Mart\u00ednez C\u00e1zares es un pol\u00edtico panista que estuvo cobijado mucho tiempo por Felipe Calder\u00f3n Hinojosa cuando fue presidente de M\u00e9xico.<\/p>\n<p>Ambos participaron abiertamente en las elecciones del 2006 cuando se efectu\u00f3 el fraude electoral con la derrota de Andr\u00e9s Manuel L\u00f3pez Obrador.<\/p>\n<p>Alejado de la pol\u00edtica por una temporada, con su mentor Calder\u00f3n peleado con los panistas, Mart\u00ednez C\u00e1zares, hu\u00e9rfano de partido, se refugi\u00f3 en el Movimiento de Regeneraci\u00f3n Nacional (Morena).<\/p>\n<p>El ex panista se sum\u00f3 a la lista de aquellos \u201cgrillos\u201d que abandonaron sus partidos de origen para ingresar a las filas morenistas.<\/p>\n<p>La organizaci\u00f3n pol\u00edtica Morena abri\u00f3 las puertas a todos aquellos que tocaban y sin un m\u00ednimo an\u00e1lisis a su historia pol\u00edtica los dejaba entrar y no en pocos de los casos los premiaba.<\/p>\n<p>Tal es el caso del ahora ex funcionario Mart\u00ednez C\u00e1zares y de Miguel Barbosa, candidato de Morena al gobierno de Puebla. Este \u00faltimo fue un dirigente del Partido de la Revoluci\u00f3n Democr\u00e1tica (PRD), en v\u00edas de extinci\u00f3n.<\/p>\n<p>El expanista fue secretario de la Funci\u00f3n P\u00fablica con Calder\u00f3n, quien luego lo llev\u00f3 a la dirigencia de Acci\u00f3n Nacional.<\/p>\n<p>En enero del 2018 inici\u00f3 su trabajo electoral en Morena a favor de L\u00f3pez Obrador y usted ya conoce el desenlace.<\/p>\n<p style=\"text-align: center;\"><strong>Un hecho curioso<\/strong><\/p>\n<p>La dimisi\u00f3n de Mart\u00ednez C\u00e1zares a la direcci\u00f3n del IMSS se dio en los d\u00edas en que se conoci\u00f3 la carta que envi\u00f3 el ex mandatario Calder\u00f3n al presidente L\u00f3pez Obrador, en la que le demand\u00f3 protecci\u00f3n para \u00e9l y su familia.<\/p>\n<p>Como se inform\u00f3, en este sexenio se cancelaron los privilegios que manten\u00edan los ex presidentes, que ten\u00edan asignados para su servicio a particulares y militares.<\/p>\n<p>Se dijo que con la petici\u00f3n le enviaron doce soldados para cuidarlo y ocho para el ex mandatario Vicente Fox.<\/p>\n<p>En la misiva, Calder\u00f3n le dijo a L\u00f3pez Obrador que por encima de las m\u00faltiples diferencias de opini\u00f3n que tienen, \u201cestar\u00e9 siempre a su disposici\u00f3n en lo que estime conveniente o cuando considere que mi opini\u00f3n, dadas las buenas y las malas experiencias vividas en tan delicado cargo, le pueden ser de utilidad, sea directamente o a\u00a0 trav\u00e9s de quien usted designe\u201d.<\/p>\n<p>Lo curioso es que el expresidente expanista un d\u00eda s\u00ed y otro tambi\u00e9n ataca la pol\u00edtica del morenista y a sus proyectos de gobierno por v\u00eda tuitera.<\/p>\n<p>\u00bfSe pretend\u00eda exhibir a Calder\u00f3n y su ep\u00edstola de falsa ret\u00f3rica? No se necesitaba hacerlo.<\/p>\n<p>El ex mandatario presidi\u00f3 uno de los peores gobiernos en los \u00faltimos sexenios. A \u00e9l se debe la ola de violencia que padecemos los mexicanos. Se atrevi\u00f3 a darle de escobazos al panal de la delincuencia organizada y as\u00ed nos fue.<\/p>\n<p>En el\u00a0 presente, Calder\u00f3n da los pasos para fortalecer la organizaci\u00f3n pol\u00edtica M\u00e9xico Libre en la que participa su esposa directamente, apoyados en la derecha m\u00e1s negativa de nuestro pa\u00eds.<\/p>\n<p>La familia Calder\u00f3n-Zavala busca, pues, el registro de un nuevo partido pol\u00edtico. Estos expanistas no entienden que su oportunidad ya termin\u00f3.<\/p>\n<p>En las elecciones presidenciales recientes, la se\u00f1ora de Calder\u00f3n particip\u00f3 como candidata independiente con m\u00e1s pena que gloria; pero sus ambiciones no tienen l\u00edmite. Adem\u00e1s, extra\u00f1an su vida de reyes que disfrutaron cuando tuvieron en sus manos el poder ilimitado. \u00bfUsted qu\u00e9 opina amable lector?<\/p>\n<p><em><u><a href=\"mailto:aco2742@hotmail.com\" target=\"_blank\" rel=\"noopener noreferrer\">aco2742@hotmail.com<\/a><\/u><\/em><\/p>\n","protected":false},"excerpt":{"rendered":"<p><span style=\"color: #005497;\"><strong>Augusto Corro<\/strong><\/span><\/p>\n","protected":false},"author":3,"featured_media":0,"comment_status":"open","ping_status":"open","sticky":false,"template":"","format":"standard","meta":{"_monsterinsights_skip_tracking":false,"_monsterinsights_sitenote_active":false,"_monsterinsights_sitenote_note":"","_monsterinsights_sitenote_category":0,"footnotes":""},"categories":[157],"tags":[43686,43674,11515],"class_list":["post-428745","post","type-post","status-publish","format-standard","hentry","category-augusto-corro","tag-augusto-corro","tag-opinion","tag-punto-por-punto"],"_links":{"self":[{"href":"https:\/\/www.diarioimagen.net\/index.php?rest_route=\/wp\/v2\/posts\/428745","targetHints":{"allow":["GET"]}}],"collection":[{"href":"https:\/\/www.diarioimagen.net\/index.php?rest_route=\/wp\/v2\/posts"}],"about":[{"href":"https:\/\/www.diarioimagen.net\/index.php?rest_route=\/wp\/v2\/types\/post"}],"author":[{"embeddable":true,"href":"https:\/\/www.diarioimagen.net\/index.php?rest_route=\/wp\/v2\/users\/3"}],"replies":[{"embeddable":true,"href":"https:\/\/www.diarioimagen.net\/index.php?rest_route=%2Fwp%2Fv2%2Fcomments&post=428745"}],"version-history":[{"count":0,"href":"https:\/\/www.diarioimagen.net\/index.php?rest_route=\/wp\/v2\/posts\/428745\/revisions"}],"wp:attachment":[{"href":"https:\/\/www.diarioimagen.net\/index.php?rest_route=%2Fwp%2Fv2%2Fmedia&parent=428745"}],"wp:term":[{"taxonomy":"category","embeddable":true,"href":"https:\/\/www.diarioimagen.net\/index.php?rest_route=%2Fwp%2Fv2%2Fcategories&post=428745"},{"taxonomy":"post_tag","embeddable":true,"href":"https:\/\/www.diarioimagen.net\/index.php?rest_route=%2Fwp%2Fv2%2Ftags&post=428745"}],"curies":[{"name":"wp","href":"https:\/\/api.w.org\/{rel}","templated":true}]}}