{"id":428758,"date":"2019-05-23T00:08:18","date_gmt":"2019-05-23T05:08:18","guid":{"rendered":"https:\/\/www.diarioimagen.net\/?p=428758"},"modified":"2019-05-23T05:44:47","modified_gmt":"2019-05-23T10:44:47","slug":"los-culpables-de-todo-los-automotores","status":"publish","type":"post","link":"https:\/\/www.diarioimagen.net\/?p=428758","title":{"rendered":"Los culpables de todo, los automotores"},"content":{"rendered":"<h2>Clase Pol\u00edtica<\/h2>\n<h5>Miguel \u00c1ngel Rivera<\/h5>\n<p>&nbsp;<\/p>\n<p>Aunque no sean los \u00fanicos responsables de la contaminaci\u00f3n ambiental, otra vez los veh\u00edculos automotores son se\u00f1alados oficialmente como villanos y, en consecuencia, habr\u00e1 m\u00e1s restricciones para que circulen.<\/p>\n<p>Esto se desprende del anuncio del Nuevo Programa para Prevenir y Responder a las Contingencias Ambientales, dado a conocer ayer por la Comisi\u00f3n Ambiental de la Megal\u00f3polis (CAME).<\/p>\n<p>Por los antecedentes, es previsible que, con una adecuada asesor\u00eda de un abogado, muchos de los propietarios de automotores puedan lograr la protecci\u00f3n del Poder Judicial y transportarse en sus veh\u00edculos inclusive en los d\u00edas de contingencia.<\/p>\n<p>Basta recordar que, hace s\u00f3lo unos d\u00edas, trascendi\u00f3 que el Fiscal General de la Rep\u00fablica, Alejandro Gertz Manero, logr\u00f3 que un juez federal ordenara que no se aplique la Norma Oficial Mexicana que establece el \u201cHoy No Circula\u201d, en la parte en que establece que no se debe otorgar calcoman\u00eda cero (que permite circular todos los d\u00edas) a los veh\u00edculos de modelo anterior al a\u00f1o 2006, que no cuenten con el Sistema de Diagn\u00f3stico a Bordo, o SDB.<\/p>\n<p>El titular de la FGR hizo ese tr\u00e1mite en su calidad de ciudadano y no como funcionario p\u00fablico.<\/p>\n<p>En consecuencia, aunque las demandas de amparo no siempre se resuelvan a favor de los ciudadanos, es dable suponer que la actividad de los juzgados federales aumentar\u00e1 luego de conocidas las nuevas disposiciones.<\/p>\n<p>Otro aspecto notable de las nuevas disposiciones es que se dieron a conocer apenas unos cuantos d\u00edas despu\u00e9s de que se anunci\u00f3 el nombramiento de V\u00edctor Hugo P\u00e1ramo como nuevo titular de la Comisi\u00f3n Ambiental de la Megal\u00f3polis (CAME), luego de que el cargo estuvo vacante desde febrero y de que su presupuesto fue recortado en aras de la austeridad republicana.<\/p>\n<p>El nuevo funcionario tiene amplia experiencia en el tema. Se dice que tiene 40 a\u00f1os de trabajar en esa \u00e1rea y su cargo anterior era de titular de la Coordinaci\u00f3n General de Contaminaci\u00f3n y de Salud Ambiental del Instituto Nacional de Ecolog\u00eda y Cambio Clim\u00e1tico (INEEC).<\/p>\n<p>P\u00e1ramo es ingeniero qu\u00edmico por la Escuela de Qu\u00edmica de la Universidad de Guanajuato, maestro en Ciencias y T\u00e9cnicas en Medici\u00f3n y Control de la Contaminaci\u00f3n del Aire y del Agua por la Universidad de Pau y de los Pa\u00edses de L\u2019Adour de Francia, y doctor en Qu\u00edmica Industrial por la Universidad de Pau y de los Pa\u00edses de L\u2019Adour de Francia.<\/p>\n<p>Pero con todo y sus grandes t\u00edtulos, no deja de sorprender que apenas a una semana de nombrado haya logrado revisar y presentar el nuevo plan anticontingencia, que necesariamente tiene que ser m\u00e1s riguroso que el anterior, sobre todo despu\u00e9s de los altos niveles de contaminaci\u00f3n de hace unos d\u00edas que casi inmovilizaron a los habitantes de la zona metropolitana de la Ciudad de M\u00e9xico.<\/p>\n<p>Uno de los cambios m\u00e1s notables consiste en que, cuando se decrete Contingencia Ambiental, dejar\u00e1n de circular tambi\u00e9n los veh\u00edculos con calcoman\u00edas 0 y 00. Esta restricci\u00f3n se aplicar\u00eda en casos\u00a0de contaminaci\u00f3n por ozono, PM10 y PM\u00a02.5.<\/p>\n<p>Otra novedad es que ahora habr\u00e1 una Fase Preventiva, la cual se activar\u00e1 con base en el pron\u00f3stico del d\u00eda siguiente, pero s\u00f3lo en caso de que haya 70 por ciento de probabilidad de que se alcancen los 140 puntos Imeca para ozono y 135 para PM 10 y 2.5.<\/p>\n<p>La Fase 1 seguir\u00e1 activ\u00e1ndose a partir de los 150 puntos;\u00a0la Fase 2\u00a0empezar\u00e1 al llegar a los 200 puntos Imeca, mientras que la Fase Combinada aplicar\u00e1 cuando uno de los contaminantes llegue a 150 puntos y otro a 140.<\/p>\n<p>Los \u00fanicos veh\u00edculos que no tendr\u00e1n restricci\u00f3n alguna ser\u00e1n los h\u00edbridos y los el\u00e9ctricos.<\/p>\n<p style=\"text-align: center;\"><strong>La Cosecha<\/strong><\/p>\n<p>Por tercera generaci\u00f3n, con el nombramiento de Zo\u00e9 Robledo Aburto como director del IMSS, ese apellido aparece en los primeros planos entre los pol\u00edticos originarios del fecundo estado de Chiapas.<\/p>\n<p>El primero de la ahora dinast\u00eda fue el profesor Edgar Robledo Santiago, quien el siglo pasado tuvo una destacada trayectoria sindical y pol\u00edtica como dirigente del Sindicato Nacional de Trabajadores de la Educaci\u00f3n (SNTE) y de la Federaci\u00f3n de Sindicatos de Trabajadores al Servicio del Estado (FSTSE) y como titular del Instituto de Seguridad y Servicios Sociales para los Trabajadores al Servicio del Estado (FSTSE), adem\u00e1s de haber sido senador y diputado federal por el PRI.<\/p>\n<p>En una p\u00e1gina luctuosa que le dedic\u00f3 la Sociedad Mexicana de Geograf\u00eda y Estad\u00edstica, Robledo Santiago, es calificado de \u201c\u00faltimo ap\u00f3stol de la educaci\u00f3n rural en Chiapas\u201d, ya que inici\u00f3 su vida profesional como profesor rural.<\/p>\n<p>Tambi\u00e9n sus simpatizantes lo definen como el m\u00e1s honesto de los dirigentes del magisterio y de la burocracia.<\/p>\n<p>La segunda generaci\u00f3n la representa Eduardo Robledo Rinc\u00f3n, tambi\u00e9n de extensa trayectoria pol\u00edtica, como legislador, dirigente partidista y funcionario p\u00fablico. Materializ\u00f3 una aspiraci\u00f3n que no pudo cumplir su t\u00edo Edgar, llegar al gobierno de Chiapas, pero no pudo realizar todas las obras que pretend\u00eda para contribuir al desarrollo de su entidad, pues tuvo que renunciar a consecuencia de la presi\u00f3n del Ej\u00e9rcito Zapatista de Liberaci\u00f3n Nacional (EZLN).<\/p>\n<p>Como compensaci\u00f3n el entonces presidente Ernesto Zedillo lo nombr\u00f3 embajador en Argentina. Regres\u00f3 a la vida p\u00fablica como secretario de la desaparecida Reforma Agraria, su \u00faltimo cargo relevante.<\/p>\n<p>La estafeta la tom\u00f3 su hijo, Zo\u00e9 Robledo Aburto, quien ya fue senador y es diputado con licencia (de Morena), posici\u00f3n que dej\u00f3 para convertirse en subsecretario de Gobernaci\u00f3n y, a partir de ayer, director general del IMSS, en reemplazo de Germ\u00e1n Mart\u00ednez C\u00e1zares, quien renunci\u00f3 por no tener libertad para actuar contra las graves deficiencias de la principal instituci\u00f3n nacional de seguridad social.<\/p>\n<p>Robledo Aburto tiene una pesada tarea por delante, pues las carencias del IMSS son muchas y graves, pero podr\u00eda ganarse el reconocimiento p\u00fablico con que aplique la honestidad que se le atribuye a su t\u00edo abuelo cuando dirigi\u00f3 el otro gran instituto de la seguridad social, el ISSSTE, pues seg\u00fan todos los diagn\u00f3sticos, una de las debilidades del IMSS es la corrupci\u00f3n.<\/p>\n<p>En tanto, la mayor\u00eda de Morena libr\u00f3 al secretario de Hacienda, Carlos Urz\u00faa Mac\u00edas, de tener que comparecer ante la Comisi\u00f3n Permanente para explicar sus desacuerdos con el ex director del IMSS, Germ\u00e1n Mart\u00ednez.<\/p>\n<p>Pero si de esc\u00e1ndalos se trata, el que podr\u00eda resultar el asunto m\u00e1s grave es el anuncio de la secretaria de la Funci\u00f3n P\u00fablica, Irma Er\u00e9ndira Sandoval, acerca de la inhabilitaci\u00f3n de dos altos ex funcionarios de Petr\u00f3leos Mexicanos (Pemex) por irregularidades en sus declaraciones patrimoniales.<\/p>\n<p>La funcionaria federal no dio nombres. S\u00f3lo comunic\u00f3 que uno de los ex funcionarios est\u00e1 inhabilitado por diez a\u00f1os y el otro por quince, adem\u00e1s de que tendr\u00e1 que pagar una multa de, nada menos, que \u00a1620 millones de pesos!<\/p>\n<p>Extraoficialmente trascendi\u00f3 que uno de los sancionados es el ex director general de Pemex Emilio Lozoya Austin, contra quien pesa una investigaci\u00f3n por supuestos sobornos de la empresa brasile\u00f1a Odebrecht.<\/p>\n<p>Lo bueno es que a pesar de sus malos resultados recientes, en el PRI no se pierde el optimismo.<\/p>\n<p>El secretario de Operaci\u00f3n Pol\u00edtica del CEN del tricolor, Jorge M\u00e1rquez Montes, asegur\u00f3 que el pr\u00f3ximo 2 de junio su partido estar\u00e1 en la pelea y \u201clisto para ganar\u201d en Aguascalientes, Baja California, Durango, Puebla, Tamaulipas y Quintana Roo.<\/p>\n<p>En contra de las encuestas que relegan al otrora invencible a un tercer sitio en casi todos los casos, M\u00e1rquez Montes dijo que su presidenta, Claudia Ruiz Massieu, y el secretario general Arturo Zamora Jim\u00e9nez, est\u00e1n completamente dedicados al proceso electoral, mientras que sus candidatos han realizado campa\u00f1as de acercamiento a los electores.<\/p>\n<p>La senadora del PAN por Quintana Roo Mayuli Mart\u00ednez Sim\u00f3n dio a conocer que en las leyes secundarias de la Guardia Nacional se logr\u00f3 establecer que los elementos castrenses operen bajo protocolos especiales en las zonas tur\u00edsticas, para brindar una atenci\u00f3n adecuada a los visitantes.<\/p>\n<p>Luego de recibir el reconocimiento de otros legisladores, inclusive de partidos opositores, por su propuesta de que hubiera un protocolo especial para las zonas tur\u00edsticas, la legisladora panista destac\u00f3 que los elementos de la Guardia Nacional contar\u00e1n con una formaci\u00f3n jur\u00eddica y en derechos humanos, para prestar apoyo, auxilio y orientaci\u00f3n al turista.<\/p>\n<p><a href=\"mailto:riverapaz@infinitummail.com\" target=\"_blank\" rel=\"noopener noreferrer\"><em>riverapaz@infinitummail.com<\/em><\/a><\/p>\n","protected":false},"excerpt":{"rendered":"<p><span style=\"color: #005497;\"><strong>Miguel \u00c1ngel Rivera<\/strong><\/span><\/p>\n","protected":false},"author":3,"featured_media":0,"comment_status":"open","ping_status":"open","sticky":false,"template":"","format":"standard","meta":{"_monsterinsights_skip_tracking":false,"_monsterinsights_sitenote_active":false,"_monsterinsights_sitenote_note":"","_monsterinsights_sitenote_category":0,"footnotes":""},"categories":[84119],"tags":[84120,84121,43674],"class_list":["post-428758","post","type-post","status-publish","format-standard","hentry","category-miguel-angel-rivera","tag-clase-politica","tag-miguel-angel-rivera","tag-opinion"],"_links":{"self":[{"href":"https:\/\/www.diarioimagen.net\/index.php?rest_route=\/wp\/v2\/posts\/428758","targetHints":{"allow":["GET"]}}],"collection":[{"href":"https:\/\/www.diarioimagen.net\/index.php?rest_route=\/wp\/v2\/posts"}],"about":[{"href":"https:\/\/www.diarioimagen.net\/index.php?rest_route=\/wp\/v2\/types\/post"}],"author":[{"embeddable":true,"href":"https:\/\/www.diarioimagen.net\/index.php?rest_route=\/wp\/v2\/users\/3"}],"replies":[{"embeddable":true,"href":"https:\/\/www.diarioimagen.net\/index.php?rest_route=%2Fwp%2Fv2%2Fcomments&post=428758"}],"version-history":[{"count":0,"href":"https:\/\/www.diarioimagen.net\/index.php?rest_route=\/wp\/v2\/posts\/428758\/revisions"}],"wp:attachment":[{"href":"https:\/\/www.diarioimagen.net\/index.php?rest_route=%2Fwp%2Fv2%2Fmedia&parent=428758"}],"wp:term":[{"taxonomy":"category","embeddable":true,"href":"https:\/\/www.diarioimagen.net\/index.php?rest_route=%2Fwp%2Fv2%2Fcategories&post=428758"},{"taxonomy":"post_tag","embeddable":true,"href":"https:\/\/www.diarioimagen.net\/index.php?rest_route=%2Fwp%2Fv2%2Ftags&post=428758"}],"curies":[{"name":"wp","href":"https:\/\/api.w.org\/{rel}","templated":true}]}}