{"id":428888,"date":"2019-05-24T00:10:55","date_gmt":"2019-05-24T05:10:55","guid":{"rendered":"https:\/\/www.diarioimagen.net\/?p=428888"},"modified":"2019-05-24T07:32:00","modified_gmt":"2019-05-24T12:32:00","slug":"enfrentamiento-en-uruapan-entre-el-mismo-grupo-criminal","status":"publish","type":"post","link":"https:\/\/www.diarioimagen.net\/?p=428888","title":{"rendered":"Enfrentamiento en Uruapan entre el mismo grupo criminal"},"content":{"rendered":"<ul>\n<li><em><strong>Confirman 10 muertos y 3 lesionados<\/strong><\/em><\/li>\n<li><em><strong>Operan cuatro agrupaciones hegem\u00f3nicas de la delincuencia en Michoac\u00e1n<\/strong><\/em><\/li>\n<\/ul>\n<p>&nbsp;<\/p>\n<p>&nbsp;<\/p>\n<div id=\"attachment_428916\" style=\"width: 470px\" class=\"wp-caption aligncenter\"><a href=\"https:\/\/www.diarioimagen.net\/?attachment_id=428916\" rel=\"attachment wp-att-428916\"><img loading=\"lazy\" decoding=\"async\" aria-describedby=\"caption-attachment-428916\" class=\"size-large wp-image-428916\" src=\"https:\/\/www.diarioimagen.net\/wp-content\/uploads\/2019\/05\/URUAPAN24-460x259.jpg\" alt=\"\" width=\"460\" height=\"259\" srcset=\"https:\/\/www.diarioimagen.net\/wp-content\/uploads\/2019\/05\/URUAPAN24-460x259.jpg 460w, https:\/\/www.diarioimagen.net\/wp-content\/uploads\/2019\/05\/URUAPAN24-240x135.jpg 240w, https:\/\/www.diarioimagen.net\/wp-content\/uploads\/2019\/05\/URUAPAN24-235x132.jpg 235w, https:\/\/www.diarioimagen.net\/wp-content\/uploads\/2019\/05\/URUAPAN24-202x114.jpg 202w, https:\/\/www.diarioimagen.net\/wp-content\/uploads\/2019\/05\/URUAPAN24-350x196.jpg 350w, https:\/\/www.diarioimagen.net\/wp-content\/uploads\/2019\/05\/URUAPAN24-220x123.jpg 220w, https:\/\/www.diarioimagen.net\/wp-content\/uploads\/2019\/05\/URUAPAN24-237x132.jpg 237w, https:\/\/www.diarioimagen.net\/wp-content\/uploads\/2019\/05\/URUAPAN24.jpg 480w\" sizes=\"auto, (max-width: 460px) 100vw, 460px\" \/><\/a><p id=\"caption-attachment-428916\" class=\"wp-caption-text\">Un video dado a conocer por Denise Maerker, en Televisa, confirm\u00f3 la movilidad de uno de los grupos criminales y el armamento que utiliza.<\/p><\/div>\n<p>&nbsp;<\/p>\n<p>El fiscal general de Michoac\u00e1n, Adri\u00e1n L\u00f3pez Sol\u00eds, confirm\u00f3 que la cifra del saldo por el enfrentamiento entre c\u00e1rteles ocurrido el mi\u00e9rcolesen el municipio de Uruapan es de 10 civiles muertos y tres heridos.<\/p>\n<p>El funcionario expuso que todos los muertos y lesionados pertenecen a un mismo grupo delictivo, sin revelar a cu\u00e1l. Lo anterior, dijo, fue el resultado de un ataque sorpresivo de un grupo criminal a otro en la colonia Arroyo Colorado.<\/p>\n<p>Se\u00f1al\u00f3 que de los lesionados dos se encuentran en estado grave de salud y uno m\u00e1s \u201cun poco m\u00e1s estable\u201d.<\/p>\n<p>Refiri\u00f3 que de los muertos cuatro ya fueron identificados y son originarios de Uruapan y Nueva Italia.<\/p>\n<p>Adelant\u00f3 que al estar involucrados grupos del crimen organizado y por el uso de armas de uso exclusivo del Ej\u00e9rcito, la dependencia a su cargo dar\u00e1 vista a la Fiscal\u00eda General de la Rep\u00fablica.<\/p>\n<p>El presidente Andr\u00e9s Manuel L\u00f3pez Obrador se\u00f1al\u00f3 ayer jueves en su conferencia ma\u00f1anera que en Michoac\u00e1n operan cuatro grupos hegem\u00f3nicos de la delincuencia en Michoac\u00e1n.<\/p>\n<p>En respuesta a esas declaraciones el fiscal michoacano destac\u00f3, primero, el respeto a las declaraciones del mandatario nacional.Al respecto aclar\u00f3 que en su concepto hay hegemon\u00eda cuando existe dominio total del territorio y lo que se tiene en Michoac\u00e1n es una confrontaci\u00f3n de grupos criminales que se disputan el territorio.<\/p>\n<p>Adem\u00e1s, aun\u00f3, se disputan los mercados para distribuir y comercializar sustancias adictivas, entre otras actividades delincuenciales en perjuicio de la poblaci\u00f3n.<\/p>\n<p>\u201cY por el otro lado, hay una mec\u00e1nica de inestabilidad en la confirmaci\u00f3n de estos grupos de modo que en alg\u00fan cierto momento se hacen llamar de una manera; en otro momento esos mismos sujetos ya pertenecen a otra banda\u201d.<\/p>\n<p>\u201cEs decir, no estamos en presencia de marcas institucionales, estables, que le permitan tambi\u00e9n a la autoridad referirse a ellos con la certeza y la seguridad que tiene otro tipo de cosas que s\u00ed est\u00e1n dentro de la ley\u201d.<\/p>\n<p>Un video dado a conocer por Denise Maerker en el noticiario de <em>En Punto<\/em>, confirm\u00f3 la movilidad de uno de los grupos criminales y el armamento que utiliza. De acuerdo a lo informado, el video fue grabado desde el tel\u00e9fono celular de una de las v\u00edctimas, previo al enfrentamiento. El veh\u00edculo blindado, la m\u00fasica de banda, los radios de comunicaci\u00f3n y los rifles de alto poder, son los elementos que saltan a la vista en la grabaci\u00f3n de 1.3 minutos. Otras camionetas repletas de sujetos fuertemente armados del mismo grupo criminal se aprecian al frente del veh\u00edculo desde donde fue grabado el video.<strong>\u00a0<\/strong><\/p>\n","protected":false},"excerpt":{"rendered":"<p>El fiscal general de Michoac\u00e1n, Adri\u00e1n L\u00f3pez Sol\u00eds, confirm\u00f3 que la cifra del saldo por el enfrentamiento entre c\u00e1rteles ocurrido el mi\u00e9rcolesen el municipio de Uruapan es de 10 civiles muertos y tres heridos.<\/p>\n","protected":false},"author":3,"featured_media":428916,"comment_status":"open","ping_status":"open","sticky":false,"template":"","format":"standard","meta":{"_monsterinsights_skip_tracking":false,"_monsterinsights_sitenote_active":false,"_monsterinsights_sitenote_note":"","_monsterinsights_sitenote_category":0,"footnotes":""},"categories":[7],"tags":[11895,43677],"class_list":["post-428888","post","type-post","status-publish","format-standard","has-post-thumbnail","hentry","category-seguridad","tag-enfrentamiento","tag-seguridad"],"_links":{"self":[{"href":"https:\/\/www.diarioimagen.net\/index.php?rest_route=\/wp\/v2\/posts\/428888","targetHints":{"allow":["GET"]}}],"collection":[{"href":"https:\/\/www.diarioimagen.net\/index.php?rest_route=\/wp\/v2\/posts"}],"about":[{"href":"https:\/\/www.diarioimagen.net\/index.php?rest_route=\/wp\/v2\/types\/post"}],"author":[{"embeddable":true,"href":"https:\/\/www.diarioimagen.net\/index.php?rest_route=\/wp\/v2\/users\/3"}],"replies":[{"embeddable":true,"href":"https:\/\/www.diarioimagen.net\/index.php?rest_route=%2Fwp%2Fv2%2Fcomments&post=428888"}],"version-history":[{"count":0,"href":"https:\/\/www.diarioimagen.net\/index.php?rest_route=\/wp\/v2\/posts\/428888\/revisions"}],"wp:featuredmedia":[{"embeddable":true,"href":"https:\/\/www.diarioimagen.net\/index.php?rest_route=\/wp\/v2\/media\/428916"}],"wp:attachment":[{"href":"https:\/\/www.diarioimagen.net\/index.php?rest_route=%2Fwp%2Fv2%2Fmedia&parent=428888"}],"wp:term":[{"taxonomy":"category","embeddable":true,"href":"https:\/\/www.diarioimagen.net\/index.php?rest_route=%2Fwp%2Fv2%2Fcategories&post=428888"},{"taxonomy":"post_tag","embeddable":true,"href":"https:\/\/www.diarioimagen.net\/index.php?rest_route=%2Fwp%2Fv2%2Ftags&post=428888"}],"curies":[{"name":"wp","href":"https:\/\/api.w.org\/{rel}","templated":true}]}}