{"id":428903,"date":"2019-05-24T06:53:43","date_gmt":"2019-05-24T11:53:43","guid":{"rendered":"https:\/\/www.diarioimagen.net\/?p=428903"},"modified":"2019-05-24T07:39:14","modified_gmt":"2019-05-24T12:39:14","slug":"amlo-insiste-que-tendremos-salud-como-los-nordicos-directores-de-hospitales-piden-lo-basico","status":"publish","type":"post","link":"https:\/\/www.diarioimagen.net\/?p=428903","title":{"rendered":"AMLO insiste que tendremos salud como los n\u00f3rdicos; directores de hospitales piden lo b\u00e1sico"},"content":{"rendered":"<h2>Tras la puerta del poder<\/h2>\n<h5>Roberto Vizca\u00edno<\/h5>\n<p>&nbsp;<\/p>\n<div id=\"attachment_428937\" style=\"width: 470px\" class=\"wp-caption aligncenter\"><a href=\"https:\/\/www.diarioimagen.net\/?attachment_id=428937\" rel=\"attachment wp-att-428937\"><img loading=\"lazy\" decoding=\"async\" aria-describedby=\"caption-attachment-428937\" class=\"size-large wp-image-428937\" src=\"https:\/\/www.diarioimagen.net\/wp-content\/uploads\/2019\/05\/matamoscas-ejemplar-LUIS-XAVIER-460x355.jpg\" alt=\"\" width=\"460\" height=\"355\" srcset=\"https:\/\/www.diarioimagen.net\/wp-content\/uploads\/2019\/05\/matamoscas-ejemplar-LUIS-XAVIER-460x355.jpg 460w, https:\/\/www.diarioimagen.net\/wp-content\/uploads\/2019\/05\/matamoscas-ejemplar-LUIS-XAVIER-240x185.jpg 240w, https:\/\/www.diarioimagen.net\/wp-content\/uploads\/2019\/05\/matamoscas-ejemplar-LUIS-XAVIER-768x593.jpg 768w, https:\/\/www.diarioimagen.net\/wp-content\/uploads\/2019\/05\/matamoscas-ejemplar-LUIS-XAVIER.jpg 1200w\" sizes=\"auto, (max-width: 460px) 100vw, 460px\" \/><\/a><p id=\"caption-attachment-428937\" class=\"wp-caption-text\">Matamoscas ejemplar&#8230; | Luis Xavier<\/p><\/div>\n<p>&nbsp;<\/p>\n<p>La renuncia de <strong>Germ\u00e1n Mart\u00ednez <\/strong>provoc\u00f3 una serie de fuertes reacciones en importantes sectores y dentro del gobierno mismo, que el presidente <strong>Andr\u00e9s Manuel L\u00f3pez Obrador <\/strong>pese a su capacidad para sortear conflictos no logr\u00f3 amainar ni con sus declaraciones, ni con el nombramiento de <strong>Zo\u00e9 Robledo <\/strong>como nuevo director del IMSS:<\/p>\n<p>Si bien reconoci\u00f3 ayer en su ma\u00f1anera que hay desabasto de medicinas, <strong>Andr\u00e9s Manuel L\u00f3pez Obrador<\/strong> dentro de su muy particular estilo de minimizar y desviar sus contrariedades, desech\u00f3 que exista una crisis en el Sector Salud y reiter\u00f3 que lo crean o no sus cr\u00edticos, con \u00e9l M\u00e9xico va a tener un sistema de salud como el que existe en los pa\u00edses n\u00f3rdicos.<\/p>\n<p>\u201c\u2026hay problema de desabasto de medicamentos, pero les dir\u00eda que estaba peor antes\u201d, dijo.<\/p>\n<p>Horas despu\u00e9s en la C\u00e1mara de Diputados en San L\u00e1zaro <strong>Alfonso Ram\u00edrez Cu\u00e9llar,<\/strong> presidente de la Comisi\u00f3n de Presupuesto y Cuenta P\u00fablica recibi\u00f3 a directores de institutos nacionales de salud &#8211;entre otros a <strong>Jaime Nieto Zerme\u00f1o<\/strong> del Hospital Infantil de M\u00e9xico \u201cFederico G\u00f3mez\u201d, y a <strong>Octavio Sierra Mart\u00ednez <\/strong>del Hospital General \u201cManuel Gea Gonz\u00e1lez&#8211;, quienes a nombre de todos le\u00a0 reclamaron intervenir para que <strong>Carlos Urz\u00faa,<\/strong> secretario de Hacienda, ponga fin a la retenci\u00f3n de los recursos para el Sector.<\/p>\n<p>De igual forma le pidieron intervenir para tener una reuni\u00f3n con el presidente <strong>L\u00f3pez Obrador<\/strong> y con el titular de Hacienda, <strong>Carlos Urz\u00faa.<\/strong><\/p>\n<p>Le indicaron que hasta hoy va un recorte y retenci\u00f3n de 2 mil 300 millones de pesos al sector.<\/p>\n<p>\u201cQuedamos que alrededor de las cinco de la tarde, ya con la firma de cada uno de los directores, nos presentar\u00edan un documento formal donde se\u00f1alan las implicaciones de la disminuci\u00f3n de los 2 mil 300 millones de pesos\u201d, coment\u00f3.<\/p>\n<p>En el encuentro particip\u00f3 adem\u00e1s el senador, tambi\u00e9n de Morena, <strong>Miguel \u00c1ngel Navarro,<\/strong> presidente de la Comisi\u00f3n de Salud en el Senado.<\/p>\n<p>Al parejo trascendi\u00f3 que los efectos de la renuncia de <strong>Germ\u00e1n Mart\u00ednez<\/strong> &#8211;quien ayer mismo se reintegr\u00f3 al Senado donde apareci\u00f3 al lado del presidente de la C\u00e1mara <strong>Mart\u00ed Batres&#8211;,<\/strong> y la denuncia hecha en su carta de retiro, gener\u00f3 una reuni\u00f3n de dirigentes sindicales de la burocracia.<\/p>\n<p>As\u00ed por la tarde de ayer el encuentro de estos se realiz\u00f3 en las instalaciones del Consejo de la Federaci\u00f3n de Sindicatos de Trabajadores al Servicio del Estado, la FSTSE, donde se analizar\u00eda lo relativo a los recortes presupuestales del gobierno federal en el Sector Salud.<\/p>\n<p>Se indic\u00f3 que en ese encuentro estar\u00edan unos 400 delegados y los 89 l\u00edderes de los sindicatos que integran a la FSTSE encabezada por el ancestral <strong>Joel Ayala<\/strong>.<\/p>\n<p>Como se ve el efecto de la renuncia de Mart\u00ednez a la direcci\u00f3n al IMSS y los se\u00f1alamientos que hizo en una carta de 11 hojas, apenas comienza.<\/p>\n<p>Lo cierto es que los se\u00f1alamientos del ex presidente del PAN en esa carta de renuncia son por dem\u00e1s graves y no s\u00f3lo podr\u00eda tener consecuencias sociales y pol\u00edticas insospechadas, sino efectos legales importantes.<\/p>\n<p>Se ha planteado que v\u00edctimas de un fallecido por la falta de medicamentos, insumos o atenci\u00f3n debido a los recortes presupuestales de Hacienda podr\u00edan bien generar juicios no s\u00f3lo de reclamo de indemnizaciones, sino penales en contra del secretario de Hacienda y hasta del Presidente <strong>L\u00f3pez Obrador.<\/strong><\/p>\n<p>En fin.<\/p>\n<p>Por lo pronto existen ya an\u00e1lisis serios como el del ex<\/p>\n<p>secretario de Salud <strong>Julio Frenk<\/strong>, hoy rector de la Universidad de Miami, quien asegura que las promesas de <strong>Andr\u00e9s Manuel L\u00f3pez Obrador <\/strong>de instaurar en M\u00e9xico un sistema tan avanzado de salud como el que tienen los pa\u00edses n\u00f3rdicos no deja de ser demagogia cuando sus acciones desde la Presidencia de la Rep\u00fablica apuntan a la instalaci\u00f3n de un sistema de salud similar al de Corea del Norte o Venezuela.<\/p>\n<p><strong>Frenk <\/strong>es un personaje reconocido internacionalmente como un experto en Salud y tiene la experiencia de haber sido titular del sector en M\u00e9xico.<\/p>\n<p>Las cosas pues no est\u00e1n ni claras ni sencillas para AMLO y su c\u00edrculo hacendario y financiero y menos a\u00fan para todos quienes integran las direcciones y los cuerpos especializados en las instituciones nacionales de Salud.<\/p>\n<p>No hace mucho el oficial mayor, o el encargado de las finanzas del ISSSTE indic\u00f3 en una reuni\u00f3n con senadores y diputados que este instituto estaba absolutamente quebrado.<\/p>\n<p>Al d\u00eda siguiente AMLO sali\u00f3 a se\u00f1alar en su conferencia ma\u00f1anera que eso era una mentira y que el ISSSTE gozaba de cabal salud presupuestal y que pensiones y atenci\u00f3n m\u00e9dica con dotaci\u00f3n de medicamentos estaban garantizados, que se cansaba su ganso.<\/p>\n<p>Horas despu\u00e9s el enterrador de los d\u00edas anteriores sali\u00f3 a rectificarse y a decir que lo que hab\u00eda dicho era una locura, que le verdad era la que hab\u00eda dicho el Presidente <strong>L\u00f3pez Obrador,<\/strong> y que el ISSSTE estaba m\u00e1s saludable que un beb\u00e9 de 7 meses.<\/p>\n<p>Hoy los hechos indican que todo el Sector Salud hace agua, como otros sectores gubernamentales\u00a0 Y que todos se est\u00e1n hundiendo porque <strong>Carlos Urz\u00faa<\/strong> desde Hacienda, por instrucciones de <strong>Andr\u00e9s Manuel L\u00f3pez Obrador,<\/strong> los ha sometido a recortes y despidos sin precedente para poder repartir el dinero a becas para j\u00f3venes, pensiones a adultos mayores, programas para campesinos, en fin para todo el reparto de dinero en efectivo del que todos los d\u00edas se ufana el tabasque\u00f1o.<\/p>\n<p>\u00bfCu\u00e1ntos muertos va a costar eso? <strong><em>\u00dajule<\/em><\/strong>, pues con uno ser\u00eda suficiente para pasar a la historia como\u2026 (usted calif\u00edquelo como quiera) \u00bfno?<\/p>\n<p style=\"text-align: center;\"><strong>Ahora resulta<\/strong><\/p>\n<p>Miembro de las comisiones de Turismo, Anticorrupci\u00f3n, Transparencia y participaci\u00f3n Ciudadana, de la de Energ\u00eda y de la de Seguridad Social la senadora <strong>Cecilia S\u00e1nchez Garc\u00eda<\/strong> atendi\u00f3 ayer a una delegaci\u00f3n de la UNI-Global, una federaci\u00f3n internacional que agrupa a sindicatos del sector servicios de m\u00e1s de 150 pa\u00edses, con sede en Suiza y una oficina regional en Montevideo, Uruguay, para Am\u00e9rica Latina.<\/p>\n<p>La legisladora de Morena, en ausencia de <strong>Napole\u00f3n G\u00f3mez Urrutia, \u00e9l s\u00ed l\u00edder sindical de los mineros de M\u00e9xico y presidente de la Comisi\u00f3n de Trabajo del Senado,<\/strong> y del l\u00edder de la fracci\u00f3n, <strong>Ricardo Monreal,<\/strong> indic\u00f3 que las organizaciones sindicales internacionales est\u00e1n muy interesadas en conocer la reforma laboral reci\u00e9n aprobada por el Congreso en M\u00e9xico.<\/p>\n<p>El hecho de que la nueva reforma laboral mexicana garantice el voto libre de los obreros y los trabajadores sindicalizados provoca el inter\u00e9s internacional.<\/p>\n<p>\u201cLos cambios vienen muy fuertes. Sabemos que los trabajadores tienen mucha presi\u00f3n en sus centros de trabajo. Muchos son castigados y despedidos por dar su lucha hacia la libertad sindical. Les decimos que los vamos a apoyar. Que la democratizaci\u00f3n laboral va, porque fue otra de las promesas de campa\u00f1a del actual Presidente de la Rep\u00fablica\u201d, dijo la senadora por Campeche.<\/p>\n<p>A su vez <strong>Christy Hoffman,<\/strong> secretaria general de UNI-Global, asegur\u00f3 que les emociona saber sobre la participaci\u00f3n de todos los trabajadores en la democratizaci\u00f3n laboral y de su derecho a formar sindicatos.<\/p>\n<p>\u201cEsperamos que la nueva legislaci\u00f3n ayude a tener una organizaci\u00f3n m\u00e1s colectiva, con unos cimientos de sindicatos fuertes y democr\u00e1ticos, porque en el mundo no puede haber una sociedad unida sin sindicatos fuertes. La organizaci\u00f3n colectiva no s\u00f3lo sirve para subir el estatus a cualquier individuo. Las sociedades con organizaci\u00f3n colectiva son m\u00e1s fuertes y democr\u00e1ticas\u201d, subray\u00f3.<\/p>\n<p><em><a href=\"mailto:rvizcainoa@gmail.com\" target=\"_blank\" rel=\"noopener noreferrer\">rvizcainoa@gmail.com<\/a><br \/>\n<u><a href=\"http:\/\/endirecto.mx\" target=\"_blank\" rel=\"noopener noreferrer\">www.endirecto.mx<\/a><br \/>\n<a href=\"https:\/\/twitter.com\/_rvizcaino\" target=\"_blank\" rel=\"noopener noreferrer\">@_RVizcaino<\/a><br \/>\n<a href=\"https:\/\/www.facebook.com\/rvizcainoa\" target=\"_blank\" rel=\"noopener noreferrer\">facebook.com\/rvizcainoa<\/a><\/u><\/em><\/p>\n","protected":false},"excerpt":{"rendered":"<p><span style=\"color: #005497;\"><strong>Roberto Vizca\u00edno<\/strong><\/span><br \/>\n<br \/>\nLa renuncia de <strong>Germ\u00e1n Mart\u00ednez <\/strong>provoc\u00f3 una serie de fuertes reacciones en importantes sectores y dentro del gobierno mismo, que el presidente <strong>Andr\u00e9s Manuel L\u00f3pez Obrador <\/strong>pese a su capacidad para sortear conflictos no logr\u00f3 amainar ni con sus declaraciones, ni con el nombramiento de <strong>Zo\u00e9 Robledo <\/strong>como nuevo director del IMSS:<\/p>\n","protected":false},"author":3,"featured_media":428937,"comment_status":"open","ping_status":"open","sticky":false,"template":"","format":"standard","meta":{"_monsterinsights_skip_tracking":false,"_monsterinsights_sitenote_active":false,"_monsterinsights_sitenote_note":"","_monsterinsights_sitenote_category":0,"footnotes":""},"categories":[136],"tags":[43674,93,94],"class_list":["post-428903","post","type-post","status-publish","format-standard","has-post-thumbnail","hentry","category-roberto-vizcaino-opinion","tag-opinion","tag-roberto-vizcaino","tag-tras-la-puerta-del-poder"],"_links":{"self":[{"href":"https:\/\/www.diarioimagen.net\/index.php?rest_route=\/wp\/v2\/posts\/428903","targetHints":{"allow":["GET"]}}],"collection":[{"href":"https:\/\/www.diarioimagen.net\/index.php?rest_route=\/wp\/v2\/posts"}],"about":[{"href":"https:\/\/www.diarioimagen.net\/index.php?rest_route=\/wp\/v2\/types\/post"}],"author":[{"embeddable":true,"href":"https:\/\/www.diarioimagen.net\/index.php?rest_route=\/wp\/v2\/users\/3"}],"replies":[{"embeddable":true,"href":"https:\/\/www.diarioimagen.net\/index.php?rest_route=%2Fwp%2Fv2%2Fcomments&post=428903"}],"version-history":[{"count":0,"href":"https:\/\/www.diarioimagen.net\/index.php?rest_route=\/wp\/v2\/posts\/428903\/revisions"}],"wp:featuredmedia":[{"embeddable":true,"href":"https:\/\/www.diarioimagen.net\/index.php?rest_route=\/wp\/v2\/media\/428937"}],"wp:attachment":[{"href":"https:\/\/www.diarioimagen.net\/index.php?rest_route=%2Fwp%2Fv2%2Fmedia&parent=428903"}],"wp:term":[{"taxonomy":"category","embeddable":true,"href":"https:\/\/www.diarioimagen.net\/index.php?rest_route=%2Fwp%2Fv2%2Fcategories&post=428903"},{"taxonomy":"post_tag","embeddable":true,"href":"https:\/\/www.diarioimagen.net\/index.php?rest_route=%2Fwp%2Fv2%2Ftags&post=428903"}],"curies":[{"name":"wp","href":"https:\/\/api.w.org\/{rel}","templated":true}]}}