{"id":428909,"date":"2019-05-24T00:09:27","date_gmt":"2019-05-24T05:09:27","guid":{"rendered":"https:\/\/www.diarioimagen.net\/?p=428909"},"modified":"2019-05-24T07:40:51","modified_gmt":"2019-05-24T12:40:51","slug":"humo-en-mexico-cultural-2","status":"publish","type":"post","link":"https:\/\/www.diarioimagen.net\/?p=428909","title":{"rendered":"Humo en M\u00e9xico, \u00bfcultural?"},"content":{"rendered":"<h2>Poder y dinero<\/h2>\n<h5>V\u00edctor S\u00e1nchez Ba\u00f1os<\/h5>\n<p><em>\u00a0<\/em><\/p>\n<ul>\n<li><strong><em>Impunidad en incendios provocados<\/em><\/strong><\/li>\n<li><em><strong>CCE: gran inseguridad y asesinatos<\/strong> <\/em><\/li>\n<\/ul>\n<p><em>\u00a0<\/em><\/p>\n<p style=\"text-align: right;\"><em><strong>La mentira que es casi verdad es peor que todas las mentiras<\/strong><br \/>\n<\/em><em>Alfred Tennyson 1809-1892; poeta ingl\u00e9s<\/em><\/p>\n<p>&nbsp;<\/p>\n<div id=\"attachment_428943\" style=\"width: 470px\" class=\"wp-caption aligncenter\"><a href=\"https:\/\/www.diarioimagen.net\/?attachment_id=428943\" rel=\"attachment wp-att-428943\"><img loading=\"lazy\" decoding=\"async\" aria-describedby=\"caption-attachment-428943\" class=\"size-large wp-image-428943\" src=\"https:\/\/www.diarioimagen.net\/wp-content\/uploads\/2019\/05\/LEY-DE-CARCAJADA-jose-luis-460x395.jpg\" alt=\"\" width=\"460\" height=\"395\" srcset=\"https:\/\/www.diarioimagen.net\/wp-content\/uploads\/2019\/05\/LEY-DE-CARCAJADA-jose-luis-460x395.jpg 460w, https:\/\/www.diarioimagen.net\/wp-content\/uploads\/2019\/05\/LEY-DE-CARCAJADA-jose-luis-240x206.jpg 240w, https:\/\/www.diarioimagen.net\/wp-content\/uploads\/2019\/05\/LEY-DE-CARCAJADA-jose-luis-768x660.jpg 768w, https:\/\/www.diarioimagen.net\/wp-content\/uploads\/2019\/05\/LEY-DE-CARCAJADA-jose-luis.jpg 1200w\" sizes=\"auto, (max-width: 460px) 100vw, 460px\" \/><\/a><p id=\"caption-attachment-428943\" class=\"wp-caption-text\">Ley de carcajada&#8230; | Jos\u00e9 Luis<\/p><\/div>\n<p>&nbsp;<\/p>\n<p>#HumoNacional #Contaminaci\u00f3n #Fraccionadores #PreparanSiembras #Da\u00f1osALaSalud #Ancianos #Enfermos #Ni\u00f1os #ComunidadVulnerable #SEMARNAT #Josefa #CCE #Asesinatos #Morelos #CTM #PRI #MetroCDMX #PasajerosEnRiesgo #Sheinbaum #RegalaDinero #ReformaEducativa #CNTE #Minor\u00edasSecuestradoras #Fundaci\u00f3nPatrimonioInd\u00edgena #CIE #CocaCola<\/p>\n<p>&nbsp;<\/p>\n<p>Nadie puede entender por qu\u00e9 en M\u00e9xico hay incendios por todos los rumbos en esta temporada de estiaje. Y, no es precisamente por acciones de la naturaleza, sino por la acci\u00f3n de seres humanos.\u00a0 Un peque\u00f1o porcentaje son accidentes, pero la mayor\u00eda de los casos es para quemar terrenos y prepararlos para la siembra, lo que es muy grave pero no es castigado por ninguna autoridad.<\/p>\n<p>Sin embargo, hay manos criminales que incendian bosques para justificar, ante la falta de \u00e1rboles, la construcci\u00f3n de fraccionamientos.<\/p>\n<p>Esto pasa en todo el pa\u00eds. La Secretar\u00eda de Ecolog\u00eda y materialmente todos los gobiernos se hacen de la vista gorda. Prefieren castigar al ciudadano com\u00fan y corriente con un ambiente irrespirable.\u00a0 Humo que da\u00f1a la salud de los m\u00e1s d\u00e9biles y estimula enfermedades pulmonares que irremediablemente llevar\u00e1n a la muerte.<\/p>\n<p>La responsabilidad es del gobierno y nada que el gobierno. Este no hace nada para no castigar a quienes atentan contra la vida de miles, cientos de miles y millones de personas.<\/p>\n<p>Si viajas a Estados Unidos, te encuentras con un cambio radical en el ambiente; en la atm\u00f3sfera. El humo desaparece como por arte de magia. \u00bfNo ser\u00e1 que all\u00e1 las leyes se obedecen y se aplican?\u00a0 Es una pena lo que ocurre en el pa\u00eds donde nadie se hace responsable de nada. Mientras ni\u00f1os, enfermos y ancianos, sufren la incompetencia de las autoridades de la Semarnat, que en cabeza Josefa Gonz\u00e1lez Blanco Ortiz Mena, simplemente cobran (aunque sean salarios \u201cchiquitos\u201d) por un trabajo que no realizan. Un fraude, pues.<\/p>\n<p><strong>PODEROSOS CABALLEROS<\/strong>: En Cuernavaca, el hijo del l\u00edder local de la CTM en Morelos, fue asesinado en una manifestaci\u00f3n. Hace dos semanas semana fue ultimado el l\u00edder de los trabajadores petroqu\u00edmicos y el n\u00famero 2 de la Confederaci\u00f3n de Trabajadores de M\u00e9xico, el sector obrero del PRI, Gilberto Mu\u00f1oz Mosqueda. Un dirigente que ten\u00eda un amplio conocimiento del sector y, por ende, de los trabajadores que representaba.\u00a0 Independientemente de las apreciaciones de las personas a su alrededor, el impacto que tuvo en las estructuras del ya alica\u00eddo Partido Revolucionario Institucional y su ala de trabajadores, la CTM, fue devastador.<\/p>\n<p>*** Ante ello el Consejo Coordinador Empresarial, liderado por Carlos Salazar, alerta ante el incremento de asesinatos, extorsiones, robos y secuestros. Este no es un buen clima para el desarrollo de los negocios.<\/p>\n<p>*** Mientras la gobernadora de la Ciudad de M\u00e9xico, Claudia Sheinbaum, regala 300 pesos a cada ni\u00f1o estudiante, el Metro en todas sus rutas se convirti\u00f3 en una cueva de ladrones, chantajistas, extorsionadores y otros delincuentes, que afecta a m\u00e1s de 4 millones de usuarios de ese transporte.<\/p>\n<p>La directora Florencia Serran\u00eda, esquiva los ataques de morenistas en el gobierno central y de perredistas. Florencia se queja de falta de dinero para m\u00e1s seguridad y mantenimiento para el Metro; por otro lado la gobernadora despilfarra en regalos en efectivo, para comprar voluntades. Si Kafka viviera en estos momentos, ser\u00eda notario p\u00fablico de las gansadas de Sheinbaum.<\/p>\n<p>*** Fue declarada constitucional la reforma educativa, entre manifestaciones de la CNTE y grupos de maestros que no aceptan que el gobierno administre al personal del magisterio.\u00a0 Una minor\u00eda no puede estar por arriba de la decisi\u00f3n de las mayor\u00edas a trav\u00e9s de la democracia participativa que tenemos.<\/p>\n<p>La CNTE quiere m\u00e1s dinero y controlar a los maestros. Ya les dieron dinero y no tienen llenadera. Quieren m\u00e1s. \u00bfHasta d\u00f3nde los mexicanos estaremos dispuestos a soportar los insultos y secuestros sociales que realizan esos grupos pol\u00edticos vestidos de maestros?<\/p>\n<p><strong>RESPONSABILIDAD SOCIAL CORPORATIVA<\/strong>: La Fundaci\u00f3n Patrimonio Ind\u00edgena MX, cuyo Presidente Honorario es Miguel Bos\u00e9, y su Presidente Ejecutivo, Alejandro Sober\u00f3n Kuri, realiz\u00f3 un donativo por 10 millones de pesos gracias a las aportaciones de sus aliados: Bimbo, de Daniel Servitje; Coppel, de Agust\u00edn Coppel; Grupo CIE, de Alejandro Sober\u00f3n; Fundaci\u00f3n Coca-Cola, de Juan Ignacio Elizalde; Flexi, de Roberto Plascencia Torres y HSBC, de Nuno\u00a0 Matos, al Programa 1&#215;1 de Compromiso Social Citibanamex, destinado a proyectos de reconstrucci\u00f3n y reactivaci\u00f3n econ\u00f3mica en el estado de Oaxaca, a ra\u00edz de los da\u00f1os ocurridos por los sismos de 2017.<\/p>\n<p>Es as\u00ed que en colaboraci\u00f3n con Compromiso Social Citibanamex y la participaci\u00f3n de otras fundaciones, se hizo entrega de siete talleres de artesanos reconstruidos, ubicados en Juchit\u00e1n de Zaragoza, San Blas Atempa y San Mateo del Mar, municipios altamente afectados por los sismos ocurridos en septiembre del a\u00f1o 2017.<\/p>\n<p><a href=\"http:\/\/poderydinero.mx\" target=\"_blank\" rel=\"noopener noreferrer\"><em>poderydinero.mx<\/em><\/a><em><b><br \/>\n<\/b><a href=\"mailto:vsanchezb@gmail.com\" target=\"_blank\" rel=\"noopener noreferrer\">vsanchezb@gmail.com<br \/>\n<\/a><strong>Twitter:<\/strong><a href=\"https:\/\/twitter.com\/vsanchezbanos\" target=\"_blank\" rel=\"noopener noreferrer\">@vsanchezbano<br \/>\n<\/a><strong>Facebook:\u00a0<\/strong><a href=\"https:\/\/www.facebook.com\/vsanchezbanos?fref=ts\" target=\"_blank\" rel=\"noopener noreferrer\">vsanchezbano<\/a><\/em><\/p>\n","protected":false},"excerpt":{"rendered":"<p><span style=\"color: #005497;\"><strong>V\u00edctor S\u00e1nchez Ba\u00f1os<\/strong><\/span><br \/>\n<br \/>\nNadie puede entender por qu\u00e9 en M\u00e9xico hay incendios por todos los rumbos en esta temporada de estiaje. Y, no es precisamente por acciones de la naturaleza, sino por la acci\u00f3n de seres humanos.<\/p>\n","protected":false},"author":3,"featured_media":428943,"comment_status":"open","ping_status":"open","sticky":false,"template":"","format":"standard","meta":{"_monsterinsights_skip_tracking":false,"_monsterinsights_sitenote_active":false,"_monsterinsights_sitenote_note":"","_monsterinsights_sitenote_category":0,"footnotes":""},"categories":[38844],"tags":[43674,38847,38848],"class_list":["post-428909","post","type-post","status-publish","format-standard","has-post-thumbnail","hentry","category-victor-sanchez-banos","tag-opinion","tag-poder-y-dinero","tag-victor-sanchez-banos"],"_links":{"self":[{"href":"https:\/\/www.diarioimagen.net\/index.php?rest_route=\/wp\/v2\/posts\/428909","targetHints":{"allow":["GET"]}}],"collection":[{"href":"https:\/\/www.diarioimagen.net\/index.php?rest_route=\/wp\/v2\/posts"}],"about":[{"href":"https:\/\/www.diarioimagen.net\/index.php?rest_route=\/wp\/v2\/types\/post"}],"author":[{"embeddable":true,"href":"https:\/\/www.diarioimagen.net\/index.php?rest_route=\/wp\/v2\/users\/3"}],"replies":[{"embeddable":true,"href":"https:\/\/www.diarioimagen.net\/index.php?rest_route=%2Fwp%2Fv2%2Fcomments&post=428909"}],"version-history":[{"count":0,"href":"https:\/\/www.diarioimagen.net\/index.php?rest_route=\/wp\/v2\/posts\/428909\/revisions"}],"wp:featuredmedia":[{"embeddable":true,"href":"https:\/\/www.diarioimagen.net\/index.php?rest_route=\/wp\/v2\/media\/428943"}],"wp:attachment":[{"href":"https:\/\/www.diarioimagen.net\/index.php?rest_route=%2Fwp%2Fv2%2Fmedia&parent=428909"}],"wp:term":[{"taxonomy":"category","embeddable":true,"href":"https:\/\/www.diarioimagen.net\/index.php?rest_route=%2Fwp%2Fv2%2Fcategories&post=428909"},{"taxonomy":"post_tag","embeddable":true,"href":"https:\/\/www.diarioimagen.net\/index.php?rest_route=%2Fwp%2Fv2%2Ftags&post=428909"}],"curies":[{"name":"wp","href":"https:\/\/api.w.org\/{rel}","templated":true}]}}