{"id":428918,"date":"2019-05-24T00:01:04","date_gmt":"2019-05-24T05:01:04","guid":{"rendered":"https:\/\/www.diarioimagen.net\/?p=428918"},"modified":"2019-05-24T07:33:37","modified_gmt":"2019-05-24T12:33:37","slug":"cuarta-transformacion-el-mundo-de-lo-aberrante","status":"publish","type":"post","link":"https:\/\/www.diarioimagen.net\/?p=428918","title":{"rendered":"Cuarta Transformaci\u00f3n, el mundo de lo aberrante"},"content":{"rendered":"<h2>La Retaguardia<\/h2>\n<h5>Adriana Moreno Cordero<\/h5>\n<p><em>\u00a0<\/em><\/p>\n<ul>\n<li><strong><em>Grupo Salinas, empresa socialmente responsable<\/em><\/strong><\/li>\n<li><strong><em>Batres, espaldarazo a Germ\u00e1n Mart\u00ednez<\/em><\/strong><\/li>\n<\/ul>\n<p>&nbsp;<\/p>\n<p>Primero, se pensaba que el mundo de la llamada Cuarta Transformaci\u00f3n era al rev\u00e9s, pero conforme transcurren los d\u00edas, se ha venido a comprobar que es el mundo de lo aberrante y lo absurdo, en el que una l\u00f3gica muy peligrosa prevalece y que va a terminar por afectar a toda la sociedad de manera muy severa.<\/p>\n<p>Con la crisis por la que atraviesa el Sector Salud, con una parsimonia impresionante, el presidente <strong>Andr\u00e9s Manuel L\u00f3pez Obrador<\/strong> toma el preocupante tema con una ligereza verdaderamente pasmosa y en su siempre entretenida conferencia de prensa ma\u00f1anera, niega la realidad que se le planta enfrente de tajo y rechaza, -visiblemente enojado-, que haya despidos de personal en el sector salud y por cierto, muy al estilo de la 4T, es decir, sin mediar la m\u00e1s m\u00ednima explicaci\u00f3n y de muy mala forma, corren al personal m\u00e9dico especializado, como ha ocurrido en muchas otras dependencias.<\/p>\n<p>Por su parte, el presidente se\u00f1al\u00f3 que el desabasto de medicinas no es\u00a0 grave y que en todo caso, es producto del desastre que le dejaron (para variar) anteriores administraciones.<\/p>\n<p>En este punto, hay que subrayar que ya va siendo muy aburrido o bien, una excusa por dem\u00e1s errada, sacar para todo al pasado.<\/p>\n<p>Lo cierto es que la administraci\u00f3n l\u00f3pezobradorista corre y ese pretexto les servir\u00e1 cada vez menos para justificarse.<\/p>\n<p>Y la realidad que no ve L\u00f3pez Orador, s\u00ed la ven, por ejemplo, en la C\u00e1mara de Diputados, donde los coordinadores del PAN, <strong>Juan Carlos Romero Hicks<\/strong>; <strong>Ren\u00e9 Ju\u00e1rez Cisneros<\/strong>, del PRI y <strong>Ver\u00f3nica Ju\u00e1rez Pi\u00f1a<\/strong>, del PRD, coincidieron en se\u00f1alar la manera en que se ha afectado a cl\u00ednicas y hospitales, as\u00ed como a los pacientes m\u00e1s vulnerables y esto, desde luego, no puede ser una campa\u00f1a de desprestigio, como asevera el tabasque\u00f1o, pues en la famosa Zona de Hospitales del Sur de la CDMX, diversos medios que para nada son \u201cel hampa del periodismo\u201d, han reportado c\u00f3mo el personal labora bajo protesta por carecer de los implementos m\u00ednimos para realizar su importante trabajo.<\/p>\n<p>Y si acaso el tabasque\u00f1o no est\u00e1 convencido o se obstina en negar la dram\u00e1tica realidad en el Sector Salud, el diputado Romero Hicks lo invit\u00f3 a que visite cualquiera de los hospitales generales y corrobore todas las carencias con las que trabajan y los milagros que tienen que hacer m\u00e9dicos y personal hospitalario.<\/p>\n<p>Espec\u00edficamente, el legislador panista se\u00f1al\u00f3: \u201cNo es negando las cosas como se van a resolver. El Presidente, cuando no tiene argumentos, generalmente dice que se est\u00e1 atacando la corrupci\u00f3n, pero son cosas diferentes, si hay corrupci\u00f3n hay que corregirla, el tema de la salud debe tener calidad, calidez y cobertura y hoy estamos en riesgo nacional y se ve en todo el espacio nacional\u201d.<\/p>\n<p>Bueno, \u00bfde qu\u00e9 color se habr\u00e1 puesto la cosa que directores de estos Institutos, que son Gloria de M\u00e9xico, llegaron hasta la C\u00e1mara de Diputados para exigir a la fracci\u00f3n parlamentaria de Morena que coordina <strong>Mario Mart\u00edn Delgado<\/strong>, detener el recorte de recursos presupuestales como pretende hacerlo el tabasque\u00f1o, por 2 mil 300 millones de pesos y evitar de esta manera que la situaci\u00f3n empeore.\u00a0 Pero a L\u00f3pez Obrador le interesa mucho m\u00e1s el beisbol y no cantar el Himno Nacional. Lo dicho, el mundo de lo aberrante y lo absurdo.<\/p>\n<p style=\"text-align: center;\"><strong>Municiones<\/strong><\/p>\n<p>*** Quien nuevamente se anot\u00f3 un gran triunfo, fue\u00a0<strong>Grupo Salinas,\u00a0<\/strong>que en la semana que concluye, once de sus compa\u00f1\u00edas fueron reconocidas con el distintivo de\u00a0<em>Empresa Socialmente Responsable.<\/em> Tal distinci\u00f3n que entrega anualmente el CEMEFI y la Alianza por la Responsabilidad Social Empresarial (AliaRSE), les fue otorgado en reconocimiento a su innovadora\u00a0gesti\u00f3n de hacer negocios, as\u00ed como de promover y acreditar que sus operaciones sean sustentables en lo econ\u00f3mico, social y a favor\u00a0del medio ambiente.<\/p>\n<p>*** La Comisi\u00f3n de Quejas y Denuncias del INE declar\u00f3 improcedente la adopci\u00f3n de medidas cautelares que solicitara el Partido Acci\u00f3n Nacional en contra del presidente L\u00f3pez Obrador; la Secretar\u00eda de Bienestar, a cargo de <strong>Luisa Albores<\/strong> y el partido Morena, por presunta promoci\u00f3n personalizada, difusi\u00f3n de propaganda gubernamental, uso indebido de recursos p\u00fablicos y coacci\u00f3n del voto, derivado de la entrega de las llamadas \u201cTarjetas Bienestar\u201d.<\/p>\n<p>El INE determin\u00f3 que por lo que respecta al uso indebido de recursos y coacci\u00f3n del voto derivado de la entrega de las tarjetas, resulta improcedente el dictado de las medidas cautelares solicitadas en este caso por Acci\u00f3n Nacional, debido a que no est\u00e1 prohibida\u00a0<em>per se<\/em>\u00a0la entrega de beneficios de los programas sociales durante\u00a0 los procesos electorales,<strong>\u00a0<\/strong>aunado a que la distribuci\u00f3n de dichas tarjetas se realiza a domicilio, a trav\u00e9s de servidores p\u00fablicos adscritos a la mencionada Secretar\u00eda, o bien, se recoge por parte del beneficiario en las oficinas de las delegaciones referidas, sin que exista evidencia de que su entrega se lleva a cabo en eventos masivos o en otra modalidad que pudiera afectar la equidad en la contienda electoral, aunado a que no se realiza la entrega de propaganda gubernamental que pudiera coaccionar o influir el voto de los ciudadanos en los estados con Proceso Electoral Local 2019.<\/p>\n<p>*** De cualquier manera, en este punto habr\u00eda que comentar que hace ya varios meses, personas de la tercera edad no han recibido dep\u00f3sito alguno, propiciando situaciones verdaderamente tristes porque no pueden comprar sus medicinas o comida. Entonces, \u00bfseguro que esto proviene tambi\u00e9n del \u201champa del periodismo\u201d?, lo que es carecer totalmente de argumentos.<\/p>\n<p>*** Y en eso de estarse tomando fotograf\u00edas como para refrendar su compromiso con la llamada cuarta transformaci\u00f3n, primero fue con la l\u00edder de Morena, <strong>Yeidckol Polevnsky<\/strong> y ayer, de regreso por sus fueros, <strong>Germ\u00e1n Mart\u00ednez C\u00e1zares<\/strong> hizo lo propio con el presidente del Senado de la Rep\u00fablica, <strong>Mart\u00ed Batres<\/strong>, con quien se reuni\u00f3 para ultimar los detalles de su retorno a su esca\u00f1o.<\/p>\n<p>As\u00ed y ante las versiones de que la parte m\u00e1s radical de los senadores morenistas le tienen preparada una \u201csorpresita\u201d al ex panista, que \u201cno ver\u00e1 lo duro, sino lo tupido\u201d, Batres Guadarrama le dio el espaldarazo al ex director del IMSS, al hacer hincapi\u00e9 en que sigue incluido en el proyecto del partido del presidente. \u00bfYa podr\u00e1 respirar tranquilo Mart\u00ednez C\u00e1zares?, ya se ver\u00e1.<\/p>\n<p>*** Dice <strong>Javier Coello Trejo<\/strong>, abogado de <strong>Emilio Lozoya Austin<\/strong>, que lo que menos le interesa al ex director de Pemex, es tener alg\u00fan cargo en la administraci\u00f3n p\u00fablica. Para que lo entienda el que lo quiera entender.<\/p>\n<p><a href=\"mailto:morcora@gmail.com\" target=\"_blank\" rel=\"noopener noreferrer\"><em>morcora@gmail.com<\/em><\/a><\/p>\n","protected":false},"excerpt":{"rendered":"<p><span style=\"color: #005497;\"><strong>Adriana Moreno Cordero<\/strong><\/span><\/p>\n","protected":false},"author":3,"featured_media":0,"comment_status":"open","ping_status":"open","sticky":false,"template":"","format":"standard","meta":{"_monsterinsights_skip_tracking":false,"_monsterinsights_sitenote_active":false,"_monsterinsights_sitenote_note":"","_monsterinsights_sitenote_category":0,"footnotes":""},"categories":[69370],"tags":[69369,69368,43674],"class_list":["post-428918","post","type-post","status-publish","format-standard","hentry","category-adriana-moreno-cordero","tag-adriana-moreno-cordero","tag-la-retaguardia","tag-opinion"],"_links":{"self":[{"href":"https:\/\/www.diarioimagen.net\/index.php?rest_route=\/wp\/v2\/posts\/428918","targetHints":{"allow":["GET"]}}],"collection":[{"href":"https:\/\/www.diarioimagen.net\/index.php?rest_route=\/wp\/v2\/posts"}],"about":[{"href":"https:\/\/www.diarioimagen.net\/index.php?rest_route=\/wp\/v2\/types\/post"}],"author":[{"embeddable":true,"href":"https:\/\/www.diarioimagen.net\/index.php?rest_route=\/wp\/v2\/users\/3"}],"replies":[{"embeddable":true,"href":"https:\/\/www.diarioimagen.net\/index.php?rest_route=%2Fwp%2Fv2%2Fcomments&post=428918"}],"version-history":[{"count":0,"href":"https:\/\/www.diarioimagen.net\/index.php?rest_route=\/wp\/v2\/posts\/428918\/revisions"}],"wp:attachment":[{"href":"https:\/\/www.diarioimagen.net\/index.php?rest_route=%2Fwp%2Fv2%2Fmedia&parent=428918"}],"wp:term":[{"taxonomy":"category","embeddable":true,"href":"https:\/\/www.diarioimagen.net\/index.php?rest_route=%2Fwp%2Fv2%2Fcategories&post=428918"},{"taxonomy":"post_tag","embeddable":true,"href":"https:\/\/www.diarioimagen.net\/index.php?rest_route=%2Fwp%2Fv2%2Ftags&post=428918"}],"curies":[{"name":"wp","href":"https:\/\/api.w.org\/{rel}","templated":true}]}}