{"id":428931,"date":"2019-05-24T00:04:33","date_gmt":"2019-05-24T05:04:33","guid":{"rendered":"https:\/\/www.diarioimagen.net\/?p=428931"},"modified":"2019-05-24T07:37:05","modified_gmt":"2019-05-24T12:37:05","slug":"los-jinetes-apocalipticos","status":"publish","type":"post","link":"https:\/\/www.diarioimagen.net\/?p=428931","title":{"rendered":"Los jinetes apocal\u00edpticos"},"content":{"rendered":"<h2>Punto por punto<\/h2>\n<h5>Augusto Corro<\/h5>\n<p>&nbsp;<\/p>\n<p>Pobreza, violencia, salud p\u00fablica, contaminaci\u00f3n, corrupci\u00f3n e impunidad da\u00f1an a M\u00e9xico. La soluci\u00f3n a esos problemas sociales se ve muy lejana.<\/p>\n<p>Las autoridades de los tres niveles (municipal, estatal y federal) buscan exterminar esos jinetes apocal\u00edpticos que tienen sometidos a los mexicanos.<\/p>\n<p>La postura generosa del gobierno de regalar dinero a los necesitados no alcanza a sacar de la pobreza a millones de personas.<\/p>\n<p>La violencia crece, incontrolable, en todo el pa\u00eds. Se espera que la Guardia Nacional lleve seguridad a los lugares donde los hechos delincuenciales se registran apoyados en el terror y la barbarie.<\/p>\n<p>Lo que fue la salud p\u00fablica ahora padece una enfermedad relacionada con la falta de medicamentos, atenci\u00f3n m\u00e9dica adecuada y corrupci\u00f3n. Millones de personas son afectadas por el p\u00e9simo servicio en los hospitales p\u00fablicos.<\/p>\n<p>La contaminaci\u00f3n en el Valle de M\u00e9xico ser\u00e1 permanente. En caso de que se solucione las beneficiadas ser\u00e1n las pr\u00f3ximas generaciones de mexicanos. Las supuestas medidas contra la poluci\u00f3n son paliativas. \u00bfQu\u00e9 valiente sacar\u00e1 a la industria contaminante de la Ciudad de M\u00e9xico?<\/p>\n<p>En el asunto de la corrupci\u00f3n se agradece que las autoridades federales se empe\u00f1en en erradicarla, aunque si no se castiga a quienes la usaron para enriquecerse, la idea se distorsionar\u00e1.<\/p>\n<p>Y es el asunto de la impunidad, acompa\u00f1ada de la corrupci\u00f3n, un dolor de cabeza muy fuerte. No apartar de la sociedad y enviar a la c\u00e1rcel a los delincuentes llev\u00f3 el terror a la sociedad mexicana. \u00bfC\u00f3mo es posible que inclusive un maleante capturado en pleno hecho delincuencial, es decir en flagrancia,\u00a0 alcance su libertad debido a la tradicional untada de mano a las autoridades o a errores en la integraci\u00f3n del acta correspondiente?Planteamos, a grandes rasgos, las preocupaciones que vivimos los mexicanos y cuyas soluciones esperamos impacientes, porque no urge empezar a ver resultados positivos que nos ayuden a recuperar la paz y el bienestar anhelados.<\/p>\n<p><strong>Una ciudad \u00bfsin control?<\/strong><\/p>\n<p>Parece que la Ciudad de M\u00e9xico se encuentra sin control, que carece de autoridades o que estas se esmeran en el cumplimiento de sus tareas encomendadas.<\/p>\n<p>Las informaciones sobre asesinatos contin\u00faan imparables. El mi\u00e9rcoles en la ma\u00f1ana fue asesinado en agente del Ministerio P\u00fablico a unos cuantos metros de su oficina en la alcald\u00eda Cuauht\u00e9moc.<\/p>\n<p>Nos referimos al licenciado Alfonso Urueta Mendoza, quien ten\u00eda m\u00e1s de quince a\u00f1os de trabajar en la procuradur\u00eda capitalina.<\/p>\n<p>El hecho tiene una historia que creemos porque se repite y nadie toma cartas en el asunto.<\/p>\n<p>El presunto homicida es un sujeto identificado como Angel \u201cN\u201d. Este individuo estaba cerca del lugar del crimen en actitud sospechosa cuando fue detenido por la polic\u00eda. El mencionado Angel \u201cN\u201d est\u00e1 relacionado con el narco menudeo y en mayo, junto con otras dos personas, fue detenido cuando intentaban abandonar el cad\u00e1ver de Amber Marian Adame Figueroa en el centro.<\/p>\n<p>El 18 de mayo, las tres personas ingresaron al Reclusorio Oriente y ese mismo d\u00eda salieron. El representante del Ministerio P\u00fablico, Urueta Mendoza, atendi\u00f3 el caso mencionado. Las autoridades investigan de donde llegaban las amenazas que recib\u00eda en los \u00faltimos d\u00edas.<\/p>\n<p>Tenemos, pues, el ejemplo de que ni los representantes de la ley son respetados por los delincuentes. \u00bfNo hay vigilancia en las oficinas del Ministerio P\u00fablico en la alcald\u00eda de Cuauht\u00e9moc?<\/p>\n<p>\u00bfNo se protege a los representantes del Ministerio P\u00fablico en zonas donde es elevado el \u00edndice de criminalidad?Volvemos a lo mismo. Las autoridades capitalinas siguen sin br\u00fajula.<\/p>\n<p><strong>Castigos ejemplares<\/strong><\/p>\n<p>El presidente Andr\u00e9s Manuel L\u00f3pez Obrador tiene en su discurso el tema de la corrupci\u00f3n que, seg\u00fan \u00e9l, es la causante de todos los males.<\/p>\n<p>Solo falta que quienes se valieron de esa descomposici\u00f3n social para enriquecerse comparezcan ante las autoridades respectivas para ser juzgados.<\/p>\n<p>Y que por sus delitos o faltas reciban castigos ejemplares.<\/p>\n<p>Le tratamos el tema porque el exdirector de Petr\u00f3leos Mexicanos (Pemex), Emilio Lozoya Austin, fue inhabilitado para ejercer un cargo p\u00fablico por diez a\u00f1os.<\/p>\n<p>El castigo obedece a que proporcion\u00f3 informaci\u00f3n falsa en la declaraci\u00f3n de situaci\u00f3n patrimonial, \u201cpues en dos ocasiones omiti\u00f3 una cuenta bancaria que registraba saldos de cientos de miles de pesos\u201d.<\/p>\n<p>Impuso la pena al exfuncionario la Secretar\u00eda de la Funci\u00f3n P\u00fablica (SFP).<\/p>\n<p>\u00bfSe trat\u00f3 de un castigo ejemplar? Suponemos que no. Aunque se puede tratar de un adelanto del asunto Lozoya-Odebrecht, un baile de millones de d\u00f3lares en los que aparece el nombre del exdirector de Pemex y la empresa internacional Odebrecht que despleg\u00f3 una red de sobornos por el continente.<\/p>\n<p>El asunto Lozoya-Odebrecht es una historia que a\u00fan no empieza.<\/p>\n<p style=\"text-align: right;\"><em><strong>Feliz fin de semana.<\/strong><\/em><\/p>\n<p><em><u><a href=\"mailto:aco2742@hotmail.com\" target=\"_blank\" rel=\"noopener noreferrer\">aco2742@hotmail.com<\/a><\/u><\/em><\/p>\n","protected":false},"excerpt":{"rendered":"<p><span style=\"color: #005497;\"><strong>Augusto Corro<\/strong><\/span><\/p>\n","protected":false},"author":3,"featured_media":0,"comment_status":"open","ping_status":"open","sticky":false,"template":"","format":"standard","meta":{"_monsterinsights_skip_tracking":false,"_monsterinsights_sitenote_active":false,"_monsterinsights_sitenote_note":"","_monsterinsights_sitenote_category":0,"footnotes":""},"categories":[157],"tags":[43686,43674,11515],"class_list":["post-428931","post","type-post","status-publish","format-standard","hentry","category-augusto-corro","tag-augusto-corro","tag-opinion","tag-punto-por-punto"],"_links":{"self":[{"href":"https:\/\/www.diarioimagen.net\/index.php?rest_route=\/wp\/v2\/posts\/428931","targetHints":{"allow":["GET"]}}],"collection":[{"href":"https:\/\/www.diarioimagen.net\/index.php?rest_route=\/wp\/v2\/posts"}],"about":[{"href":"https:\/\/www.diarioimagen.net\/index.php?rest_route=\/wp\/v2\/types\/post"}],"author":[{"embeddable":true,"href":"https:\/\/www.diarioimagen.net\/index.php?rest_route=\/wp\/v2\/users\/3"}],"replies":[{"embeddable":true,"href":"https:\/\/www.diarioimagen.net\/index.php?rest_route=%2Fwp%2Fv2%2Fcomments&post=428931"}],"version-history":[{"count":0,"href":"https:\/\/www.diarioimagen.net\/index.php?rest_route=\/wp\/v2\/posts\/428931\/revisions"}],"wp:attachment":[{"href":"https:\/\/www.diarioimagen.net\/index.php?rest_route=%2Fwp%2Fv2%2Fmedia&parent=428931"}],"wp:term":[{"taxonomy":"category","embeddable":true,"href":"https:\/\/www.diarioimagen.net\/index.php?rest_route=%2Fwp%2Fv2%2Fcategories&post=428931"},{"taxonomy":"post_tag","embeddable":true,"href":"https:\/\/www.diarioimagen.net\/index.php?rest_route=%2Fwp%2Fv2%2Ftags&post=428931"}],"curies":[{"name":"wp","href":"https:\/\/api.w.org\/{rel}","templated":true}]}}