{"id":428938,"date":"2019-05-24T00:05:46","date_gmt":"2019-05-24T05:05:46","guid":{"rendered":"https:\/\/www.diarioimagen.net\/?p=428938"},"modified":"2019-05-24T07:40:17","modified_gmt":"2019-05-24T12:40:17","slug":"la-traicion-al-pri-de-castro-trenti","status":"publish","type":"post","link":"https:\/\/www.diarioimagen.net\/?p=428938","title":{"rendered":"La traici\u00f3n al PRI de Castro Trenti"},"content":{"rendered":"<h2>Centro..!<\/h2>\n<h5>Arturo R\u00edos Ruiz<\/h5>\n<p>&nbsp;<\/p>\n<ul>\n<li><strong><em>Ariete de Manlio Fabio Beltrones se enriqueci\u00f3; hoy, gui\u00f1o a Morena<\/em><\/strong><\/li>\n<\/ul>\n<p>&nbsp;<\/p>\n<p>Para el bajacaliforniano Fernando Castro Trenti, ya se acab\u00f3 el PRI, lo explot\u00f3 hasta la saciedad; bajo el respaldo de Manlio Fabio Beltrones obtuvo innumerables cargos, hasta la candidatura por su estado que fue un fracaso y qued\u00f3 tan dolido, que hizo un impasse en la pol\u00edtica.<\/p>\n<p>\u00c9l mismo inform\u00f3 que \u00e9l desde hace seis a\u00f1os se hab\u00eda retirado de la vida pol\u00edtica, y reconoci\u00f3 que tiene nexos con muchos personajes y candidatos de Morena, pero se neg\u00f3 a informar a qu\u00e9 fuerza pol\u00edtica se sumar\u00e1. Sus palabras fueron un coqueteo al partido de moda.<\/p>\n<p>Ya confirm\u00f3 que votar\u00e1 por los aspirantes a la gubernatura y la alcald\u00eda de Tijuana de la coalici\u00f3n Juntos Haremos Historia en Baja California, Jaime Bonilla Valdez y Arturo Gonz\u00e1lez Cruz, respectivamente.<\/p>\n<p>Otras palabras, un gui\u00f1o a Morena: \u201cEl PRI en el que me inscrib\u00ed a los 15 a\u00f1os no existe m\u00e1s, apunt\u00f3 y agreg\u00f3; tengo empat\u00eda con AMLO y sus propuestas\u201d. \u00bfAs\u00ed o m\u00e1s claro?<\/p>\n<p>Fernando Jorge Castro Trenti, se ha desempe\u00f1ado como diputado local en Baja California, senador de la Rep\u00fablica; consejero Legislativo en el IFE, diputado federal; embajador de M\u00e9xico en Argentina y en Suiza y el Principado de Lichtenstein. Casi nada.<\/p>\n<p>Le siguen un rosario de cargos locales en su Tijuana querida, que hoy echa a la basura por sus intereses muy personales; el PRI en plena zozobra, salta del barco emulando a los roedores y todo pinta a que pretende abordar el trasatl\u00e1ntico que navega entre tempestades en el mar del pa\u00eds.<\/p>\n<p>Castro Trentri es una muestra indeseable de lo que es un pol\u00edtico y m\u00e1s cuando en pleno arranque del nuevo partido ya en el poder, se vislumbran sus intenciones que suenan grotescas con sus halagos de acercamiento; estrategia c\u00ednica por lo burdo en que la presenta.<\/p>\n<p>El PRI, no ha callado y le reprocha asuntos muy personales que los ubica como un gran traidor:<\/p>\n<p>\u201cEl se\u00f1or Castro Trenti, con el cobijo del PRI ha sido diputado local, diputado federal y senador de la Rep\u00fablica, adem\u00e1s de representante diplom\u00e1tico de un gobierno priista en pa\u00edses de la mayor importancia en el mundo y en la regi\u00f3n, como lo son Argentina y Suiza; el tricolor le apoy\u00f3 para consolidar sus estudios en dos maestr\u00edas y un doctorado en universidades del extranjero\u201d. Todo un gorr\u00f3n mal agradecido.<\/p>\n<p><em><a href=\"mailto:rrrart2000@hotmail.com\" target=\"_blank\" rel=\"noopener noreferrer\">rrrart2000@hotmail.com<\/a><\/em><\/p>\n","protected":false},"excerpt":{"rendered":"<p><span style=\"color: #005497;\"><strong>Arturo R\u00edos Ruiz<\/strong><\/span><\/p>\n","protected":false},"author":3,"featured_media":0,"comment_status":"open","ping_status":"open","sticky":false,"template":"","format":"standard","meta":{"_monsterinsights_skip_tracking":false,"_monsterinsights_sitenote_active":false,"_monsterinsights_sitenote_note":"","_monsterinsights_sitenote_category":0,"footnotes":""},"categories":[82265],"tags":[82266,10806,43674],"class_list":["post-428938","post","type-post","status-publish","format-standard","hentry","category-arturo-rios-ruiz","tag-arturo-rios-ruiz","tag-centro","tag-opinion"],"_links":{"self":[{"href":"https:\/\/www.diarioimagen.net\/index.php?rest_route=\/wp\/v2\/posts\/428938","targetHints":{"allow":["GET"]}}],"collection":[{"href":"https:\/\/www.diarioimagen.net\/index.php?rest_route=\/wp\/v2\/posts"}],"about":[{"href":"https:\/\/www.diarioimagen.net\/index.php?rest_route=\/wp\/v2\/types\/post"}],"author":[{"embeddable":true,"href":"https:\/\/www.diarioimagen.net\/index.php?rest_route=\/wp\/v2\/users\/3"}],"replies":[{"embeddable":true,"href":"https:\/\/www.diarioimagen.net\/index.php?rest_route=%2Fwp%2Fv2%2Fcomments&post=428938"}],"version-history":[{"count":0,"href":"https:\/\/www.diarioimagen.net\/index.php?rest_route=\/wp\/v2\/posts\/428938\/revisions"}],"wp:attachment":[{"href":"https:\/\/www.diarioimagen.net\/index.php?rest_route=%2Fwp%2Fv2%2Fmedia&parent=428938"}],"wp:term":[{"taxonomy":"category","embeddable":true,"href":"https:\/\/www.diarioimagen.net\/index.php?rest_route=%2Fwp%2Fv2%2Fcategories&post=428938"},{"taxonomy":"post_tag","embeddable":true,"href":"https:\/\/www.diarioimagen.net\/index.php?rest_route=%2Fwp%2Fv2%2Ftags&post=428938"}],"curies":[{"name":"wp","href":"https:\/\/api.w.org\/{rel}","templated":true}]}}