{"id":428951,"date":"2019-05-24T00:08:28","date_gmt":"2019-05-24T05:08:28","guid":{"rendered":"https:\/\/www.diarioimagen.net\/?p=428951"},"modified":"2019-05-24T07:46:14","modified_gmt":"2019-05-24T12:46:14","slug":"imss-sin-recursos-para-enfrentar-sus-necesidades","status":"publish","type":"post","link":"https:\/\/www.diarioimagen.net\/?p=428951","title":{"rendered":"IMSS, sin recursos para enfrentar sus necesidades"},"content":{"rendered":"<h2>Clase Pol\u00edtica<\/h2>\n<h5>Miguel \u00c1ngel Rivera<\/h5>\n<p>&nbsp;<\/p>\n<p>A la luz de los acontecimientos y, sobre todo, de las recientes declaraciones de funcionarios p\u00fablicos de alto nivel, el nuevo director general del Instituto Mexicano del Seguro Social (IMSS), Zo\u00e9 Robledo Aburto, a pesar de ser reconocido como un elemento de gran val\u00eda y de s\u00f3lida formaci\u00f3n acad\u00e9mica y pol\u00edtica, est\u00e1 en v\u00edas de dejar a muy corto plazo ese importante cargo que recientemente se le encomend\u00f3.<\/p>\n<p>Esto porque en sus primeras declaraciones, Robledo Aburto\u00a0 confirm\u00f3 el negativo diagn\u00f3stico que hizo del IMSS su antecesor, el ex dirigente nacional del PAN, Germ\u00e1n Mart\u00ednez C\u00e1zares, quien volvi\u00f3 a la tranquilidad de su esca\u00f1o en la C\u00e1mara de Senadores, donde fue bien recibido y hasta con elogios, aunque en principio circularon supuestas versiones de repudio de otros integrantes del grupo parlamentario de Morena, el partido fundado por el presidente Andr\u00e9s Manuel L\u00f3pez Obrador en el que ahora milita.<\/p>\n<p>Robledo Aburto revel\u00f3, al participar en la ma\u00f1anera conferencia de prensa del presidente L\u00f3pez Obrador, que poco despu\u00e9s de ser nombrado titular del IMSS se reuni\u00f3 con el secretario de Hacienda, Carlos Urz\u00faa, para revisar las finanzas del instituto &#8211; y aqu\u00ed viene lo sorprendente y la confirmaci\u00f3n de la validez de los argumentos de Mart\u00ednez C\u00e1zares en su carta de renuncia \u2014, y se encontr\u00f3 que, durante el primer trimestre del a\u00f1o, es decir de enero a marzo, se gast\u00f3 el 94 por ciento del presupuesto para suministros, incluyendo medicinas.<\/p>\n<p>En n\u00fameros, el presupuesto del IMSS para este a\u00f1o asciende a siete mil 479 millones de pesos y de esa cantidad ya se gastaron seis mil 979 millones, lo cual equivale al mencionado 94 por ciento.<\/p>\n<p>El nuevo titular de la m\u00e1xima instituci\u00f3n de la seguridad social en nuestro pa\u00eds, advirti\u00f3 que no gastar no significa necesariamente ahorro y por eso se revisar\u00e1n las compras para que sean eficientes y cuenten con la debida prioridad para invertir bien.<\/p>\n<p>A su vez, al presentar al promovido funcionario, el presidente L\u00f3pez Obrador adem\u00e1s de expresar confianza en su desempe\u00f1o, asegur\u00f3 que habr\u00e1 pleno control en el gasto para la compra de medicamentos.<\/p>\n<p>De hecho, revel\u00f3 que el a\u00f1o pasado el IMSS y el ISSSTE gastaron 55 mil millones de pesos en medicamentos; sin embargo, no hay abasto suficiente, \u201ceso no puede ser\u201d y por ello no se descartan licitaciones internacionales.<\/p>\n<p>Luego de estas informaciones de las que no se puede dudar, quedan sin embargo muchas dudas acerca de la actualidad y el futuro de la joya m\u00e1s valiosa del Sector Salud.<\/p>\n<p>En primer lugar, si la casi totalidad del presupuesto ya se gast\u00f3 en s\u00f3lo tres meses \u00bfcon qu\u00e9 va a sobrevivir los nueve meses restantes?<\/p>\n<p>Segundo, el propio primer mandatario admite que no hay abasto suficiente de medicamentos para los dos principales institutos de seguridad social, el IMSS y el ISSSTE, entonces \u00bfc\u00f3mo se van a llenar las carencias si para el resto del a\u00f1o ya no se dispone de recursos?<\/p>\n<p>Imposible pensar en partidas extraordinarias o programas especiales de rescate financiero. El llamado gobierno de la Cuarta Transformaci\u00f3n es totalmente contrario a realizar gastos no programados. Por el contrario, como ha ocurrido con muchas \u00e1reas de la econom\u00eda y en diversos sectores de la administraci\u00f3n p\u00fablica, como las guarder\u00edas infantiles y el gasto en ciencia y cultura, los presupuestos han ido a menos.<\/p>\n<p>Todav\u00eda m\u00e1s, las referencias presidenciales a las licitaciones para la compra de medicamentos hacen suponer que hubo irregularidades y, presumiblemente, responsables de actos de corrupci\u00f3n.<\/p>\n<p>Entonces \u00bfd\u00f3nde est\u00e1n las averiguaciones para castigar penalmente a los presuntos responsables? \u00bfPor qu\u00e9 nadie ha sido consignado?<\/p>\n<p>\u00bfSeguiremos por la ruta del perd\u00f3n a los pecadores?<\/p>\n<p>Casi a la par del relevo en el IMSS se dio a conocer la inhabilitaci\u00f3n por diez a\u00f1os del ex director de Pemex Emilio Lozoya Austin por presuntos actos de corrupci\u00f3n que llevaron a la Secretar\u00eda de la Funci\u00f3n P\u00fablica a imponer una multa de 620 millones de pesos, que todav\u00eda no se aclara bien a bien si la sanci\u00f3n pesa sobre el referido Lozoya Austin o sobre otro ex funcionario, seguramente ex colaborador suyo, al que se inhabilit\u00f3 para ejercer un cargo p\u00fablico por un periodo mayor, 15 a\u00f1os.<\/p>\n<p>Conforme a las nuevas pr\u00e1cticas penales, los nombres de los inculpados no se pueden hacer p\u00fablicos, por lo que la identidad del ex director general de Pemex se conoci\u00f3 por revelaciones extraoficiales, mientras que el segundo acusado permanece en el anonimato.<\/p>\n<p>Esta referencia viene al caso porque en opini\u00f3n de muchos conocedores, la inhabilitaci\u00f3n es una forma de encubrir un indulto.<\/p>\n<p>Si alguien tiene capacidad para pagar una multa de m\u00e1s de 620 millones de pesos, seguramente no tiene necesidad de desempe\u00f1ar un cargo p\u00fablico, especialmente ahora que no puede ganar m\u00e1s de los 108 mil pesos que tiene como salario el presidente de la Rep\u00fablica.<\/p>\n<p style=\"text-align: center;\"><strong>La Cosecha<\/strong><\/p>\n<p>La inhabilitaci\u00f3n por 10 a\u00f1os de Emilio Lozoya Austin es un mensaje de que no se puede tolerar la corrupci\u00f3n y la impunidad, afirm\u00f3 el titular de la Unidad de Inteligencia Financiera (UIF), Santiago Nieto Castillo, quien tiene actualmente a su cargo las investigaciones en torno a los sobornos que supuestamente distribuy\u00f3 la empresa brasile\u00f1a Petrobras, uno de cuyos supuestos beneficiarios habr\u00eda sido el ex titular de Pemex.<\/p>\n<p>Pero no s\u00f3lo ex funcionarios de la empresa petrolera estatal han sido objeto de sanciones. Tambi\u00e9n el propio Pemex ha recibido castigos.<\/p>\n<p>Por ejemplo, la Comisi\u00f3n Nacional de Hidrocarburos (CNH) anunci\u00f3 haber impuesto una multa por 24 millones 180 mil pesos a Pemex Exploraci\u00f3n y Producci\u00f3n, por incumplimiento al plan de desarrollo para la extracci\u00f3n, espec\u00edficamente por los trabajos en el campo Xanab.<\/p>\n<p>La secretaria de Gobernaci\u00f3n, Olga S\u00e1nchez Cordero, inform\u00f3 que Ricardo Peralta Saucedo, fue designado subsecretario de Gobernaci\u00f3n, en sustituci\u00f3n de Zo\u00e9 Robledo, ahora director del IMSS.<\/p>\n<p>Peralta Saucedo, se desempe\u00f1aba como administrador general de Aduanas en el Servicio de Administraci\u00f3n Tributaria (SAT).<\/p>\n<p>Con la misma celeridad que trabajaron en el tema los senadores, los partidos representados en la C\u00e1mara de Diputados avanzaron en e proceso para aprobar las leyes secundarias en materia de Guardia Nacional.<\/p>\n<p>Desde antes de que se iniciara la sesi\u00f3n del actual periodo extraordinario de sesiones, los l\u00edderes de las bancadas de Morena, PAN, PRI, PRD, PT, PES, MC y PVEM anunciaron que \u00a0sus bancadas votar\u00edan a favor de las nuevas normas, por considerar reafirman el car\u00e1cter civil de la Guardia Nacional.<\/p>\n<p>El coordinador de los diputados de Morena, Mario Delgado Carrillo, inform\u00f3 que su bancada no habr\u00e1 de presentar ninguna reserva a las leyes secundarias de Guardia Nacional. De hecho, se esperaba que ning\u00fan otro partido propusiera cambios.<\/p>\n<p>\u201cAl pa\u00eds le urge que la Guardia pueda ya desplegarse por todos los lugares del pa\u00eds donde sea necesaria\u201d, sostuvo Delgado al confirmar que respetar\u00e1n el acuerdo pol\u00edtico construido en el Senado.<\/p>\n<p>El coordinador de los diputados del PRI, el guerrerense Ren\u00e9 Ju\u00e1rez Cisneros, destac\u00f3 que la reglamentaci\u00f3n del actuar de la Guardia Nacional ratifican el respeto total a los derechos humanos, por lo cual, cuando se trata de salvaguardar la vida y el patrimonio de los mexicanos, no caben mezquindades.<\/p>\n<p>A su vez, el l\u00edder de los diputados del PAN, Jorge Romero Hicks, destac\u00f3 que las leyes secundarias se enriquecieron en 70 por ciento en el Senado. \u201cQueda el antecedente que las iniciativas no vienen del Ejecutivo, sino del Legislativo\u201d.<\/p>\n<p>\u201cQueda claro que es una Guardia Civil Nacional, con dise\u00f1o civil, mando civil\u201d y estructuras dise\u00f1adas para poder cumplir con las demandas sociales, pues la sociedad no quiere descalificaciones, quiere resultados.<\/p>\n<p>Adelant\u00e1ndose al proceso para reglamentar la actuaci\u00f3n de la Guardia Nacional, en los hechos ese organismo ya est\u00e1 listo para entrar en funciones, como lo confirma el anuncio del secretario de Seguridad y Participaci\u00f3n Ciudadana, Alfonso Durazo, de incluir a Morelos el primer bloque de estados donde ese organismo de seguridad iniciar\u00e1 operaciones de manera inmediata.<\/p>\n<p>Esta decisi\u00f3n del funcionario federal responde a la solicitud del gobernador Cuauht\u00e9moc Blanco Bravo. De acuerdo con informes oficiales, se dar\u00e1 prioridad a la zona metropolitana de Cuernavaca y la regi\u00f3n oriente de la entidad.<\/p>\n<p><a href=\"mailto:riverapaz@infinitummail.com\" target=\"_blank\" rel=\"noopener noreferrer\"><em>riverapaz@infinitummail.com<\/em><\/a><\/p>\n","protected":false},"excerpt":{"rendered":"<p><span style=\"color: #005497;\"><strong>Miguel \u00c1ngel Rivera<\/strong><\/span><\/p>\n","protected":false},"author":3,"featured_media":0,"comment_status":"open","ping_status":"open","sticky":false,"template":"","format":"standard","meta":{"_monsterinsights_skip_tracking":false,"_monsterinsights_sitenote_active":false,"_monsterinsights_sitenote_note":"","_monsterinsights_sitenote_category":0,"footnotes":""},"categories":[84119],"tags":[84120,84121,43674],"class_list":["post-428951","post","type-post","status-publish","format-standard","hentry","category-miguel-angel-rivera","tag-clase-politica","tag-miguel-angel-rivera","tag-opinion"],"_links":{"self":[{"href":"https:\/\/www.diarioimagen.net\/index.php?rest_route=\/wp\/v2\/posts\/428951","targetHints":{"allow":["GET"]}}],"collection":[{"href":"https:\/\/www.diarioimagen.net\/index.php?rest_route=\/wp\/v2\/posts"}],"about":[{"href":"https:\/\/www.diarioimagen.net\/index.php?rest_route=\/wp\/v2\/types\/post"}],"author":[{"embeddable":true,"href":"https:\/\/www.diarioimagen.net\/index.php?rest_route=\/wp\/v2\/users\/3"}],"replies":[{"embeddable":true,"href":"https:\/\/www.diarioimagen.net\/index.php?rest_route=%2Fwp%2Fv2%2Fcomments&post=428951"}],"version-history":[{"count":0,"href":"https:\/\/www.diarioimagen.net\/index.php?rest_route=\/wp\/v2\/posts\/428951\/revisions"}],"wp:attachment":[{"href":"https:\/\/www.diarioimagen.net\/index.php?rest_route=%2Fwp%2Fv2%2Fmedia&parent=428951"}],"wp:term":[{"taxonomy":"category","embeddable":true,"href":"https:\/\/www.diarioimagen.net\/index.php?rest_route=%2Fwp%2Fv2%2Fcategories&post=428951"},{"taxonomy":"post_tag","embeddable":true,"href":"https:\/\/www.diarioimagen.net\/index.php?rest_route=%2Fwp%2Fv2%2Ftags&post=428951"}],"curies":[{"name":"wp","href":"https:\/\/api.w.org\/{rel}","templated":true}]}}