{"id":428976,"date":"2019-05-25T00:11:09","date_gmt":"2019-05-25T05:11:09","guid":{"rendered":"https:\/\/www.diarioimagen.net\/?p=428976"},"modified":"2019-05-25T06:40:32","modified_gmt":"2019-05-25T11:40:32","slug":"la-crisis-del-sector-salud","status":"publish","type":"post","link":"https:\/\/www.diarioimagen.net\/?p=428976","title":{"rendered":"La crisis del Sector Salud"},"content":{"rendered":"<h2>\u00a1Que conste,.. son reflexiones!<\/h2>\n<h5>S\u00f3crates A. Campos Lemus<\/h5>\n<p>&nbsp;<\/p>\n<div id=\"attachment_428977\" style=\"width: 470px\" class=\"wp-caption aligncenter\"><a href=\"https:\/\/www.diarioimagen.net\/?attachment_id=428977\" rel=\"attachment wp-att-428977\"><img loading=\"lazy\" decoding=\"async\" aria-describedby=\"caption-attachment-428977\" class=\"size-large wp-image-428977\" src=\"https:\/\/www.diarioimagen.net\/wp-content\/uploads\/2019\/05\/Socrates-1-460x325.jpg\" alt=\"\" width=\"460\" height=\"325\" srcset=\"https:\/\/www.diarioimagen.net\/wp-content\/uploads\/2019\/05\/Socrates-1-460x325.jpg 460w, https:\/\/www.diarioimagen.net\/wp-content\/uploads\/2019\/05\/Socrates-1-240x169.jpg 240w, https:\/\/www.diarioimagen.net\/wp-content\/uploads\/2019\/05\/Socrates-1-90x65.jpg 90w, https:\/\/www.diarioimagen.net\/wp-content\/uploads\/2019\/05\/Socrates-1.jpg 700w\" sizes=\"auto, (max-width: 460px) 100vw, 460px\" \/><\/a><p id=\"caption-attachment-428977\" class=\"wp-caption-text\">Instrumental usado por odont\u00f3logos en 1800. <em>Imagen de archivo<\/em>.<\/p><\/div>\n<p>&nbsp;<\/p>\n<p>Hace algunos a\u00f1os un empresario que analizaba los graves problemas pol\u00edticos, econ\u00f3micos y sociales del pa\u00eds en los tiempos dif\u00edciles de la crisis de p\u00e9rdida de credibilidad, confianza y deterioro de la pol\u00edtica, explicaba que cuando existe un problema econ\u00f3mico se resuelve con dinero, un problema social con organizaci\u00f3n y un conflicto pol\u00edtico pues solamente se resuelve con pol\u00edtica y, muchas veces, se tendr\u00e1 que acompa\u00f1ar con recursos econ\u00f3micos, as\u00ed hoy en d\u00eda vemos que el deterioro del Sector Salud en todo el pa\u00eds es enorme, existen manejos corruptos en el sector generados por las acciones pol\u00edticas o las ligas pol\u00edticas, sobre todo en el abasto de medicamentos, contratos a largo plazo, compras de equipos e insumos y esto ha provocado un enorme hueco en las finanzas del sector, as\u00ed, por diferentes motivos y motivaciones econ\u00f3micas y de negocios se concentraron las ventas de medicamentos en grupos protegidos, en muchos casos, por los pol\u00edticos, funcionarios y gobernadores, sobre todo en el manejo y control de lo que se llam\u00f3 Seguro Popular, dejando que los fondos se fugaran por medio de compras realizadas con la intervenci\u00f3n de <i>coyotes<\/i> y de pol\u00edticos y esto no se puede resolver de inmediato, para hacerlo supieron sobornar y convencer a muchos miembros del sector, sobre todo en el sindicato, y as\u00ed, por esas ligas les dieron la fuerza y el control de tal manera que los funcionarios de salud no pueden hacer nada para mejorar el tema sino es por medio de dinero y de mayores concesiones que empinan m\u00e1s a todo el sector.<\/p>\n<p>AMLO, declaraba que si lo que faltaban eran medicamentos y equipos pues se dar\u00e1n y ya, solucionado el tema, pero es mucho m\u00e1s profundo que ese simple hecho y por ello tendr\u00e1 que usar la fuerza pol\u00edtica y las investigaciones de las ligas de corrupci\u00f3n que han llevado al sector a este nivel, porque de otra manera tendremos un nuevo hueco, porque el robo de medicamentos continuar\u00e1, porque las compras con sobreprecios seguir\u00e1n y el sistema no camina porque as\u00ed conviene a los pillos que ahora controlan el Sector Salud en todos los rincones del pa\u00eds.<\/p>\n<p>Usted, ahora, puede llegar como yo llego a consultas a las farmacias de similares u otras que dan consultas baratas y procuramos comprar medicamentos similares para ahorrarnos un dinero, porque la verdad es que ya no alcanza para cubrir los temas de salud y ah\u00ed se da uno cuenta del enorme nivel de demanda de consultas de gente que cuentan que mejor llegan ah\u00ed, aunque paguen, porque en el sector p\u00fablico de salud es imposible que les atiendan o al final de cuentas les da lo mismo, porque tendr\u00e1n que salir a comprar sus medicamentos porque no hay en los centros, en fin, el fen\u00f3meno est\u00e1 tomando rutas que a nadie conviene en el pa\u00eds porque sin duda los pasantes y enfermeros no est\u00e1n contentos con la situaci\u00f3n, los m\u00e9dicos tampoco y el sector administrativo chilla por las p\u00e9simas condiciones controladas por los sindicatos y, claro, los enfermos aumentan, sufren y se lamentan en las casas y, ese lamento sigue aumentando en todo los lados y puede provocar confrontaciones serias y un paro de actividades que lesione, seriamente, pol\u00edticamente al sistema y al mismo Presidente, por mucho que diga que ese desmadre lo dejaron los de antes, pero el caso es que ya est\u00e1n los de ahora y no se resuelve.<\/p>\n<p>Sin duda cuando suben mucho los precios de los alimentos se nota de inmediato y existen formas de controlar familiarmente el gasto y manejar mejor el dinero, pero cuando suben brutalmente los precios de los medicamentos, de las consultas m\u00e9dicas, los gastos hospitalarios, en fin, uno tiene que pensar que miles de familias se van angustiando mucho ya que adem\u00e1s del sufrimiento que les genera la enfermedad tambi\u00e9n tienen que disponer de recursos e incluso vender propiedades o solicitar pr\u00e9stamos que en las condiciones actuales son dif\u00edciles de obtener e impagables por las tasas que cobran, as\u00ed, el reclamo es inmenso y, seguramente, lo sabe el Presidente y los funcionarios y ya deben actuar para que esto no se agite m\u00e1s y moleste m\u00e1s al grado de generar protestas y reclamos, es l\u00f3gico que el tema viene de antes pero no todo el tiempo se puede culpar a los de atr\u00e1s sino que se debe explicar c\u00f3mo lo solucionaremos, porque al final de cuentas, recordemos que los que votamos por AMLO lo hicimos con la esperanza de los cambios y de las soluciones y en eso estamos, pero hay tiempos, y esos, parecen agotarse porque siguen atendiendo otros asuntos y muchos temas pol\u00edticos y los temas reales que afectan al infeliciaje ah\u00ed siguen, como el desempleo, la falta de seguridad en las calles, el aumento descontrolado de precios en alimentos y medicamentos, la falta de espacios en los centros de estudio o los hospitalarios y el caso es que la verdad ya no alcanza el dinero para solucionar los manejos familiares y ni siquiera los apoyos y becas son suficientes para superar los aumentos de precios y esto genera irritaci\u00f3n, penetran las dudas y comienzan los reclamos, as\u00ed que si bien se necesitan medicamentos y equipos, tambi\u00e9n se requieren recursos para personal y para los m\u00e9dicos y son tales las demandas que los rezagos son enormes y no se podr\u00e1n resolver de un d\u00eda para el otro, as\u00ed que mejor tome lo que recomiendan los viejos m\u00e9dicos: SEA paciente, porque de paciencia viene el tema para ver cu\u00e1ndo mejora su salud&#8230;<\/p>\n<p><a href=\"mailto:socrates_campos8@yahoo.com.mx\" target=\"_blank\" rel=\"noopener noreferrer\"><em>socrates_campos8@yahoo.com.mx<\/em><\/a><\/p>\n","protected":false},"excerpt":{"rendered":"<p><span style=\"color: #005497;\"><strong>S\u00f3crates A. Campos Lemus<\/strong><\/span><br \/>\n<br \/>\nHace algunos a\u00f1os un empresario que analizaba los graves problemas pol\u00edticos, econ\u00f3micos y sociales del pa\u00eds en los tiempos dif\u00edciles de la crisis de p\u00e9rdida de credibilidad, confianza y deterioro de la pol\u00edtica<\/p>\n","protected":false},"author":1,"featured_media":428977,"comment_status":"open","ping_status":"open","sticky":false,"template":"","format":"standard","meta":{"_monsterinsights_skip_tracking":false,"_monsterinsights_sitenote_active":false,"_monsterinsights_sitenote_note":"","_monsterinsights_sitenote_category":0,"footnotes":""},"categories":[82147],"tags":[43674,82150,82365],"class_list":["post-428976","post","type-post","status-publish","format-standard","has-post-thumbnail","hentry","category-socrates-a-campos-lemus","tag-opinion","tag-socrates-a-campos-lemus","tag-que-conste-son-reflexiones"],"_links":{"self":[{"href":"https:\/\/www.diarioimagen.net\/index.php?rest_route=\/wp\/v2\/posts\/428976","targetHints":{"allow":["GET"]}}],"collection":[{"href":"https:\/\/www.diarioimagen.net\/index.php?rest_route=\/wp\/v2\/posts"}],"about":[{"href":"https:\/\/www.diarioimagen.net\/index.php?rest_route=\/wp\/v2\/types\/post"}],"author":[{"embeddable":true,"href":"https:\/\/www.diarioimagen.net\/index.php?rest_route=\/wp\/v2\/users\/1"}],"replies":[{"embeddable":true,"href":"https:\/\/www.diarioimagen.net\/index.php?rest_route=%2Fwp%2Fv2%2Fcomments&post=428976"}],"version-history":[{"count":0,"href":"https:\/\/www.diarioimagen.net\/index.php?rest_route=\/wp\/v2\/posts\/428976\/revisions"}],"wp:featuredmedia":[{"embeddable":true,"href":"https:\/\/www.diarioimagen.net\/index.php?rest_route=\/wp\/v2\/media\/428977"}],"wp:attachment":[{"href":"https:\/\/www.diarioimagen.net\/index.php?rest_route=%2Fwp%2Fv2%2Fmedia&parent=428976"}],"wp:term":[{"taxonomy":"category","embeddable":true,"href":"https:\/\/www.diarioimagen.net\/index.php?rest_route=%2Fwp%2Fv2%2Fcategories&post=428976"},{"taxonomy":"post_tag","embeddable":true,"href":"https:\/\/www.diarioimagen.net\/index.php?rest_route=%2Fwp%2Fv2%2Ftags&post=428976"}],"curies":[{"name":"wp","href":"https:\/\/api.w.org\/{rel}","templated":true}]}}