{"id":428979,"date":"2019-05-25T00:10:04","date_gmt":"2019-05-25T05:10:04","guid":{"rendered":"https:\/\/www.diarioimagen.net\/?p=428979"},"modified":"2019-05-25T06:39:38","modified_gmt":"2019-05-25T11:39:38","slug":"reglas-para-el-hampa-del-periodismo","status":"publish","type":"post","link":"https:\/\/www.diarioimagen.net\/?p=428979","title":{"rendered":"Reglas para el hampa del periodismo"},"content":{"rendered":"<h2>Desde el portal<\/h2>\n<h5>\u00c1ngel Soriano<\/h5>\n<p>&nbsp;<\/p>\n<div id=\"attachment_428980\" style=\"width: 470px\" class=\"wp-caption aligncenter\"><a href=\"https:\/\/www.diarioimagen.net\/?attachment_id=428980\" rel=\"attachment wp-att-428980\"><img loading=\"lazy\" decoding=\"async\" aria-describedby=\"caption-attachment-428980\" class=\"size-large wp-image-428980\" src=\"https:\/\/www.diarioimagen.net\/wp-content\/uploads\/2019\/05\/soriano-1-460x259.jpg\" alt=\"\" width=\"460\" height=\"259\" srcset=\"https:\/\/www.diarioimagen.net\/wp-content\/uploads\/2019\/05\/soriano-1-460x259.jpg 460w, https:\/\/www.diarioimagen.net\/wp-content\/uploads\/2019\/05\/soriano-1-240x135.jpg 240w, https:\/\/www.diarioimagen.net\/wp-content\/uploads\/2019\/05\/soriano-1-235x132.jpg 235w, https:\/\/www.diarioimagen.net\/wp-content\/uploads\/2019\/05\/soriano-1-202x114.jpg 202w, https:\/\/www.diarioimagen.net\/wp-content\/uploads\/2019\/05\/soriano-1-350x196.jpg 350w, https:\/\/www.diarioimagen.net\/wp-content\/uploads\/2019\/05\/soriano-1-220x123.jpg 220w, https:\/\/www.diarioimagen.net\/wp-content\/uploads\/2019\/05\/soriano-1-237x132.jpg 237w, https:\/\/www.diarioimagen.net\/wp-content\/uploads\/2019\/05\/soriano-1.jpg 480w\" sizes=\"auto, (max-width: 460px) 100vw, 460px\" \/><\/a><p id=\"caption-attachment-428980\" class=\"wp-caption-text\">En el rejuego entre el poder p\u00fablico y el periodismodeben establecerse reglas claras para el ejercicio de ambas funciones.<\/p><\/div>\n<p>&nbsp;<\/p>\n<p>Atribuy\u00f3 el presidente Andr\u00e9s Manuel L\u00f3pez Obrador \u201cal hampa del periodismo\u201d las denuncias en el sentido de que hay despidos de m\u00e9dicos y enfermeras en el sector salud \u2013\u201cel cual est\u00e1 peor que el sistema educativo\u201d\u2013 bajo la premisa de que, es com\u00fan en el periodismo, de que difamar si no mancha, tizna.<\/p>\n<p>Y en el rejuego entre el poder p\u00fablico y el periodismo \u2013otrora llamado cuarto poder\u2013 deben establecerse reglas claras para el ejercicio de ambas funciones y no excederse ni uno ni otro, porque si bien la prensa cr\u00edtica ejerce una funci\u00f3n social, tambi\u00e9n es cierto que los medios, los m\u00e1s influyentes, han quedado en manos de mercaderes.<\/p>\n<p>Y el mismo presidente AMLO tiene en su Consejo Asesor Empresarial a uno de los principales negociantes de los medios de comunicaci\u00f3n, despojador de medios, lo que ha hecho que miles de trabajadores est\u00e9n en la calle y en la miseria, en tanto \u00e9l, como una docena m\u00e1s, siguen lucrando con los recursos p\u00fablicos.<\/p>\n<p>Conviene que la sociedad, el Estado y el Poder Legislativo, establezcan reglas claras en las relaciones de poder y de negocios, los leg\u00edtimos y los ileg\u00edtimos, para evitar tambi\u00e9n que desde la m\u00e1s alta tribuna de la Patria se difame a quienes ejercen con profesionalismo la tarea de informar y criticar, porque, efectivamente, el difamar sino mancha, tizna.<\/p>\n<p>Y se ha propuesto que, una vez depurado los medios de comunicaci\u00f3n, como en general las instituciones que se han convertido en facilitadoras del saqueo del erario, sean depurados, \u00e9stos se conviertan en entidades de inter\u00e9s p\u00fablico por su trascendente funci\u00f3n entre la sociedad y el Estado y, en consecuencia, tengan acceso leg\u00edtimo a los recursos del Estado.<\/p>\n<p>Porque los recursos del Estado no son, de ninguna manera, dineros propios para entregarlo a simpatizantes y amigos, socios o familiares, sino para el cumplimiento de una funci\u00f3n espec\u00edfica en beneficio de la sociedad. De esa manera la sociedad tendr\u00eda confianza en medios y periodistas, no en sociedades o personajes p\u00fablicos que a trav\u00e9s de los mismos se convierten en poderosos conductores de la opini\u00f3n p\u00fablico.<\/p>\n<p>Vale la pena la tiznada presidencial: deben establecerse las bases para reglamentar una nueva relaci\u00f3n Estado-medios y se denuncie, tambi\u00e9n, a los poderosos consorcios que acaparan medios en todos los niveles y cuyo poder, tan contundente, permite que tengan acceso a los pasillos de Palacio Nacional y se conviertan en los hombres m\u00e1s rectos y honestos del pa\u00eds, cuando tras de s\u00ed hay una cadena de hechos il\u00edcitos vergonzantes.<\/p>\n<p>Debe ser pareja la acusaci\u00f3n al hampa del periodismo: quienes son los negociantes y quienes cumplen con su tarea. Si bien no es el Estado en su conjunto ni los funcionarios en particular los sancionadores de conductas, sino la opini\u00f3n p\u00fablica, tambi\u00e9n debe evitarse que el periodismo en su conjunto sea se\u00f1alado como hamp\u00f3n al servicio del mejor postor.<\/p>\n<p>Reglas claras demanda la sociedad para evitar m\u00e1s linchamientos a unos y a otros.<\/p>\n<p><em><a href=\"mailto:asorianocarrasco@yahoo.com\" target=\"_blank\" rel=\"noopener noreferrer\">asorianocarrasco@yahoo.com<\/a><br \/>\n<a href=\"https:\/\/twitter.com\/brecharevista\" target=\"_blank\" rel=\"noopener noreferrer\">@BrechaRevista<\/a><a href=\"mailto:asorianocarrasco@yahoo.com\" target=\"_blank\" rel=\"noopener noreferrer\"><br \/>\n<\/a><a href=\"https:\/\/revistabrecha.com\" target=\"_blank\" rel=\"noopener noreferrer\">www.revistabrecha.com<\/a><\/em><\/p>\n","protected":false},"excerpt":{"rendered":"<p><span style=\"color: #005497;\"><strong>\u00c1ngel Soriano<\/strong><\/span><br \/>\n<br \/>\nAtribuy\u00f3 el presidente Andr\u00e9s Manuel L\u00f3pez Obrador \u201cal hampa del periodismo\u201d las denuncias en el sentido de que hay despidos de m\u00e9dicos y enfermeras en el sector salud<\/p>\n","protected":false},"author":1,"featured_media":428980,"comment_status":"open","ping_status":"open","sticky":false,"template":"","format":"standard","meta":{"_monsterinsights_skip_tracking":false,"_monsterinsights_sitenote_active":false,"_monsterinsights_sitenote_note":"","_monsterinsights_sitenote_category":0,"footnotes":""},"categories":[135],"tags":[85,86,43674],"class_list":["post-428979","post","type-post","status-publish","format-standard","has-post-thumbnail","hentry","category-angel-soriano-opinion","tag-angel-soriano","tag-desde-el-portal","tag-opinion"],"_links":{"self":[{"href":"https:\/\/www.diarioimagen.net\/index.php?rest_route=\/wp\/v2\/posts\/428979","targetHints":{"allow":["GET"]}}],"collection":[{"href":"https:\/\/www.diarioimagen.net\/index.php?rest_route=\/wp\/v2\/posts"}],"about":[{"href":"https:\/\/www.diarioimagen.net\/index.php?rest_route=\/wp\/v2\/types\/post"}],"author":[{"embeddable":true,"href":"https:\/\/www.diarioimagen.net\/index.php?rest_route=\/wp\/v2\/users\/1"}],"replies":[{"embeddable":true,"href":"https:\/\/www.diarioimagen.net\/index.php?rest_route=%2Fwp%2Fv2%2Fcomments&post=428979"}],"version-history":[{"count":0,"href":"https:\/\/www.diarioimagen.net\/index.php?rest_route=\/wp\/v2\/posts\/428979\/revisions"}],"wp:featuredmedia":[{"embeddable":true,"href":"https:\/\/www.diarioimagen.net\/index.php?rest_route=\/wp\/v2\/media\/428980"}],"wp:attachment":[{"href":"https:\/\/www.diarioimagen.net\/index.php?rest_route=%2Fwp%2Fv2%2Fmedia&parent=428979"}],"wp:term":[{"taxonomy":"category","embeddable":true,"href":"https:\/\/www.diarioimagen.net\/index.php?rest_route=%2Fwp%2Fv2%2Fcategories&post=428979"},{"taxonomy":"post_tag","embeddable":true,"href":"https:\/\/www.diarioimagen.net\/index.php?rest_route=%2Fwp%2Fv2%2Ftags&post=428979"}],"curies":[{"name":"wp","href":"https:\/\/api.w.org\/{rel}","templated":true}]}}