{"id":429087,"date":"2019-05-27T00:12:32","date_gmt":"2019-05-27T05:12:32","guid":{"rendered":"https:\/\/www.diarioimagen.net\/?p=429087"},"modified":"2019-05-27T00:45:47","modified_gmt":"2019-05-27T05:45:47","slug":"en-2018-se-contabilizaron-3079-nuevos-casos-de-melanoma-en-mexico","status":"publish","type":"post","link":"https:\/\/www.diarioimagen.net\/?p=429087","title":{"rendered":"En 2018 se contabilizaron 3,079 nuevos casos de melanoma en M\u00e9xico"},"content":{"rendered":"<h2>C\u00e1psulas de la salud<\/h2>\n<h5>Elsa Rodr\u00edguez Osorio<\/h5>\n<p>&nbsp;<\/p>\n<ul>\n<li><strong><i>En el antirr\u00e1bico de Ecatepec no hacen caso a la demanda de ayuda<\/i><\/strong><\/li>\n<\/ul>\n<p>&nbsp;<\/p>\n<p><a href=\"https:\/\/www.diarioimagen.net\/?attachment_id=429088\" rel=\"attachment wp-att-429088\"><img loading=\"lazy\" decoding=\"async\" class=\"aligncenter size-large wp-image-429088\" src=\"https:\/\/www.diarioimagen.net\/wp-content\/uploads\/2019\/05\/melanoma-460x259.jpg\" alt=\"\" width=\"460\" height=\"259\" srcset=\"https:\/\/www.diarioimagen.net\/wp-content\/uploads\/2019\/05\/melanoma-460x259.jpg 460w, https:\/\/www.diarioimagen.net\/wp-content\/uploads\/2019\/05\/melanoma-240x135.jpg 240w, https:\/\/www.diarioimagen.net\/wp-content\/uploads\/2019\/05\/melanoma-235x132.jpg 235w, https:\/\/www.diarioimagen.net\/wp-content\/uploads\/2019\/05\/melanoma-202x114.jpg 202w, https:\/\/www.diarioimagen.net\/wp-content\/uploads\/2019\/05\/melanoma-350x196.jpg 350w, https:\/\/www.diarioimagen.net\/wp-content\/uploads\/2019\/05\/melanoma-220x123.jpg 220w, https:\/\/www.diarioimagen.net\/wp-content\/uploads\/2019\/05\/melanoma-237x132.jpg 237w, https:\/\/www.diarioimagen.net\/wp-content\/uploads\/2019\/05\/melanoma.jpg 480w\" sizes=\"auto, (max-width: 460px) 100vw, 460px\" \/><\/a><\/p>\n<p>&nbsp;<\/p>\n<p>En 2018, en el pa\u00eds se contabilizaron 3,079 nuevos casos de melanoma en la poblaci\u00f3n mexicana, y se notificaron 734 defunciones a causa de este tipo de c\u00e1ncer de piel. <span class=\"Apple-converted-space\">\u00a0<\/span><\/p>\n<p>El 55% de los pacientes diagnosticados el a\u00f1o pasado fueron mujeres y el 45% hombres. A pesar de que M\u00e9xico se encuentra en una regi\u00f3n donde hay baja prevalencia de este tipo de c\u00e1ncer de piel, es el segundo pa\u00eds en Latinoam\u00e9rica y el Caribe con m\u00e1s casos de melanoma.<span class=\"Apple-converted-space\">\u00a0<\/span><\/p>\n<p>La American Cancer Society indica que los rayos ultravioleta (UV) aumentan a medida que el nivel de altitud de alg\u00fan lugar es alto. La Ciudad de M\u00e9xico se ubica a 2,300 metros sobre el nivel del mar. El melanoma es el tipo de c\u00e1ncer de piel m\u00e1s peligroso debido a que tiene m\u00e1s probabilidad de propagarse a otras partes del cuerpo, si no se detecta a tiempo.<span class=\"Apple-converted-space\">\u00a0<\/span><\/p>\n<p>Y aunque el c\u00e1ncer de piel es el m\u00e1s com\u00fan de todos los canceres, el melanoma conforma \u00fanicamente el 1% de los casos de c\u00e1ncer de piel; sin embargo, es el causante de la gran mayor\u00eda de muertes por este tipo de padecimiento.<span class=\"Apple-converted-space\">\u00a0<\/span><\/p>\n<p>La principal forma de prevenirlo es protegiendo la piel de la exposici\u00f3n a los rayos ultravioleta la doctora Y\u00e9sika Moreno, directora m\u00e9dica de MSD en el \u00e1rea de oncolog\u00eda, se\u00f1al\u00f3 que es necesario protegerse del sol en todo momento: El uso de bloqueador y sombrero no son \u00fanicamente para la playa, sino que se debe hacer uso de ellos en el d\u00eda a d\u00eda, en todas las actividades cotidianas que se realizan al aire libre y expuestos al sol, as\u00ed sea en la ciudad, siempre hay que protegerse.<span class=\"Apple-converted-space\">\u00a0<\/span><\/p>\n<p>El riesgo de padecer melanoma aumenta a medida que se envejece. Sin embargo, personas menores de 30 a\u00f1os; es uno de los c\u00e1nceres m\u00e1s comunes, especialmente en mujeres.<span class=\"Apple-converted-space\">\u00a0<\/span><\/p>\n<p>Lo importante es que se diagnostique desde sus inicios, lo cual puede ser a trav\u00e9s de la autoexploraci\u00f3n. <span class=\"Apple-converted-space\">\u00a0<\/span><\/p>\n<p>Hay que detectar cualquier nuevo lunar o cambios en los existentes, vigilar su asimetr\u00eda, los bordes, el color, el di\u00e1metro y su evoluci\u00f3n Adicionalmente hay que practicarse ex\u00e1menes de rutina con el dermat\u00f3logo, para llevar un control de los lunares y manchas en la piel, y descubrir de manera oportuna el melanoma.<span class=\"Apple-converted-space\">\u00a0<\/span><\/p>\n<p>En general, el tratamiento para los pacientes con melanoma depende de la etapa en la que se encuentre y su localizaci\u00f3n, as\u00ed como del estado general de salud. En este sentido, la doctora Y\u00e9sika Moreno, a\u00f1adi\u00f3 que en MSD se trabaja en innovaciones biom\u00e9dicas que ayuden a mejorar la calidad vida de las personas con enfermedades de dif\u00edcil tratamiento en todo el mundo.<\/p>\n<p style=\"text-align: center;\"><b>******<\/b><\/p>\n<p>La semana pasada la se\u00f1ora Laura Garc\u00eda,<span class=\"Apple-converted-space\">\u00a0 <\/span>trabajadora dom\u00e9stica,<span class=\"Apple-converted-space\">\u00a0 <\/span>fue mordida en la mano y en el pecho por un perro en la colonia El Ranchito en Ecatepec, los vecinos le dijeron que era un perro callejero que lo fueron a tirar ah\u00ed y que ya hab\u00eda mordido a otras personas. Al d\u00eda siguiente acudi\u00f3 al antirr\u00e1bico en Ecatepec.<span class=\"Apple-converted-space\">\u00a0<\/span><\/p>\n<p>Despu\u00e9s de mucho esperar ah\u00ed le dijeron que primero tendr\u00eda que ir a su centro de salud, en Tulpetlac. Volvi\u00f3 a tomar dos camiones y\u00a0lleg\u00f3 al centro de salud. Tras una hora de espera o m\u00e1s, una displicente doctora que engull\u00eda unos tacos, por fin la atendi\u00f3 pidi\u00e9ndole sus datos personales que tuvo que repetir dos veces. Luego la mand\u00f3 con una enfermera para que la pesaran y le tomaron sus signos vitales, tambi\u00e9n tuvo que esperar bastante. Despu\u00e9s de todos esos tr\u00e1mites no le dieron ning\u00fan medicamento y la enviaron de nuevo al antirr\u00e1bico donde\u00a0le dijeron que deb\u00eda ir a ver si el perro a\u00fan estaba donde hab\u00eda dicho.<\/p>\n<p>\u00a1H\u00e1game usted el favor! La se\u00f1ora se atrevi\u00f3 a ir y vio al perro escondido en un<span class=\"Apple-converted-space\">\u00a0 <\/span>rinc\u00f3n, los vecinos le dijeron que ya hab\u00eda atacado a otras personas. Laura volvi\u00f3 al antirr\u00e1bico para asegurar que hab\u00eda visto al animal.<span class=\"Apple-converted-space\">\u00a0<\/span><\/p>\n<p>Finalmente le dijeron que ten\u00eda que haber otra demanda de \u00a1una persona mordida por el dicho perro! Y que regresara al d\u00eda siguiente temprano. Para esto ya era las cuatro de la tarde y la se\u00f1ora ni siquiera hab\u00eda comido. Ahora teme que si al perro se detecta con rabia que ser\u00e1 de ella.<\/p>\n<p><a href=\"mailto:elros05.2000@gmail.com\" target=\"_blank\" rel=\"noopener noreferrer\"><em>elros05.2000@gmail.com<\/em><\/a><\/p>\n","protected":false},"excerpt":{"rendered":"<p><span style=\"color: #005497;\"><strong>Elsa Rodr\u00edguez Osorio<\/strong><\/span><br \/>\n<br \/>\nEn 2018, en el pa\u00eds se contabilizaron 3,079 nuevos casos de melanoma en la poblaci\u00f3n mexicana, y se notificaron 734 defunciones a causa de este tipo de c\u00e1ncer de piel. <\/p>\n","protected":false},"author":1,"featured_media":429088,"comment_status":"open","ping_status":"open","sticky":false,"template":"","format":"standard","meta":{"_monsterinsights_skip_tracking":false,"_monsterinsights_sitenote_active":false,"_monsterinsights_sitenote_note":"","_monsterinsights_sitenote_category":0,"footnotes":""},"categories":[877],"tags":[12894,43705,43674,43692],"class_list":["post-429087","post","type-post","status-publish","format-standard","has-post-thumbnail","hentry","category-salud","tag-capsulas-de-la-salud","tag-elsa-rodriguez-osorio","tag-opinion","tag-salud"],"_links":{"self":[{"href":"https:\/\/www.diarioimagen.net\/index.php?rest_route=\/wp\/v2\/posts\/429087","targetHints":{"allow":["GET"]}}],"collection":[{"href":"https:\/\/www.diarioimagen.net\/index.php?rest_route=\/wp\/v2\/posts"}],"about":[{"href":"https:\/\/www.diarioimagen.net\/index.php?rest_route=\/wp\/v2\/types\/post"}],"author":[{"embeddable":true,"href":"https:\/\/www.diarioimagen.net\/index.php?rest_route=\/wp\/v2\/users\/1"}],"replies":[{"embeddable":true,"href":"https:\/\/www.diarioimagen.net\/index.php?rest_route=%2Fwp%2Fv2%2Fcomments&post=429087"}],"version-history":[{"count":0,"href":"https:\/\/www.diarioimagen.net\/index.php?rest_route=\/wp\/v2\/posts\/429087\/revisions"}],"wp:featuredmedia":[{"embeddable":true,"href":"https:\/\/www.diarioimagen.net\/index.php?rest_route=\/wp\/v2\/media\/429088"}],"wp:attachment":[{"href":"https:\/\/www.diarioimagen.net\/index.php?rest_route=%2Fwp%2Fv2%2Fmedia&parent=429087"}],"wp:term":[{"taxonomy":"category","embeddable":true,"href":"https:\/\/www.diarioimagen.net\/index.php?rest_route=%2Fwp%2Fv2%2Fcategories&post=429087"},{"taxonomy":"post_tag","embeddable":true,"href":"https:\/\/www.diarioimagen.net\/index.php?rest_route=%2Fwp%2Fv2%2Ftags&post=429087"}],"curies":[{"name":"wp","href":"https:\/\/api.w.org\/{rel}","templated":true}]}}