{"id":429305,"date":"2019-05-28T00:11:03","date_gmt":"2019-05-28T05:11:03","guid":{"rendered":"https:\/\/www.diarioimagen.net\/?p=429305"},"modified":"2019-05-28T06:35:46","modified_gmt":"2019-05-28T11:35:46","slug":"las-inquietudes-del-senador-marti-batres","status":"publish","type":"post","link":"https:\/\/www.diarioimagen.net\/?p=429305","title":{"rendered":"Las inquietudes del senador Mart\u00ed Batres"},"content":{"rendered":"<h2>Tras la puerta del poder<\/h2>\n<h5>Roberto Vizca\u00edno<\/h5>\n<p>&nbsp;<\/p>\n<div id=\"attachment_429306\" style=\"width: 470px\" class=\"wp-caption aligncenter\"><a href=\"https:\/\/www.diarioimagen.net\/?attachment_id=429306\" rel=\"attachment wp-att-429306\"><img loading=\"lazy\" decoding=\"async\" aria-describedby=\"caption-attachment-429306\" class=\"size-large wp-image-429306\" src=\"https:\/\/www.diarioimagen.net\/wp-content\/uploads\/2019\/05\/Corrigiendo-lo-incorregible-LUIS-XAVIER-460x356.jpg\" alt=\"\" width=\"460\" height=\"356\" srcset=\"https:\/\/www.diarioimagen.net\/wp-content\/uploads\/2019\/05\/Corrigiendo-lo-incorregible-LUIS-XAVIER-460x356.jpg 460w, https:\/\/www.diarioimagen.net\/wp-content\/uploads\/2019\/05\/Corrigiendo-lo-incorregible-LUIS-XAVIER-240x186.jpg 240w, https:\/\/www.diarioimagen.net\/wp-content\/uploads\/2019\/05\/Corrigiendo-lo-incorregible-LUIS-XAVIER-768x594.jpg 768w, https:\/\/www.diarioimagen.net\/wp-content\/uploads\/2019\/05\/Corrigiendo-lo-incorregible-LUIS-XAVIER.jpg 1200w\" sizes=\"auto, (max-width: 460px) 100vw, 460px\" \/><\/a><p id=\"caption-attachment-429306\" class=\"wp-caption-text\">Corrigiendo lo incorregible&#8230; | Luis Xavier<\/p><\/div>\n<p>&nbsp;<\/p>\n<p>Con 52 a\u00f1os a cuestas, <b>Mart\u00ed Batres<\/b> ha dejado de ser el joven pol\u00edtico de izquierda surgido de uno de los tantos fugaces movimientos estudiantiles de la UNAM de los \u00faltimos tiempos.<\/p>\n<p>De finales de los 80 a la fecha ha vivido la vor\u00e1gine del cambio democr\u00e1tico encabezado por <b>Cuauht\u00e9moc C\u00e1rdenas<\/b> con el PRD y luego junto a <b>Andr\u00e9s Manuel L\u00f3pez Obrador<\/b> en Morena.<\/p>\n<p>En ese largo lapso sus compa\u00f1eros de viaje no fueron los m\u00e1s acertados: primero con <b>Ren\u00e9 Bejarano<\/b> y <b>Dolores Padierna<\/b> en la tribu de IDN y ahora al lado de la cada vez m\u00e1s impresentable <b>Yeidckol Polevnsky<\/b>, la gerente de <b>AMLO<\/b> en Morena que no ha entendido que ya lleg\u00f3 a lo m\u00e1s alto a lo que puede aspirar. De ah\u00ed s\u00f3lo hay descenso.<\/p>\n<p><b>Batres<\/b>, presidente del Senado a contrapelo de los deseos de <b>L\u00f3pez Obrador<\/b>, quien ya hab\u00eda apuntado en el cargo a su amigo <b>Crist\u00f3bal Arias<\/b>, concluye su encargo la media noche del s\u00e1bado 31 de agosto pr\u00f3ximo.<\/p>\n<p>Sin ninguna otra posici\u00f3n dentro de la C\u00e1mara alta, <b>Batres<\/b> anda inquieto. Dicen que buscar\u00e1 repetir.<\/p>\n<p>Pero salvo por el apoyo de su amiga <b>Yeidckol<\/b> (que es menos que nada dentro del grupo de Morena en el senado que comanda <b>Ricardo Monreal<\/b>), y quiz\u00e1 un par de senadores m\u00e1s, la verdad no se ve c\u00f3mo pueda lograrlo.<\/p>\n<p>El reglamento interno y la tradici\u00f3n democr\u00e1tica legislativa indican que <b>Batres<\/b> se tiene que ir sin hacer <i>panchos<\/i>, y dejarle el espacio a otra fuerza pol\u00edtica.<\/p>\n<p>La Presidencia del Senado y la C\u00e1mara de Diputados s\u00f3lo duran un a\u00f1o. Y bye-bye.<\/p>\n<p>En esta ocasi\u00f3n deber\u00eda llegar uno del PAN, que es la segunda fuerza senatorial, y entre ellos se habla de <b>Dami\u00e1n Zepeda<\/b>, quien ha sido uno de sus opositores m\u00e1s duros y cr\u00edticos.<\/p>\n<p>Ser\u00eda una doble <i>mentada<\/i> para <b>Batres<\/b>, afirman.<\/p>\n<p>La suma de sus puntos en contra es mucha y muy sobresaliente. No se lleva bien con <b>Monreal<\/b>\u2026 ni con <b>AMLO<\/b>.<\/p>\n<p>A ambos <b>Batres<\/b> les ha jugado a la mala.<\/p>\n<p>A <b>Monreal<\/b> lo confront\u00f3 en su intenci\u00f3n de ser candidato a la Jefatura de Gobierno de la que sali\u00f3 al final victoriosa <b>Claudia Sheinbaum<\/b>, para luego llegar a disputarle la coordinaci\u00f3n del grupo de Morena en el Senado e imponerse de mala forma en la Presidencia.<\/p>\n<p>Desde entonces <b>Batres<\/b> se ha significado por jugarle las contras a Monreal quien obviamente responde ante <b>L\u00f3pez Obrador<\/b>.<\/p>\n<p>En el caso de la animadversi\u00f3n de AMLO, dicen surge de cuando al tabasque\u00f1o en diciembre de 2013 le dio un infarto al miocardio.<\/p>\n<p>En aquellos a\u00f1os del inicio del r\u00e9gimen de <b>Enrique Pe\u00f1a Nieto<\/b> y de la formaci\u00f3n y registro de Morena, el tabasque\u00f1o lo ubic\u00f3 como presidente de su movimiento.<\/p>\n<p>El infarto a L\u00f3pez Obrador no s\u00f3lo fue nota principal en los medios, sino que provoc\u00f3 reacciones insospechadas. A partir de ese momento qued\u00f3 en claro que <b>AMLO<\/b> podr\u00eda morir inesperadamente.<\/p>\n<p><b>Batres<\/b>, que es grillo no m\u00e9dico, quiz\u00e1 mal aconsejado por sus compa\u00f1eros de viaje o por sus intestinos, o por ambos, parece que se movi\u00f3 para quedarse con el control de Morena si ocurr\u00eda el fallecimiento.<\/p>\n<p>El Senado estaba por aprobar la reforma energ\u00e9tica y con <b>L\u00f3pez Obrador<\/b> lleno de tubos y transfusiones en el \u00e1rea de recuperaci\u00f3n intensiva de M\u00e9dica Sur, su hijo <b>Andr\u00e9s Manuel L\u00f3pez Beltr\u00e1n<\/b> encabez\u00f3 el cerco de esa c\u00e1mara.<\/p>\n<p>Aquello fue un rotundo fracaso. Todos voltearon a ver a Batres. Simplemente no lo apoy\u00f3 con sus bases.<\/p>\n<p>Dicen que una vez recuperado AMLO hizo la cuenta. Batres no apoy\u00f3 al hijo en un intento de hacerlo a un lado, restarle fuerza dentro de la directiva de Morena, en caso de que el tabasque\u00f1o no lograra superar el infarto.<\/p>\n<p>\u00bfChismes? \u00bfhubo o no intento de golpe de poder?<\/p>\n<p>Vaya usted a saber, el caso es que reinsertado en la contienda por la Presidencia de la Rep\u00fablica, <b>L\u00f3pez Obrador<\/b> hizo a un lado a <b>Batres<\/b> de la directiva nacional de Morena y lo coloc\u00f3 en la presidencia de este partido en la capital rodeado por sus hijos. Ah\u00ed surgi\u00f3 en su lugar <b>Yeidckol<\/b> <b>Polevnsky<\/b>.<\/p>\n<p>Dicen que hab\u00eda el antecedente de que lo mismo intent\u00f3 hacer<b> Batres <\/b>cuando <b>Ren\u00e9 Bejarano<\/b> se fue a la c\u00e1rcel por lo de las ligas.\u00a0<span class=\"Apple-converted-space\">\u00a0<\/span><\/p>\n<p>Ambos estaban entonces en la direcci\u00f3n de Izquierda Democr\u00e1tica Nacional, IDN, una de las m\u00e1s importantes tribus del PRD y <b>Batres<\/b> le quiso quitar el control de la corriente.<\/p>\n<p>Ahora todos los d\u00edas a Batres se le disminuye el tiempo. Y en una semana ha lanzado ya dos iniciativas: para ampliar a 3 los per\u00edodos de sesiones y para establecer una rendici\u00f3n de cuentas de los senadores hacia la sociedad.<\/p>\n<p>Anda inquieto, sin duda.<\/p>\n<p style=\"text-align: center;\"><b>No son las medicinas,\u00a0son los recortes y los despidos<\/b><\/p>\n<p>Desde la renuncia de <b>Germ\u00e1n Mart\u00ednez<\/b> a la direcci\u00f3n del IMSS, y luego de la publicaci\u00f3n de su larga carta de denuncia, el presidente <b>Andr\u00e9s Manuel L\u00f3pez Obrador<\/b> no encuentra la paz y el pleno control de su agenda medi\u00e1tica y pol\u00edtica.<\/p>\n<p>A la ruidosa dimisi\u00f3n del ex presidente del PAN sobrevino una ola de denuncias en redes sociales y el resto de los medios informativos tradicionales, sumada a movimientos de m\u00e9dicos y directivos de institutos y hospitales que revelaron una verdadera crisis de salud con afectaci\u00f3n directa para millones de mexicanos, esencialmente los m\u00e1s pobres del pa\u00eds.<\/p>\n<p>Estas declaraciones y movimientos dejaron en claro que los recortes presupuestales ordenados por <b>AMLO<\/b> y ejecutados por <b>Carlos Urz\u00faa<\/b> desde Hacienda, no s\u00f3lo repercutieron en una grave escasez de medicamentos -los m\u00e1s notorios para enfermos de VIH y para diab\u00e9ticos como para ni\u00f1os con c\u00e1ncer-, sino en una impactante disminuci\u00f3n de servicios y atenci\u00f3n m\u00e9dica.<\/p>\n<p>La capacidad de hospitales disminuy\u00f3, se adelgaz\u00f3 al m\u00e1ximo por falta de personal e insumos y medicamentos.<\/p>\n<p>El n\u00famero de operaciones de todo tipo disminuy\u00f3 en algunos casos a un tercio y hubo secciones de hospitales e institutos que de plano cerraron.<\/p>\n<p>La respuesta de <b>Andr\u00e9s Manuel L\u00f3pez Obrador<\/b> fue la negaci\u00f3n, dijo que los reportes eran mentiras vertidas por sus opositores y cr\u00edticos y ampliadas por el \u201champa del periodismo\u201d.<\/p>\n<p>Pero de la misma Hacienda se le desminti\u00f3. Si hab\u00eda recorte y retenci\u00f3n de presupuestos y 2 mil 400 millones de pesos reclamados por directores de institutos fueron, se dijo, enviados de inmediato a las instituciones de salud.<\/p>\n<p>En las c\u00e1maras de Diputados y Senadores se organizaron grupos de legisladores para dar seguimiento a estos recortes presupuestales y obligar al gobierno a cumplir con los presupuestos.<\/p>\n<p>Hacia fines de la semana e inicios de esta, <b>AMLO<\/b> y sus colaboradores se han hecho bolas con lo del desabasto de medicinas.<\/p>\n<p>En un absurdo <b>Raquel Buenrostro<\/b>, oficial mayor de Hacienda, encargada ahora de todas las compras del sector p\u00fablico, atribuy\u00f3 a una falta de planeaci\u00f3n del gobierno de Enrique Pe\u00f1a Nieto el desabasto de medicinas porque, dijo, eso se planea con un a\u00f1o de antelaci\u00f3n.<\/p>\n<p>Nadie le crey\u00f3.<\/p>\n<p>Para comenzar no le crey\u00f3 su jefe el presidente <b>L\u00f3pez Obrador<\/b> quien en su ma\u00f1anera de ayer dijo que si continua el desabasto de medicinas enviar\u00e1 al canciller <b>Marcelo Ebrard<\/b> y al secretario de Hacienda <b>Carlos Urz\u00faa<\/b> a otros pa\u00edses para comprar las medicinas que hagan falta.<\/p>\n<p>El tema sin embargo ha quedado claro: el asunto es que AMLO orden\u00f3 recortar presupuestos de todas las \u00e1reas en su af\u00e1n de tener recursos para sus programas asistenciales de reparto de dinero directo a j\u00f3venes, adultos mayores, estudiantes, madres solteras, etc y para Pemex.<\/p>\n<p>Quiz\u00e1 para su aeropuerto en Santa Luc\u00eda y para su Tren Maya.<\/p>\n<p>Mala decisi\u00f3n \u00bfno?<\/p>\n<p><em><a href=\"mailto:rvizcainoa@gmail.com\" target=\"_blank\" rel=\"noopener noreferrer\">rvizcainoa@gmail.com<\/a><br \/>\n<u><a href=\"http:\/\/endirecto.mx\" target=\"_blank\" rel=\"noopener noreferrer\">www.endirecto.mx<\/a><br \/>\n<a href=\"https:\/\/twitter.com\/_rvizcaino\" target=\"_blank\" rel=\"noopener noreferrer\">@_RVizcaino<\/a><br \/>\n<a href=\"https:\/\/www.facebook.com\/rvizcainoa\" target=\"_blank\" rel=\"noopener noreferrer\">facebook.com\/rvizcainoa<\/a><\/u><\/em><\/p>\n","protected":false},"excerpt":{"rendered":"<p><span style=\"color: #005497;\"><strong>Roberto Vizca\u00edno<\/strong><\/span><br \/>\n<br \/>\nCon 52 a\u00f1os a cuestas, Mart\u00ed Batres ha dejado de ser el joven pol\u00edtico de izquierda surgido de uno de los tantos fugaces movimientos estudiantiles de la UNAM de los \u00faltimos tiempos.<\/p>\n","protected":false},"author":1,"featured_media":429306,"comment_status":"open","ping_status":"open","sticky":false,"template":"","format":"standard","meta":{"_monsterinsights_skip_tracking":false,"_monsterinsights_sitenote_active":false,"_monsterinsights_sitenote_note":"","_monsterinsights_sitenote_category":0,"footnotes":""},"categories":[136],"tags":[43674,93,94],"class_list":["post-429305","post","type-post","status-publish","format-standard","has-post-thumbnail","hentry","category-roberto-vizcaino-opinion","tag-opinion","tag-roberto-vizcaino","tag-tras-la-puerta-del-poder"],"_links":{"self":[{"href":"https:\/\/www.diarioimagen.net\/index.php?rest_route=\/wp\/v2\/posts\/429305","targetHints":{"allow":["GET"]}}],"collection":[{"href":"https:\/\/www.diarioimagen.net\/index.php?rest_route=\/wp\/v2\/posts"}],"about":[{"href":"https:\/\/www.diarioimagen.net\/index.php?rest_route=\/wp\/v2\/types\/post"}],"author":[{"embeddable":true,"href":"https:\/\/www.diarioimagen.net\/index.php?rest_route=\/wp\/v2\/users\/1"}],"replies":[{"embeddable":true,"href":"https:\/\/www.diarioimagen.net\/index.php?rest_route=%2Fwp%2Fv2%2Fcomments&post=429305"}],"version-history":[{"count":0,"href":"https:\/\/www.diarioimagen.net\/index.php?rest_route=\/wp\/v2\/posts\/429305\/revisions"}],"wp:featuredmedia":[{"embeddable":true,"href":"https:\/\/www.diarioimagen.net\/index.php?rest_route=\/wp\/v2\/media\/429306"}],"wp:attachment":[{"href":"https:\/\/www.diarioimagen.net\/index.php?rest_route=%2Fwp%2Fv2%2Fmedia&parent=429305"}],"wp:term":[{"taxonomy":"category","embeddable":true,"href":"https:\/\/www.diarioimagen.net\/index.php?rest_route=%2Fwp%2Fv2%2Fcategories&post=429305"},{"taxonomy":"post_tag","embeddable":true,"href":"https:\/\/www.diarioimagen.net\/index.php?rest_route=%2Fwp%2Fv2%2Ftags&post=429305"}],"curies":[{"name":"wp","href":"https:\/\/api.w.org\/{rel}","templated":true}]}}