{"id":429369,"date":"2019-05-29T00:01:41","date_gmt":"2019-05-29T05:01:41","guid":{"rendered":"https:\/\/www.diarioimagen.net\/?p=429369"},"modified":"2019-05-28T23:29:54","modified_gmt":"2019-05-29T04:29:54","slug":"aeromexico-y-delta-airlines-celebran-segundo-aniversario-de-alianza-y-hablan-de-los-boeing-737-max-tras-las-perdidas-economicas-registradas","status":"publish","type":"post","link":"https:\/\/www.diarioimagen.net\/?p=429369","title":{"rendered":"Aerom\u00e9xico y Delta Airlines celebran segundo aniversario de alianza y hablan de los <i>Boeing 737 MAX<\/i>, tras las p\u00e9rdidas econ\u00f3micas registradas"},"content":{"rendered":"<h2>De cinco estrellas<\/h2>\n<h5>Victoria Gonz\u00e1lez Prado<\/h5>\n<p>&nbsp;<\/p>\n<ul>\n<li><em><b>El Aeropuerto Internacional de Campeche obtuvo la certificaci\u00f3n de \u201cCalidad Ambiental\u201d, otorgada por la Profepa<\/b><\/em><\/li>\n<\/ul>\n<p>&nbsp;<\/p>\n<div id=\"attachment_429370\" style=\"width: 470px\" class=\"wp-caption aligncenter\"><a href=\"https:\/\/www.diarioimagen.net\/?attachment_id=429370\" rel=\"attachment wp-att-429370\"><img loading=\"lazy\" decoding=\"async\" aria-describedby=\"caption-attachment-429370\" class=\"size-large wp-image-429370\" src=\"https:\/\/www.diarioimagen.net\/wp-content\/uploads\/2019\/05\/turismo-14-460x259.jpg\" alt=\"\" width=\"460\" height=\"259\" srcset=\"https:\/\/www.diarioimagen.net\/wp-content\/uploads\/2019\/05\/turismo-14-460x259.jpg 460w, https:\/\/www.diarioimagen.net\/wp-content\/uploads\/2019\/05\/turismo-14-240x135.jpg 240w, https:\/\/www.diarioimagen.net\/wp-content\/uploads\/2019\/05\/turismo-14-235x132.jpg 235w, https:\/\/www.diarioimagen.net\/wp-content\/uploads\/2019\/05\/turismo-14-202x114.jpg 202w, https:\/\/www.diarioimagen.net\/wp-content\/uploads\/2019\/05\/turismo-14-350x196.jpg 350w, https:\/\/www.diarioimagen.net\/wp-content\/uploads\/2019\/05\/turismo-14-220x123.jpg 220w, https:\/\/www.diarioimagen.net\/wp-content\/uploads\/2019\/05\/turismo-14-237x132.jpg 237w, https:\/\/www.diarioimagen.net\/wp-content\/uploads\/2019\/05\/turismo-14.jpg 480w\" sizes=\"auto, (max-width: 460px) 100vw, 460px\" \/><\/a><p id=\"caption-attachment-429370\" class=\"wp-caption-text\">Paul Verhagen, Nicol\u00e1s Ferri y James Sarvis.<\/p><\/div>\n<p>&nbsp;<\/p>\n<p>Con motivo de la celebraci\u00f3n del segundo aniversario de la alianza entre Aerom\u00e9xico y Delta Airlines, <b>Paul Verhagen<\/b>, director de Ventas Internacionales de Aerom\u00e9xico; <b>Nicol\u00e1s Ferri<\/b>, director de Alianzas de las Am\u00e9ricas de <i>Delta Airlines <\/i>y<i> <\/i><b>James Sarvis<\/b>, vicepresidente ejecutivo de Operaciones, Aerom\u00e9xico, en conferencia de prensa aseguraron que analizan opciones de compensaci\u00f3n por parte del fabricante del <i>Boeing 737 MAX<\/i>, tras las p\u00e9rdidas econ\u00f3micas que ha registrado derivado de la puesta en tierra de los seis aviones que de ese modelo tienen, como medida precautoria, tras el accidente del vuelo de <i>Ethiopian Airlines<\/i> y <i>Lion Air.<\/i><\/p>\n<p><b>James Sarvis<\/b> dijo: \u201cestamos haciendo mucho para contrarrestar el impacto del MAX. Tenemos contratos, estamos considerando nuestras opciones, s\u00ed, nos ha impactado y puede haber un impacto futuro porque nos atrasa los aviones que hab\u00edamos ordenado.<span class=\"Apple-converted-space\">\u00a0<\/span><\/p>\n<p>Por su parte, <b>Nicol\u00e1s Ferri<\/b>, dijo que analizan con el fabricante \u201cla ayuda\u201d que les pueda proporcionar.<span class=\"Apple-converted-space\">\u00a0<\/span><\/p>\n<p>Sin mencionar una cifra sobre las p\u00e9rdidas econ\u00f3micas por mantener en tierra los aviones, coment\u00f3 que tenerlos en \u00f3ptimas condiciones a\u00fan sin operar, a la aerol\u00ednea le representa gastos significativos.<\/p>\n<p>En su reporte trimestral mencionaron que su capacidad disminuy\u00f3 3 por ciento, derivado de la ausencia de sus MAX, adem\u00e1s, espera que la falta de esos aviones genere reducci\u00f3n en ingresos.<\/p>\n<p><b>Sarvis<\/b> explic\u00f3 que dicha medida representa gasto adicional a la aerol\u00ednea, ya que se deben de tener los seis <i>737 MAX- 8<\/i> listos para su operaci\u00f3n, por lo que se deben realizar trabajos de\u00a0preservaci\u00f3n de la aeronave, proceso que se contrarrestar\u00e1 una vez que vuelva a volar.<\/p>\n<p>Adicionalmente, los pilotos deben de llevar a cabo entrenamiento nuevo para responder a los cambios que llevar\u00e1 a cabo <i>Boeing <\/i>en dicho modelo.<\/p>\n<p>\u201cTenemos gran fe en esta nave, tenemos fe en <i>Boeing<\/i>, el <i>Dreamliner<\/i> es un sue\u00f1o para volar y el 737 que es parte de nuestro futuro, tenemos m\u00e1s de 60 en orden. Fueron 14 mil horas, no se hab\u00edan tenido problemas en el desempe\u00f1o del avi\u00f3n, los pilotos del <i>MAX<\/i> son lo que apoyan este avi\u00f3n, y nos llevan a nosotros que no somos pilotos a tener fe en ese avi\u00f3n<i>\u201d<\/i>, se\u00f1al\u00f3 <b>James Sarvis<\/b><\/p>\n<p>De igual forma, mencion\u00f3 que hasta el momento no hay fecha exacta para el regreso a operaciones de los <i>737 MAX<\/i>, sin embargo, se espera que sea a partir del pr\u00f3ximo mes. La aeronave no comenzar\u00e1 a volar si no est\u00e1n \u2018150 por ciento\u201d seguros que es avi\u00f3n que cumple con los niveles de seguridad.<\/p>\n<p>En este sentido, coment\u00f3 que trabajar\u00e1n en \u201ceducar\u201d al pasajero para que tengan gran confianza al hacer uso de este modelo, y asegur\u00f3 que de \u201checho ya estoy apuntado para el primer vuelo con mi familia, porque nosotros hablamos con ejemplo\u201d.<\/p>\n<p>En marzo pasado, Aerom\u00e9xico decidi\u00f3 suspender temporalmente la operaci\u00f3n de sus seis equipos <i>Boeing 737 MAX<\/i> en tanto se cuente con informaci\u00f3n contundente sobre las investigaciones del accidente del vuelo de <i>Ethiopian Airlines.<\/i><\/p>\n<p>Sobre los trabajos que se llevan a cabo en el Aeropuerto Internacional de la Ciudad de M\u00e9xico (AICM,<span class=\"Apple-converted-space\">\u00a0 <\/span><b>Sarvis<\/b>, mencion\u00f3 que es positiva la inversi\u00f3n que se realice, as\u00ed como la construcci\u00f3n de una tercera terminal, ya que abonar\u00eda al crecimiento de la alianza con <i>Delta.<\/i><\/p>\n<p>\u201cEso nos vendr\u00eda muy bien, ya que se har\u00eda verdad la promesa de expandir los vuelos a trav\u00e9s de la frontera\u201d, sostuvo.<\/p>\n<p>Aunque, afirm\u00f3 que en la Terminal 2, ya no cabe una aerol\u00ednea m\u00e1s y que junto con <i>Delta<\/i> tiene la mayor parte de las posiciones remotas, por lo que ,en<span class=\"Apple-converted-space\">\u00a0 <\/span>los pr\u00f3ximos tres a\u00f1os, se visualizan como retadores porque hay demasiadas l\u00edneas a\u00e9reas en dicha infraestructura.<\/p>\n<p>De la celebraci\u00f3n los directivos comentaron que fue en mayo de 2017 inici\u00f3 operaciones el Acuerdo de Colaboraci\u00f3n Conjunta transfronterizo m\u00e1s grande del mundo, entre Aerom\u00e9xico y <i>Delta,<\/i> que hoy celebra dos a\u00f1os con la cifra de 14.4 millones de pasajeros transportados.<\/p>\n<p>De acuerdo con <b>Nicol\u00e1s Ferri<\/b>, gracias al <i>joint venture<\/i> entre ambas compa\u00f1\u00edas, en dos a\u00f1os se ha duplicado el n\u00famero de viajeros transportados entre M\u00e9xico y Estados Unidos, en los m\u00e1s de mil 100 vuelos semanales en 33 rutas, que ofrecen en conjunto.<\/p>\n<p><b>Ferri<\/b> destac\u00f3 el incremento de 11.3 por ciento de operaciones a tiempo, gracias a las sinergias del Centro de Operaciones M\u00e9xico del ACC y \u201cel manejo de equipaje que ha mejorado 19 por ciento interanual\u201d.<span class=\"Apple-converted-space\">\u00a0 \u00a0<\/span><\/p>\n<p>Ambas aerol\u00edneas operan en la misma terminal, en 12 aeropuertos de ambos pa\u00edses, 10 de estos son centros de conexi\u00f3n de las dos compa\u00f1\u00edas a\u00e9reas y algunos considerados de los m\u00e1s importantes del mundo, como Atlanta, Detroit, Nueva York y Seattle, entre otros, as\u00ed como Ciudad de M\u00e9xico, Guadalajara y Monterrey en nuestro pa\u00eds. <span class=\"Apple-converted-space\">\u00a0<\/span><\/p>\n<p>El principal aporte de la alianza entre estas importantes l\u00edneas a\u00e9reas es su servicio homologado, que facilita la experiencia del viajero, sin importar en qu\u00e9 aerol\u00ednea viajes. Las familias tarifarias, la venta de <i>ancillaries<\/i> y servicios complementarios, alimentos a bordo en rutas seleccionadas, <i>Free Messaging<\/i> y <i>Wi Fi<\/i> a bordo, son parte de estas bondades.<\/p>\n<p>Tambi\u00e9n, atenci\u00f3n personalizada a clientes corporativos, y del programa de lealtad <i>Elite<\/i> y <i>Elite Plus<\/i> pueden disfrutar ascensos y seleccionar su asiento sin costo, adem\u00e1s de usar puntos o millas en vuelos de ambas compa\u00f1\u00edas a\u00e9reas.<span class=\"Apple-converted-space\">\u00a0 \u00a0<\/span><\/p>\n<p>\u2730\u2730\u2730\u2730\u2730 El Aeropuerto Internacional de Campeche, operado y administrado por Aeropuertos y Servicios Auxiliares (ASA), obtuvo la certificaci\u00f3n de \u201cCalidad Ambiental\u201d, otorgada por la Procuradur\u00eda Federal de Protecci\u00f3n al Medio Ambiente (Profepa), ya que ASA se encuentra inscrito en el Programa Nacional de Auditor\u00eda Ambiental (PNAA).<\/p>\n<p>Para obtener la certificaci\u00f3n, la administraci\u00f3n del aer\u00f3dromo instrument\u00f3 acciones diversas para cumplir a cabalidad, normatividad ambiental vigente, adem\u00e1s del registro del aeropuerto ante la Secretar\u00eda de Medio Ambiente y Recursos Naturales (Semarnat), como empresa micro-generadora de residuos peligrosos.<\/p>\n<p>La auditor\u00eda ambiental es una v\u00eda voluntaria y diferente a las acciones de inspecci\u00f3n y vigilancia, promueve la identificaci\u00f3n de oportunidades de mejora, as\u00ed como la instrumentaci\u00f3n de proyectos que reducen la contaminaci\u00f3n.<\/p>\n<p><b>\u201cEl \u00c1ngel de la Fama tiene sus alas hechas de papel&#8230; peri\u00f3dico\u201d.<\/b><\/p>\n<p><em><a href=\"mailto:victoriagprado@gmail.com\" target=\"_blank\" rel=\"noopener noreferrer\">victoriagprado@gmail.com<\/a><\/em><br \/>\n<em>Twitter: <a href=\"https:\/\/twitter.com\/victoriagprado\" target=\"_blank\" rel=\"noopener noreferrer\">@victoriagprado<\/a><\/em><\/p>\n","protected":false},"excerpt":{"rendered":"<p>Con motivo de la celebraci\u00f3n del segundo aniversario de la alianza entre Aerom\u00e9xico y Delta Airlines, <b>Paul Verhagen<\/b>, director de Ventas Internacionales de Aerom\u00e9xico; <b>Nicol\u00e1s Ferri<\/b>, director de Alianzas de las Am\u00e9ricas de <i>Delta Airlines <\/i>y<i> <\/i><b>James Sarvis<\/b>, vicepresidente ejecutivo de Operaciones, Aerom\u00e9xico, en conferencia de prensa aseguraron que analizan opciones de compensaci\u00f3n por parte del fabricante del <i>Boeing 737 MAX<\/i>, tras las p\u00e9rdidas econ\u00f3micas que ha registrado derivado de la puesta en tierra de los seis aviones que de ese modelo tienen, como medida precautoria, tras el accidente del vuelo de <i>Ethiopian Airlines<\/i> y <i>Lion Air.<\/i><\/p>\n","protected":false},"author":1,"featured_media":429370,"comment_status":"open","ping_status":"open","sticky":false,"template":"","format":"standard","meta":{"_monsterinsights_skip_tracking":false,"_monsterinsights_sitenote_active":false,"_monsterinsights_sitenote_note":"","_monsterinsights_sitenote_category":0,"footnotes":""},"categories":[11],"tags":[107,43681,106],"class_list":["post-429369","post","type-post","status-publish","format-standard","has-post-thumbnail","hentry","category-turismo","tag-de-cinco-estrellas","tag-turismo","tag-victoria-gonzalez-prado"],"_links":{"self":[{"href":"https:\/\/www.diarioimagen.net\/index.php?rest_route=\/wp\/v2\/posts\/429369","targetHints":{"allow":["GET"]}}],"collection":[{"href":"https:\/\/www.diarioimagen.net\/index.php?rest_route=\/wp\/v2\/posts"}],"about":[{"href":"https:\/\/www.diarioimagen.net\/index.php?rest_route=\/wp\/v2\/types\/post"}],"author":[{"embeddable":true,"href":"https:\/\/www.diarioimagen.net\/index.php?rest_route=\/wp\/v2\/users\/1"}],"replies":[{"embeddable":true,"href":"https:\/\/www.diarioimagen.net\/index.php?rest_route=%2Fwp%2Fv2%2Fcomments&post=429369"}],"version-history":[{"count":0,"href":"https:\/\/www.diarioimagen.net\/index.php?rest_route=\/wp\/v2\/posts\/429369\/revisions"}],"wp:featuredmedia":[{"embeddable":true,"href":"https:\/\/www.diarioimagen.net\/index.php?rest_route=\/wp\/v2\/media\/429370"}],"wp:attachment":[{"href":"https:\/\/www.diarioimagen.net\/index.php?rest_route=%2Fwp%2Fv2%2Fmedia&parent=429369"}],"wp:term":[{"taxonomy":"category","embeddable":true,"href":"https:\/\/www.diarioimagen.net\/index.php?rest_route=%2Fwp%2Fv2%2Fcategories&post=429369"},{"taxonomy":"post_tag","embeddable":true,"href":"https:\/\/www.diarioimagen.net\/index.php?rest_route=%2Fwp%2Fv2%2Ftags&post=429369"}],"curies":[{"name":"wp","href":"https:\/\/api.w.org\/{rel}","templated":true}]}}