{"id":429386,"date":"2019-05-29T00:01:53","date_gmt":"2019-05-29T05:01:53","guid":{"rendered":"https:\/\/www.diarioimagen.net\/?p=429386"},"modified":"2019-05-29T19:09:34","modified_gmt":"2019-05-30T00:09:34","slug":"sucesion-en-el-pri-todo-el-apoyo-para-alito","status":"publish","type":"post","link":"https:\/\/www.diarioimagen.net\/?p=429386","title":{"rendered":"Sucesi\u00f3n en el PRI; todo el apoyo para \u201cAlito\u201d\u00a0"},"content":{"rendered":"<h2>La Retaguardia<\/h2>\n<h5>Adriana Moreno Cordero<\/h5>\n<p>&nbsp;<\/p>\n<ul>\n<li><strong><i>CNTE someti\u00f3 completamente a AMLO<\/i><\/strong><\/li>\n<li><strong><i>Aprehensi\u00f3n contra Ancira y Lozoya, tiene que ver con elecciones: Osorio<\/i><\/strong><\/li>\n<\/ul>\n<p>&nbsp;<\/p>\n<p>Todo indica que en lo que respecta a la sucesi\u00f3n de la dirigencia del PRI, todo ya est\u00e1 decidido a favor del gobernador de Campeche, <b>Alejandro Moreno C\u00e1rdenas<\/b>, quien tiene el apoyo de pr\u00e1cticamente todos los gobernadores del Revolucionario Institucional que se reunieron el fin de semana en Toluca, Estado de M\u00e9xico, tierra gobernada por <b>Alfredo Del Mazo<\/b> donde, a decir del propio mexiquense, trabajaron \u201cen torno a los temas nacionales de gran relevancia: seguridad, salud y educaci\u00f3n\u201d.<span class=\"Apple-converted-space\">\u00a0<\/span><\/p>\n<p>Pero es l\u00f3gico que uno de los puntos centrales de la agenda tricolor, fue la renovaci\u00f3n del Comit\u00e9 Ejecutivo Nacional de este instituto pol\u00edtico pues nunca, en toda la historia del partido, se hab\u00eda registrado un cambio de dirigencia tan dif\u00edcil y coyuntural y quien al parecer es el \u00fanico capaz de rescatar al PRI de esta debacle, es el mandatario campechano.<\/p>\n<p>Al hablar de la grav\u00edsima situaci\u00f3n que viven los diferentes Institutos de Salud, de refil\u00f3n, el ex titular del ramo, <b>Jos\u00e9 Narro Robles<\/b>, declar\u00f3 que pese a las contundentes se\u00f1ales, \u00e9l seguir\u00e1 en su objetivo de convertirse en l\u00edder del PRI y que no se raja, pero deber\u00eda de convencerse de que no pierde solamente los once votos de los gobernadores pri\u00edstas, al final perder\u00e1 mucho m\u00e1s.<span class=\"Apple-converted-space\">\u00a0<\/span><\/p>\n<p>Por otra parte, si comparamos dos casos que se han presentado en esta llamada Cuarta Transformaci\u00f3n: el de los soldados maltratados y humillados por la delincuencia en La Huacana, Michoac\u00e1n, y las reuniones entre el presidente <b>Andr\u00e9s Manuel L\u00f3pez Obrador<\/b> y los \u201cmaestros\u201d de la Coordinadora Nacional de Trabajadores de la Educaci\u00f3n, aunque son totalmente diferentes en esencia, bien podr\u00eda concluirse que el tabasque\u00f1o cuida m\u00e1s a los \u201cprofesores\u201d de la Coordinadora que a los soldados, que \u00e9l mismo asegura, tambi\u00e9n son pueblo.<\/p>\n<p>Con todo y que ayer, en la tradicional conferencia ma\u00f1anera, el jefe del Ejecutivo los haya defendido diciendo que actuaron con absoluto respeto a los derechos humanos y con dignidad, la situaci\u00f3n que se present\u00f3 evidencia todo lo contrario, es decir, que el tabasque\u00f1o no quiere ver y pasa por alto la actuaci\u00f3n de grupos delincuenciales que surgen en todo el pa\u00eds y con eso de que advirti\u00f3 que \u00e9l no va a reprimir al pueblo, pues ya podemos esperar que la delincuencia organizada actuar\u00e1 a placer a lo largo y ancho del pa\u00eds. \u00bfSer\u00e1 que tambi\u00e9n son pueblo?<\/p>\n<p>Ahora bien, respecto a los \u201cmaestros\u201d de la Coordinadora, luego de la reuni\u00f3n que sostuvieron con el presidente, se mostraron sumamente satisfechos porque de acuerdo a lo prometido por el propio AMLO, ellos participar\u00e1n en el Legislativo en la redacci\u00f3n de las Leyes Secundarias de la reforma educativa recientemente aprobada, o sea, podr\u00e1n meter mano pr\u00e1cticamente hasta donde quieran con lo que una vez m\u00e1s demuestran que tienen m\u00e1s que sometido a L\u00f3pez Obrador, lo que refleja que le cobraron car\u00edsimo al tabasque\u00f1o su apoyo electoral.<\/p>\n<p>Lo anterior, porque en los \u00faltimos d\u00edas, los llamados \u201cprofesores\u201d de la CNTE se han reunido en dos ocasiones con el presidente, algo que ni siquiera han podido lograr miembros de su propio gabinete, -que por cierto, entr\u00f3 ya en crisis-, ni los directores de los Institutos de Salud, mismos a los que el tabasque\u00f1o se ha encargado de colapsar, o los m\u00e9dicos que laboran con pagos quincenales verdaderamente p\u00edrricos, con sueldos de alrededor de 900 pesos a la quincena, mientras que los llamados \u201cninis\u201d reciben en becas mucho m\u00e1s, pero ya lo dice un refr\u00e1n: un voto es un voto.<\/p>\n<p style=\"text-align: center;\"><b>Municiones<\/b><\/p>\n<p>*** Ayer por la tarde, todo se cimbr\u00f3 en M\u00e9xico, cuando se anunci\u00f3 que <b>Alonso Ancira Elizondo<\/b>, due\u00f1o de la empresa Altos Hornos de M\u00e9xico, fue detenido por la Interpol en Mallorca, luego de su vinculaci\u00f3n con pagos ilegales de la compa\u00f1\u00eda Odebrecht, as\u00ed como por su relaci\u00f3n por la presunta venta irregular de la empresa Agro Nitrogenados a Pemex, por lo que el siguiente en la lista y contra quien tambi\u00e9n ya se gir\u00f3 orden de aprehensi\u00f3n, es el ex director de la paraestatal, <b>Emilio Lozoya Austin<\/b>. Muchos comentaron que si al fin se hab\u00edan atrapado a los primeros \u201cpeces gordos\u201d en esta llamada Cuarta Transformaci\u00f3n.<\/p>\n<p>*** Esta bomba es vista desde varios \u00e1ngulos, uno de ellos est\u00e1 ligado a que de Altos Hornos de M\u00e9xico depende toda la regi\u00f3n carbon\u00edfera de Coahuila, as\u00ed como la actividad minera, de tal suerte que con el congelamiento de cuentas, se advierte que es un colapso el que se viene.<span class=\"Apple-converted-space\">\u00a0<\/span><\/p>\n<p>Luego de enterarse de la noticia, el gobernador de Coahuila, <b>Miguel Riquelme<\/b>, se mostr\u00f3 sumamente preocupado por la investigaci\u00f3n, por lo que pidi\u00f3 a las autoridades que se juzgue conforme a Derecho este escabroso caso, para que no se afecte la estabilidad laboral.<span class=\"Apple-converted-space\">\u00a0<\/span><\/p>\n<p>En este orden de ideas, el mandatario estatal espera que este remolino se pueda aclarar por el bien de la empresa que tiene alrededor de 20 mil empleos. Lo cierto es que a nivel local, Alonso Ancira tiene mucho prestigio en la entidad y m\u00e1s a\u00fan su familia.<span class=\"Apple-converted-space\">\u00a0<\/span><\/p>\n<p>Por aquellos lares, la familia Ancira es contemplada en la regi\u00f3n carbon\u00edfera y en todo el estado, como ejemplo de trabajo y altruismo. Sin embargo, si se llegan a congelar los pagos de Altos Hornos, se paralizar\u00eda inmediatamente el circulante en todo el estado y se vendr\u00eda un colapso de dimensiones inesperadas.<\/p>\n<p>*** Por su parte, el presidente de la Junta de Coordinaci\u00f3n Pol\u00edtica del Senado de la Rep\u00fablica, <b>Ricardo Monreal<\/b>, se\u00f1al\u00f3 que Altos Hornos es una empresa que se ha constituido con legalidad y respeto. Agreg\u00f3 que no se trata de politizar a la justicia con el hecho de que se le hayan congelado sus cuentas a Emilio Lozoya.<span class=\"Apple-converted-space\">\u00a0<\/span><\/p>\n<p>\u201cDe Altos Hornos me extra\u00f1a porque conozco a la empresa y se han conducido con legalidad, estoy seguro que lo van a aclarar, se debe<span class=\"Apple-converted-space\">\u00a0 <\/span>aclarar\u201d. \u00bfSer\u00e1?<\/p>\n<p>*** El coordinador de los senadores pri\u00edstas, <b>Miguel Angel Osorio Chong<\/b> subray\u00f3 que las \u00f3rdenes de aprehensi\u00f3n giradas en contra de Ancira y Lozoya, mucho tienen que ver con que el ya pr\u00f3ximo 2 de junio, vaya a haber elecciones en diferentes estados de la Rep\u00fablica. Efectivamente, el presidente y su partido, Morena, buscan por todos lados \u201camarrarse el dedo\u201d y obtener, de nueva cuenta, un triunfo completo en estos venideros comicios, por lo que la restricci\u00f3n que hizo el presidente para que sus conferencias ma\u00f1aneras no se transmitan en los estados donde habr\u00e1 elecciones, es una vacilada.<span class=\"Apple-converted-space\">\u00a0<\/span><\/p>\n<p>*** <b>Javier Coello Trejo<\/b>, abogado de Emilio Lozoya, platic\u00f3 que se enter\u00f3 de la orden de aprehensi\u00f3n en contra de su cliente, por las \u201cbenditas redes\u201d, por lo que se dedic\u00f3 a verificar si exist\u00eda o no la mencionada orden de aprehensi\u00f3n para preparar su defensa. Aclara que su cliente no firm\u00f3 ning\u00fan contrato con Altos Hornos, adem\u00e1s, Coello Trejo ya hab\u00eda presentado una demanda de amparo, al tiempo que asegur\u00f3 que Lozoya Austin no est\u00e1 pr\u00f3fugo.<\/p>\n<p><a href=\"mailto:morcora@gmail.com\" target=\"_blank\" rel=\"noopener noreferrer\"><em>morcora@gmail.com<\/em><\/a><\/p>\n","protected":false},"excerpt":{"rendered":"<p><span style=\"color: #005497;\"><strong>Adriana Moreno Cordero<\/strong><\/span><\/p>\n","protected":false},"author":1,"featured_media":0,"comment_status":"open","ping_status":"open","sticky":false,"template":"","format":"standard","meta":{"_monsterinsights_skip_tracking":false,"_monsterinsights_sitenote_active":false,"_monsterinsights_sitenote_note":"","_monsterinsights_sitenote_category":0,"footnotes":""},"categories":[69370],"tags":[69369,69368,43674],"class_list":["post-429386","post","type-post","status-publish","format-standard","hentry","category-adriana-moreno-cordero","tag-adriana-moreno-cordero","tag-la-retaguardia","tag-opinion"],"_links":{"self":[{"href":"https:\/\/www.diarioimagen.net\/index.php?rest_route=\/wp\/v2\/posts\/429386","targetHints":{"allow":["GET"]}}],"collection":[{"href":"https:\/\/www.diarioimagen.net\/index.php?rest_route=\/wp\/v2\/posts"}],"about":[{"href":"https:\/\/www.diarioimagen.net\/index.php?rest_route=\/wp\/v2\/types\/post"}],"author":[{"embeddable":true,"href":"https:\/\/www.diarioimagen.net\/index.php?rest_route=\/wp\/v2\/users\/1"}],"replies":[{"embeddable":true,"href":"https:\/\/www.diarioimagen.net\/index.php?rest_route=%2Fwp%2Fv2%2Fcomments&post=429386"}],"version-history":[{"count":0,"href":"https:\/\/www.diarioimagen.net\/index.php?rest_route=\/wp\/v2\/posts\/429386\/revisions"}],"wp:attachment":[{"href":"https:\/\/www.diarioimagen.net\/index.php?rest_route=%2Fwp%2Fv2%2Fmedia&parent=429386"}],"wp:term":[{"taxonomy":"category","embeddable":true,"href":"https:\/\/www.diarioimagen.net\/index.php?rest_route=%2Fwp%2Fv2%2Fcategories&post=429386"},{"taxonomy":"post_tag","embeddable":true,"href":"https:\/\/www.diarioimagen.net\/index.php?rest_route=%2Fwp%2Fv2%2Ftags&post=429386"}],"curies":[{"name":"wp","href":"https:\/\/api.w.org\/{rel}","templated":true}]}}