{"id":429478,"date":"2019-05-29T00:09:19","date_gmt":"2019-05-29T05:09:19","guid":{"rendered":"https:\/\/www.diarioimagen.net\/?p=429478"},"modified":"2019-05-29T05:32:24","modified_gmt":"2019-05-29T10:32:24","slug":"entrega-del-mazo-a-la-uaem-infraestructura-por-60-mdp","status":"publish","type":"post","link":"https:\/\/www.diarioimagen.net\/?p=429478","title":{"rendered":"Entrega Del Mazo a la UAEM infraestructura por 60 mdp"},"content":{"rendered":"<ul>\n<li><strong><em>Esfuerzo para atender el crecimiento de la matr\u00edcula: Barrera<\/em><\/strong><\/li>\n<\/ul>\n<p>&nbsp;<\/p>\n<div id=\"attachment_429498\" style=\"width: 470px\" class=\"wp-caption aligncenter\"><a href=\"https:\/\/www.diarioimagen.net\/?attachment_id=429498\" rel=\"attachment wp-att-429498\"><img loading=\"lazy\" decoding=\"async\" aria-describedby=\"caption-attachment-429498\" class=\"size-large wp-image-429498\" src=\"https:\/\/www.diarioimagen.net\/wp-content\/uploads\/2019\/05\/UAEM-29-460x259.jpg\" alt=\"\" width=\"460\" height=\"259\" srcset=\"https:\/\/www.diarioimagen.net\/wp-content\/uploads\/2019\/05\/UAEM-29-460x259.jpg 460w, https:\/\/www.diarioimagen.net\/wp-content\/uploads\/2019\/05\/UAEM-29-240x135.jpg 240w, https:\/\/www.diarioimagen.net\/wp-content\/uploads\/2019\/05\/UAEM-29-235x132.jpg 235w, https:\/\/www.diarioimagen.net\/wp-content\/uploads\/2019\/05\/UAEM-29-202x114.jpg 202w, https:\/\/www.diarioimagen.net\/wp-content\/uploads\/2019\/05\/UAEM-29-350x196.jpg 350w, https:\/\/www.diarioimagen.net\/wp-content\/uploads\/2019\/05\/UAEM-29-220x123.jpg 220w, https:\/\/www.diarioimagen.net\/wp-content\/uploads\/2019\/05\/UAEM-29-237x132.jpg 237w, https:\/\/www.diarioimagen.net\/wp-content\/uploads\/2019\/05\/UAEM-29.jpg 480w\" sizes=\"auto, (max-width: 460px) 100vw, 460px\" \/><\/a><p id=\"caption-attachment-429498\" class=\"wp-caption-text\">El rector de la UAEM, Alfredo Barrera Baca, enfatiz\u00f3 que la Aut\u00f3noma mexiquense mantiene su esfuerzo para atender el crecimiento de la matr\u00edcula de nuevo ingreso.<\/p><\/div>\n<p>&nbsp;<\/p>\n<p><strong>Toluca, Estado de M\u00e9xico<\/strong>.\u2013 Al inaugurar el auditorio de la Facultad de Artes de la Universidad Aut\u00f3noma del Estadio de M\u00e9xico, el jefe del Ejecutivo mexiquense, Alfredo Del Mazo Maza, reconoci\u00f3 el esfuerzo de esta casa de estudios para trabajar a favor de la inclusi\u00f3n educativa y ampliar su matr\u00edcula para que durante el siguiente ciclo escolar mil 500 j\u00f3venes puedan continuar con sus estudios de nivel medio y superior.<\/p>\n<p>En la Facultad de Artes, acompa\u00f1ado del rector Alfredo Barrera Baca, entreg\u00f3 a la comunidad universitaria infraestructura, equipamiento y mobiliario por un monto de 60 millones de pesos y destac\u00f3 que para refrendar el liderazgo acad\u00e9mico y social de la UAEM, autoridades universitarias y de la entidad unen esfuerzos.<\/p>\n<p>\u201cEstamos orgullosos de ser parte de este trabajo conjunto para fortalecer las instalaciones, el equipamiento y las herramientas que para su desarrollo profesional tienen los j\u00f3venes universitarios\u201d.<\/p>\n<p>Por su parte, el rector Alfredo Barrera Baca enfatiz\u00f3 que la Aut\u00f3noma mexiquense mantiene su esfuerzo para atender el crecimiento de la matr\u00edcula de nuevo ingreso. \u201cAmpliamos las asignaturas que se ofrecen en la modalidad educativa a distancia, en la cual depositamos nuestras expectativas para ampliar la cobertura educativa\u201d.<\/p>\n<p>Abund\u00f3 que en congruencia con la pol\u00edtica de austeridad nacional, pero sin defraudar el respaldo que espera la juventud, en coordinaci\u00f3n con el Gobierno del Estado de M\u00e9xico, se contin\u00faan las obras de la Unidad Acad\u00e9mica Profesional UAEM Tlalnepantla.<\/p>\n<p>Por otra parte, Del Mazo Maza se\u00f1al\u00f3 que gracias al Acuerdo Estrat\u00e9gico por la Educaci\u00f3n\u00a0Media Superior y Superior del Estado de M\u00e9xico, los j\u00f3venes que no ingresaron a la UAEM tendr\u00e1n la oportunidad de estudiar en instituciones de educaci\u00f3n superior del sistema educativo estatal. \u201cEn un trabajo coordinado con la universidad abrimos espacios que promueven la inclusi\u00f3n, la formaci\u00f3n y la permanencia educativa\u201d.<\/p>\n<p>Ante el secretario de Educaci\u00f3n de la entidad, Alejandro Fern\u00e1ndez Campillo, y la directora de la Facultad de Artes, Ang\u00e9lica Marengla Le\u00f3n \u00c1lvarez, subray\u00f3 que la Aut\u00f3noma mexiquense es pilar del desarrollo estatal y referente nacional de autonom\u00eda, institucionalidad y vocaci\u00f3n educativa. \u201cLa UAEM es la mayor fortaleza y orgullo del sistema educativo de la entidad\u201d.<\/p>\n<p>Cabe destacar que durante este evento se realiz\u00f3 la entrega de infraestructura, equipamiento y mobiliario en beneficio de estudiantes, acad\u00e9micos y trabajadores administrativos de planteles de la Escuela Preparatoria, facultades, unidades acad\u00e9micas profesionales, centros universitarios y centros de investigaci\u00f3n.<\/p>\n","protected":false},"excerpt":{"rendered":"<p>Al inaugurar el auditorio de la Facultad de Artes de la Universidad Aut\u00f3noma del Estadio de M\u00e9xico, el jefe del Ejecutivo mexiquense, Alfredo Del Mazo Maza, reconoci\u00f3 el esfuerzo de esta casa de estudios para trabajar a favor de la inclusi\u00f3n educativa y ampliar su matr\u00edcula para que durante el siguiente ciclo escolar mil 500 j\u00f3venes puedan continuar con sus estudios de nivel medio y superior.<\/p>\n","protected":false},"author":3,"featured_media":429498,"comment_status":"open","ping_status":"open","sticky":false,"template":"","format":"standard","meta":{"_monsterinsights_skip_tracking":false,"_monsterinsights_sitenote_active":false,"_monsterinsights_sitenote_note":"","_monsterinsights_sitenote_category":0,"footnotes":""},"categories":[5],"tags":[43675,452],"class_list":["post-429478","post","type-post","status-publish","format-standard","has-post-thumbnail","hentry","category-estado-de-mexico","tag-estado-de-mexico","tag-toluca"],"_links":{"self":[{"href":"https:\/\/www.diarioimagen.net\/index.php?rest_route=\/wp\/v2\/posts\/429478","targetHints":{"allow":["GET"]}}],"collection":[{"href":"https:\/\/www.diarioimagen.net\/index.php?rest_route=\/wp\/v2\/posts"}],"about":[{"href":"https:\/\/www.diarioimagen.net\/index.php?rest_route=\/wp\/v2\/types\/post"}],"author":[{"embeddable":true,"href":"https:\/\/www.diarioimagen.net\/index.php?rest_route=\/wp\/v2\/users\/3"}],"replies":[{"embeddable":true,"href":"https:\/\/www.diarioimagen.net\/index.php?rest_route=%2Fwp%2Fv2%2Fcomments&post=429478"}],"version-history":[{"count":0,"href":"https:\/\/www.diarioimagen.net\/index.php?rest_route=\/wp\/v2\/posts\/429478\/revisions"}],"wp:featuredmedia":[{"embeddable":true,"href":"https:\/\/www.diarioimagen.net\/index.php?rest_route=\/wp\/v2\/media\/429498"}],"wp:attachment":[{"href":"https:\/\/www.diarioimagen.net\/index.php?rest_route=%2Fwp%2Fv2%2Fmedia&parent=429478"}],"wp:term":[{"taxonomy":"category","embeddable":true,"href":"https:\/\/www.diarioimagen.net\/index.php?rest_route=%2Fwp%2Fv2%2Fcategories&post=429478"},{"taxonomy":"post_tag","embeddable":true,"href":"https:\/\/www.diarioimagen.net\/index.php?rest_route=%2Fwp%2Fv2%2Ftags&post=429478"}],"curies":[{"name":"wp","href":"https:\/\/api.w.org\/{rel}","templated":true}]}}