{"id":429487,"date":"2019-05-29T00:00:30","date_gmt":"2019-05-29T05:00:30","guid":{"rendered":"https:\/\/www.diarioimagen.net\/?p=429487"},"modified":"2019-05-29T00:50:49","modified_gmt":"2019-05-29T05:50:49","slug":"miguel-torruco-prende-la-mecha","status":"publish","type":"post","link":"https:\/\/www.diarioimagen.net\/?p=429487","title":{"rendered":"Miguel Torruco prende la mecha"},"content":{"rendered":"<h2>Derecho de r\u00e9plica<\/h2>\n<p>&nbsp;<\/p>\n<ul>\n<li><strong><em>El titular de la Secretar\u00eda de Turismo federal anda mal y de malas<\/em><\/strong><\/li>\n<\/ul>\n<p>&nbsp;<\/p>\n<p>&nbsp;<\/p>\n<p>&nbsp;<\/p>\n<p>Como que, desde el fin de semana pasado, el titular de la Secretar\u00eda de Turismo federal, Miguel Torruco, anda mal y de malas, pues se le ocurri\u00f3, al estilo de Donald Trump, escribir en su cuenta de Twitter: \u201cCuando se copia un modelo hotelero extranjero con tarifas rid\u00edculas de 150 d\u00f3lares todo incluido, sin preservar nuestra valiosa identidad hist\u00f3rica, cultural y gastron\u00f3mica, con el tiempo se paga la factura. Hoy estamos en el lugar 16 en captaci\u00f3n de divisas. Hay mucho por hacer\u201d, upssss, chaleco que se colocaron de inmediato las cadenas hoteleras de Quintana Roo.<\/p>\n<p>El presidente de la Asociaci\u00f3n de Hoteles de la Riviera Maya, Conrad Bergwerf<strong>, <\/strong>le regres\u00f3 la <em>papa caliente<\/em> a Torruco Marqu\u00e9s y responsabiliz\u00f3 al gobierno federal del ajuste a la baja que han sufrido las tarifas hoteleras en el pa\u00eds, debido la falta de promoci\u00f3n tur\u00edstica, sobre todo en Estados Unidos, principal mercado emisor de turistas. \u00a1Tenga pa\u2019 que se entretenga y que su jefa lo mantenga!<\/p>\n<p>Lo que los hoteleros reclaman es que los impuestos que paga el sector tur\u00edstico por concepto de hospedaje y de forma original se estableci\u00f3 para realizar promoci\u00f3n tur\u00edstica centralizada en el gobierno, ahora, al desaparecer los organismos encargados de realizarla, no tienen claro a d\u00f3nde ir\u00e1n a parar esos recursos; el gobierno federal dej\u00f3 en manos del sector hotelero la promoci\u00f3n de sus productos, sin embargo, hacerlo de forma aislada no tendr\u00e1 los mismos resultados que promocionar una marca en conjunto, con diferentes opciones.<\/p>\n<p style=\"text-align: center;\"><strong>Bienestar de la 4T<\/strong><\/p>\n<p>El reclamo de los hoteleros respecto a los comentarios del secretario de Turismo federal, son justificables, m\u00e1s aun cuando, la arribaz\u00f3n de sargazo tiene en jaque al centro y sur del estado, donde la limpieza de playas se realiza d\u00eda y noche, con recursos del gobierno del estado y de la iniciativa privada, pues el gobierno federal no da se\u00f1as claras de meter las manos.<\/p>\n<p>Para los hoteleros no cuadra nada entre lo dicho y lo hecho por el sector gubernamental actual, que tiene como prioridad el bienestar popular y el desarrollo tur\u00edstico sostenible, pero se olvida de que sin promoci\u00f3n eficiente y unas playas limpias, no llegan turistas y no habr\u00e1 bienestar social.<\/p>\n<p>En esta rueda est\u00e1 el pa\u00eds entero, pues pese a que se dice que gracias al sargazo en Quintana Roo, polos tur\u00edsticos alternativos del pa\u00eds, como Los Cabos y Mazatl\u00e1n, tendr\u00e1n un repunte, la realidad es que jam\u00e1s alcanzar\u00edan la captaci\u00f3n de divisas que tiene el Caribe mexicano.<\/p>\n<p>Si por causa de una deficiente promoci\u00f3n tur\u00edstica, sumado con el desastre del sargazo, las reservaciones bajan, los empleos estar\u00e1n en riesgo, y las personas sentir\u00e1n en carne propia los efectos de la 4T y sus recortes presupuestales; al no temer trabajo, no hay dinero para gastar y el resto de la econom\u00eda ir\u00eda en picada.<\/p>\n<p>Al bajar la captaci\u00f3n de divisas por turismo, el pago de impuestos tambi\u00e9n se ir\u00e1n a la baja, con lo que el gobierno tendr\u00e1 menos recursos para hacer realidad sus proyectos, como el Tren Maya, que si bien una parte ser\u00e1 de inversi\u00f3n privada, tambi\u00e9n tendr\u00e1 inyecci\u00f3n de recursos del gobierno federal.<\/p>\n<p>Todo es entonces, una rueda, que ni Daenerys Targaryen puede romper y en la que, su buen funcionamiento mantiene, no s\u00f3lo el desarrollo econ\u00f3mico de Quintana Roo, sino de todo el pa\u00eds.<\/p>\n<p style=\"text-align: center;\"><strong>En espera del plan de planes<\/strong><\/p>\n<p>Hasta el momento, el anuncio del presidente L\u00f3pez Obrador respecto a que la Secretar\u00eda de Marina se har\u00e1 cargo del problema de la recolecci\u00f3n, manejo, traslado, investigaci\u00f3n y monitoreo del sargazo, qued\u00f3 s\u00f3lo en eso y pese a que el gobernador Carlos Joaqu\u00edn, junto a los alcaldes de Quintana Roo, ya se reunieron en varias ocasiones, al menos tres, con secretarios de Estado para establecer una estrategia en com\u00fan, e incluso se presentaron propuestas bien definidas, en el gobierno federal nada m\u00e1s no dan luces de entender la importancia del problema.<\/p>\n<p>Sin embargo, el titular de la Secretar\u00eda de Turismo federal, Miguel Torruco, asegur\u00f3 que se da cuenta de que el sargazo, que afecta no s\u00f3lo a los arenales, sino a los arrecifes, es un peligro, pero, que ser\u00e1 L\u00f3pez Obrador en una de sus \u201cma\u00f1aneras\u201d el que d\u00e9 los pormenores de la estrategia para el combate al alga.<\/p>\n<p>Hoteleros y gobiernos locales esperan que, lo que se presente sea el plan de planes, pues los recortes de la austeridad republicana no han dado margen de acci\u00f3n, m\u00e1s aun cuando la recolecci\u00f3n del sargazo en la zona federal y el mar adentro es de responsabilidad del gobierno central.<\/p>\n<p style=\"text-align: center;\"><strong>Cozumel invertir\u00e1 en m\u00e1s obras p\u00fablicas <\/strong><\/p>\n<p>El cabildo de Cozumel aprob\u00f3 la modificaci\u00f3n del Programa de Inversi\u00f3n Anual para el ejercicio fiscal 2019, en el que est\u00e1 programada una inversi\u00f3n de 169 millones 47 mil 329 pesos, provenientes de recursos de los gobiernos federal, del estado y municipal.<\/p>\n<p>El secretario t\u00e9cnico del ayuntamiento de Cozumel, Ricardo Espinosa, detall\u00f3 que del recurso total, m\u00e1s de 24 millones de pesos provendr\u00e1n del gobierno federal, 37 millones 10 mil pesos del estado y m\u00e1s de 97 millones 355 mil pesos de recursos municipales. Adem\u00e1s, 9 millones 827 mil pesos ser\u00e1n de beneficiarios y donativos.<\/p>\n<p>Dentro del Fondo de Infraestructura Social Municipal y Demarcaciones Territoriales y Distrito Federal, est\u00e1 considerada una inversi\u00f3n de 19 millones 280 mil pesos, con lo que se programaron acciones como la electrificaci\u00f3n de la colonia Maravilla, la aportaci\u00f3n por programar la rehabilitaci\u00f3n de la planta de tratamiento de aguas negras del rastro municipal, alumbrado p\u00fablico de la 95 Avenida Sur, pavimentaci\u00f3n de la colonia Maravilla Etapa I y de la Zona de Atenci\u00f3n Prioritaria Etapa I, mejoramiento de vivienda y cuarto adicional, al igual que la electrificaci\u00f3n en zona de atenci\u00f3n prioritaria Etapa III, entre otros.<\/p>\n<p>Por lo que respecta al Fondo de Aportaciones al Fortalecimiento Municipal, se plantea ejercer una inversi\u00f3n de 65 millones 636 mil 315 pesos, en acciones como Saneamiento Financiero, Acuerdo para la Econom\u00eda y la Paz en M\u00e9xico, Programa de Dise\u00f1o de Imagen Ambiental y Urbana para el Fortalecimiento de la Seguridad P\u00fablica y Prevenci\u00f3n del Delito y el Programa de Mejoramiento de Infraestructura, Imagen y Equipamiento Urbano.<\/p>\n","protected":false},"excerpt":{"rendered":"<p><span style=\"color: #005497;\"><strong>Derecho de r\u00e9plica<\/strong><\/span><\/p>\n","protected":false},"author":3,"featured_media":0,"comment_status":"open","ping_status":"open","sticky":false,"template":"","format":"standard","meta":{"_monsterinsights_skip_tracking":false,"_monsterinsights_sitenote_active":false,"_monsterinsights_sitenote_note":"","_monsterinsights_sitenote_category":0,"footnotes":""},"categories":[62907],"tags":[47840,43674],"class_list":["post-429487","post","type-post","status-publish","format-standard","hentry","category-derecho-de-replica","tag-derecho-de-replica","tag-opinion"],"_links":{"self":[{"href":"https:\/\/www.diarioimagen.net\/index.php?rest_route=\/wp\/v2\/posts\/429487","targetHints":{"allow":["GET"]}}],"collection":[{"href":"https:\/\/www.diarioimagen.net\/index.php?rest_route=\/wp\/v2\/posts"}],"about":[{"href":"https:\/\/www.diarioimagen.net\/index.php?rest_route=\/wp\/v2\/types\/post"}],"author":[{"embeddable":true,"href":"https:\/\/www.diarioimagen.net\/index.php?rest_route=\/wp\/v2\/users\/3"}],"replies":[{"embeddable":true,"href":"https:\/\/www.diarioimagen.net\/index.php?rest_route=%2Fwp%2Fv2%2Fcomments&post=429487"}],"version-history":[{"count":0,"href":"https:\/\/www.diarioimagen.net\/index.php?rest_route=\/wp\/v2\/posts\/429487\/revisions"}],"wp:attachment":[{"href":"https:\/\/www.diarioimagen.net\/index.php?rest_route=%2Fwp%2Fv2%2Fmedia&parent=429487"}],"wp:term":[{"taxonomy":"category","embeddable":true,"href":"https:\/\/www.diarioimagen.net\/index.php?rest_route=%2Fwp%2Fv2%2Fcategories&post=429487"},{"taxonomy":"post_tag","embeddable":true,"href":"https:\/\/www.diarioimagen.net\/index.php?rest_route=%2Fwp%2Fv2%2Ftags&post=429487"}],"curies":[{"name":"wp","href":"https:\/\/api.w.org\/{rel}","templated":true}]}}