{"id":429547,"date":"2019-05-30T00:03:24","date_gmt":"2019-05-30T05:03:24","guid":{"rendered":"https:\/\/www.diarioimagen.net\/?p=429547"},"modified":"2019-05-30T00:21:16","modified_gmt":"2019-05-30T05:21:16","slug":"respeto-a-la-autoridad","status":"publish","type":"post","link":"https:\/\/www.diarioimagen.net\/?p=429547","title":{"rendered":"Respeto a la autoridad"},"content":{"rendered":"<h2>Folclor urbano<\/h2>\n<h5>Salvador Estrada<\/h5>\n<p>&nbsp;<\/p>\n<p>Los amantes de \u00a0la paz y la justicia rechazan que la violencia se responda con violencia, pero muchas veces se tocan el coraz\u00f3n y se frena su enojo para no agredir a quienes los maltratan porque se \u201cpasan\u201d y no respetan ni a la misma autoridad.<\/p>\n<p>En las televisoras se ha visto, en los programas noticiosos, c\u00f3mo agreden a los mismos polic\u00edas los grupos que \u00a0demandan \u00a1justicia! por tal o cual asunto y desatan la violencia y se dejan ir contra los representantes de la ley que esquivan los golpes que les lanzan con palos o varillas.<\/p>\n<p>En diversos estados del pa\u00eds \u201clos protestantes\u201d, trabajadores o maestros, \u201chacen de las suyas \u201c y lo mismo bloquean las v\u00edas del ferrocarril, que \u00a0carreteras, o toman casetas de cobro y dejan pasar a los automovilistas \u00a0mediante una \u201ccooperaci\u00f3n de cincuenta pesos\u201d.<\/p>\n<p>Y, aunque estamos en un estado de Derecho, la autoridad no los toca y los deja hacer actos de vandalismo y destruyen puertas y ventanas \u00a0y se llevan lo que pueden de valor sin ser detenidos por la polic\u00eda.<\/p>\n<p>Viven esos maestros, campesinos, trabajadores o comerciantes, en un \u201cestado de impunidad\u201d y como saben que ni la polic\u00eda ni los soldados los pueden \u00a0detener, siempre que se unan y formen un contingente, \u201cse crecen\u201d para hacer del vandalismo un modus vivendi.<\/p>\n<p>La ciudadan\u00eda ya se cans\u00f3 de ese espect\u00e1culo y se pregunta \u00bfcu\u00e1ndo actuar\u00e1n para frenar a los v\u00e1ndalos? \u00b4\u00bfPor qu\u00e9 no los detienen?.<span class=\"Apple-converted-space\">\u00a0<\/span><\/p>\n<p>Recuerden a los maestros que bloquearon la v\u00eda del tren en L\u00e1zaro C\u00e1rdenas y aunque es un delito, ataques a las v\u00edas de comunicaci\u00f3n, \u00a0no actu\u00f3 la polic\u00eda y \u00a0\u201cesos maestros\u201d \u00a0echaron \u00a0\u201cla hueva hasta que se cansaron\u201d y dejaron libre la v\u00eda del tren despu\u00e9s de cuatro semanas.<span class=\"Apple-converted-space\">\u00a0<\/span><\/p>\n<p>Y \u00a0por el da\u00f1o que \u00a0causaron, de millones de pesos, nunca se les detuvo ni tampoco les \u00a0cobraron las p\u00e9rdidas.<\/p>\n<p>Ha llegado el momento de que \u201cfrenen a esos maestros\u201d o comerciantes, empleados, trabajadores o campesinos, cuando hagan atropellos y si se pongan violentos utilizar \u201clos tanques de agua\u201d, o los gases en caso extremo, pero ya no dejarlos \u201chacer de las suyas\u201d.<\/p>\n<p>La polic\u00eda ha sido noble y ha soportado que los insulten y traten de agredirlos. Claro que por \u00a0\u201c\u00f3rdenes superiores\u201d aguantan la embestida, porque si se fueran por la libre \u00a1santo dios \u00a1que batalla campal!<\/p>\n<p>Ahora que la Guardia Nacional ya est\u00e1 autorizada es necesario que se \u00a0conozca la ley para saber c\u00f3mo deben actuar, en caso de que grupos violentos empiecen con agresiones.<\/p>\n<p>Ya no se puede permitir tanta violencia y es necesario que los derechos humanos protejan a los humanos y no a los v\u00e1ndalos que reclaman la libertad de expresi\u00f3n y el tr\u00e1nsito libre, mientras que los afectados, la ciudadan\u00eda, se queda con los da\u00f1os y ninguna autoridad los protege. Pongan fin a la \u00a0impunidad. \u00a1Am\u00e9n!<\/p>\n<p><em><a href=\"mailto:chavasec@yahoo.com.mx\" target=\"_blank\" rel=\"noopener noreferrer\">chavasec@yahoo.com.mx<\/a><\/em><\/p>\n","protected":false},"excerpt":{"rendered":"<p><span style=\"color: #005497;\"><strong>Salvador Estrada<\/strong><\/span><\/p>\n","protected":false},"author":1,"featured_media":0,"comment_status":"open","ping_status":"open","sticky":false,"template":"","format":"standard","meta":{"_monsterinsights_skip_tracking":false,"_monsterinsights_sitenote_active":false,"_monsterinsights_sitenote_note":"","_monsterinsights_sitenote_category":0,"footnotes":""},"categories":[41601],"tags":[41599,43674,41600],"class_list":["post-429547","post","type-post","status-publish","format-standard","hentry","category-salvador-estrada-opinion","tag-folclor-urbano","tag-opinion","tag-salvador-estrada"],"_links":{"self":[{"href":"https:\/\/www.diarioimagen.net\/index.php?rest_route=\/wp\/v2\/posts\/429547","targetHints":{"allow":["GET"]}}],"collection":[{"href":"https:\/\/www.diarioimagen.net\/index.php?rest_route=\/wp\/v2\/posts"}],"about":[{"href":"https:\/\/www.diarioimagen.net\/index.php?rest_route=\/wp\/v2\/types\/post"}],"author":[{"embeddable":true,"href":"https:\/\/www.diarioimagen.net\/index.php?rest_route=\/wp\/v2\/users\/1"}],"replies":[{"embeddable":true,"href":"https:\/\/www.diarioimagen.net\/index.php?rest_route=%2Fwp%2Fv2%2Fcomments&post=429547"}],"version-history":[{"count":0,"href":"https:\/\/www.diarioimagen.net\/index.php?rest_route=\/wp\/v2\/posts\/429547\/revisions"}],"wp:attachment":[{"href":"https:\/\/www.diarioimagen.net\/index.php?rest_route=%2Fwp%2Fv2%2Fmedia&parent=429547"}],"wp:term":[{"taxonomy":"category","embeddable":true,"href":"https:\/\/www.diarioimagen.net\/index.php?rest_route=%2Fwp%2Fv2%2Fcategories&post=429547"},{"taxonomy":"post_tag","embeddable":true,"href":"https:\/\/www.diarioimagen.net\/index.php?rest_route=%2Fwp%2Fv2%2Ftags&post=429547"}],"curies":[{"name":"wp","href":"https:\/\/api.w.org\/{rel}","templated":true}]}}