{"id":429622,"date":"2019-05-30T00:08:34","date_gmt":"2019-05-30T05:08:34","guid":{"rendered":"https:\/\/www.diarioimagen.net\/?p=429622"},"modified":"2019-05-30T02:48:02","modified_gmt":"2019-05-30T07:48:02","slug":"inician-obras-en-el-oriente-de-tlalnepantla","status":"publish","type":"post","link":"https:\/\/www.diarioimagen.net\/?p=429622","title":{"rendered":"Inician obras en el oriente de Tlalnepantla"},"content":{"rendered":"<ul>\n<li><strong><em>Rehabilitaci\u00f3n de la avenida San Isidro Ixhuatepec<\/em><\/strong><\/li>\n<\/ul>\n<p>&nbsp;<\/p>\n<div id=\"attachment_429663\" style=\"width: 470px\" class=\"wp-caption aligncenter\"><a href=\"https:\/\/www.diarioimagen.net\/?attachment_id=429663\" rel=\"attachment wp-att-429663\"><img loading=\"lazy\" decoding=\"async\" aria-describedby=\"caption-attachment-429663\" class=\"size-large wp-image-429663\" src=\"https:\/\/www.diarioimagen.net\/wp-content\/uploads\/2019\/05\/TLALNEPANTLA-30-460x259.jpg\" alt=\"\" width=\"460\" height=\"259\" srcset=\"https:\/\/www.diarioimagen.net\/wp-content\/uploads\/2019\/05\/TLALNEPANTLA-30-460x259.jpg 460w, https:\/\/www.diarioimagen.net\/wp-content\/uploads\/2019\/05\/TLALNEPANTLA-30-240x135.jpg 240w, https:\/\/www.diarioimagen.net\/wp-content\/uploads\/2019\/05\/TLALNEPANTLA-30-235x132.jpg 235w, https:\/\/www.diarioimagen.net\/wp-content\/uploads\/2019\/05\/TLALNEPANTLA-30-202x114.jpg 202w, https:\/\/www.diarioimagen.net\/wp-content\/uploads\/2019\/05\/TLALNEPANTLA-30-350x196.jpg 350w, https:\/\/www.diarioimagen.net\/wp-content\/uploads\/2019\/05\/TLALNEPANTLA-30-220x123.jpg 220w, https:\/\/www.diarioimagen.net\/wp-content\/uploads\/2019\/05\/TLALNEPANTLA-30-237x132.jpg 237w, https:\/\/www.diarioimagen.net\/wp-content\/uploads\/2019\/05\/TLALNEPANTLA-30.jpg 480w\" sizes=\"auto, (max-width: 460px) 100vw, 460px\" \/><\/a><p id=\"caption-attachment-429663\" class=\"wp-caption-text\">El presidente municipal Raciel P\u00e9rez Cruz manifest\u00f3 que \u201ccon esta obra empezamos a ejercer un presupuesto sin precedente en nuestra ciudad\u201d.<\/p><\/div>\n<p>&nbsp;<\/p>\n<p><strong>Tlalnepantla, Estado de M\u00e9xico<\/strong>.- El presidente municipal, Raciel P\u00e9rez Cruz, dio el banderazo de inicio a la rehabilitaci\u00f3n con concreto hidr\u00e1ulico de la avenida San Isidro, colonia San Isidro Ixhuatepec, en Tlalnepantla Oriente, con lo que mejorar\u00e1 la calidad de vida de los habitantes de la zona y el tr\u00e1nsito de dicha vialidad.<\/p>\n<p>La rehabilitaci\u00f3n se llevar\u00e1 a cabo de la avenida San Jos\u00e9 a la calle Cerro Tres Mar\u00edas, cubriendo una longitud de 1.94 kil\u00f3metros y una superficie de 17 mil 337 metros cuadrados, en la que se pavimentar\u00e1n con concreto hidr\u00e1ulico 14 mil 505 metros cuadrados y con concreto asf\u00e1ltico 2 mil 832 metros cuadrados.<\/p>\n<p>El presidente municipal, Raciel P\u00e9rez Cruz, manifest\u00f3 que \u201ccon esta obra empezamos a ejercer un presupuesto sin precedente en nuestra ciudad Tlalnepantla, hace un a\u00f1o caminamos por las calles y nos dimos cuenta del rezago y la urgencia, por eso, hoy aqu\u00ed estamos\u201d.<\/p>\n<p>Detall\u00f3 que en Tlalnepantla Oriente \u201casumimos una responsabilidad con todos ustedes, desde el primero de enero, y desde ese d\u00eda nos hemos propuesto con toda la voluntad transformar nuestra ciudad\u201d.<\/p>\n<p>El alcalde estuvo acompa\u00f1ado por Lourdes Jezabel Delgado Flores, primera s\u00edndico; Eduardo Guerrero Villegas, segundo s\u00edndico; Krishna Karina Romero Vel\u00e1zquez, tercera regidora; Jorge Morales Jim\u00e9nez, Sexto Regidor; Mar\u00eda de Lourdes Curiel Rocha, s\u00e9ptima regidora, y Arleth Stephanie Grimaldo Osorio, novena regidora.<\/p>\n<p>Asimismo, Alberto Vald\u00e9s Rodr\u00edguez, director de Infraestructura Urbana y las presidentas de los Consejos de Participaci\u00f3n Ciudadana (Copacis) de las colonias Dr. Jorge Jim\u00e9nez Cant\u00fa y San Isidro, Sonia Guadalupe Clara Quintero, y Roxana Rodr\u00edguez Padilla, respectivamente, y la tesorera de San Jos\u00e9 Ixhuatepec, Cristina Pe\u00f1a Ram\u00edrez.<\/p>\n","protected":false},"excerpt":{"rendered":"<p>El presidente municipal, Raciel P\u00e9rez Cruz, dio el banderazo de inicio a la rehabilitaci\u00f3n con concreto hidr\u00e1ulico de la avenida San Isidro, colonia San Isidro Ixhuatepec, en Tlalnepantla Oriente, con lo que mejorar\u00e1 la calidad de vida de los habitantes de la zona y el tr\u00e1nsito de dicha vialidad.<\/p>\n","protected":false},"author":3,"featured_media":429663,"comment_status":"open","ping_status":"open","sticky":false,"template":"","format":"standard","meta":{"_monsterinsights_skip_tracking":false,"_monsterinsights_sitenote_active":false,"_monsterinsights_sitenote_note":"","_monsterinsights_sitenote_category":0,"footnotes":""},"categories":[5],"tags":[43675,13417,85683,169],"class_list":["post-429622","post","type-post","status-publish","format-standard","has-post-thumbnail","hentry","category-estado-de-mexico","tag-estado-de-mexico","tag-obras","tag-oriente","tag-tlalnepantla"],"_links":{"self":[{"href":"https:\/\/www.diarioimagen.net\/index.php?rest_route=\/wp\/v2\/posts\/429622","targetHints":{"allow":["GET"]}}],"collection":[{"href":"https:\/\/www.diarioimagen.net\/index.php?rest_route=\/wp\/v2\/posts"}],"about":[{"href":"https:\/\/www.diarioimagen.net\/index.php?rest_route=\/wp\/v2\/types\/post"}],"author":[{"embeddable":true,"href":"https:\/\/www.diarioimagen.net\/index.php?rest_route=\/wp\/v2\/users\/3"}],"replies":[{"embeddable":true,"href":"https:\/\/www.diarioimagen.net\/index.php?rest_route=%2Fwp%2Fv2%2Fcomments&post=429622"}],"version-history":[{"count":0,"href":"https:\/\/www.diarioimagen.net\/index.php?rest_route=\/wp\/v2\/posts\/429622\/revisions"}],"wp:featuredmedia":[{"embeddable":true,"href":"https:\/\/www.diarioimagen.net\/index.php?rest_route=\/wp\/v2\/media\/429663"}],"wp:attachment":[{"href":"https:\/\/www.diarioimagen.net\/index.php?rest_route=%2Fwp%2Fv2%2Fmedia&parent=429622"}],"wp:term":[{"taxonomy":"category","embeddable":true,"href":"https:\/\/www.diarioimagen.net\/index.php?rest_route=%2Fwp%2Fv2%2Fcategories&post=429622"},{"taxonomy":"post_tag","embeddable":true,"href":"https:\/\/www.diarioimagen.net\/index.php?rest_route=%2Fwp%2Fv2%2Ftags&post=429622"}],"curies":[{"name":"wp","href":"https:\/\/api.w.org\/{rel}","templated":true}]}}