{"id":429626,"date":"2019-05-30T00:07:28","date_gmt":"2019-05-30T05:07:28","guid":{"rendered":"https:\/\/www.diarioimagen.net\/?p=429626"},"modified":"2019-05-30T02:48:45","modified_gmt":"2019-05-30T07:48:45","slug":"primera-entrega-simbolica-de-becas-en-atizapan","status":"publish","type":"post","link":"https:\/\/www.diarioimagen.net\/?p=429626","title":{"rendered":"Primera entrega simb\u00f3lica de becas en Atizap\u00e1n"},"content":{"rendered":"<p><a href=\"https:\/\/www.diarioimagen.net\/?attachment_id=429666\" rel=\"attachment wp-att-429666\"><img loading=\"lazy\" decoding=\"async\" class=\"aligncenter size-large wp-image-429666\" src=\"https:\/\/www.diarioimagen.net\/wp-content\/uploads\/2019\/05\/ATIZAPAN-30-460x259.jpg\" alt=\"\" width=\"460\" height=\"259\" srcset=\"https:\/\/www.diarioimagen.net\/wp-content\/uploads\/2019\/05\/ATIZAPAN-30-460x259.jpg 460w, https:\/\/www.diarioimagen.net\/wp-content\/uploads\/2019\/05\/ATIZAPAN-30-240x135.jpg 240w, https:\/\/www.diarioimagen.net\/wp-content\/uploads\/2019\/05\/ATIZAPAN-30-235x132.jpg 235w, https:\/\/www.diarioimagen.net\/wp-content\/uploads\/2019\/05\/ATIZAPAN-30-202x114.jpg 202w, https:\/\/www.diarioimagen.net\/wp-content\/uploads\/2019\/05\/ATIZAPAN-30-350x196.jpg 350w, https:\/\/www.diarioimagen.net\/wp-content\/uploads\/2019\/05\/ATIZAPAN-30-220x123.jpg 220w, https:\/\/www.diarioimagen.net\/wp-content\/uploads\/2019\/05\/ATIZAPAN-30-237x132.jpg 237w, https:\/\/www.diarioimagen.net\/wp-content\/uploads\/2019\/05\/ATIZAPAN-30.jpg 480w\" sizes=\"auto, (max-width: 460px) 100vw, 460px\" \/><\/a><\/p>\n<p>&nbsp;<\/p>\n<p><strong>Atizap\u00e1n, Estado de M\u00e9xico.-<\/strong> \u201cNunca deben reprobar en la vida. Nunca deben renunciar a sus sue\u00f1os, ni renunciar a desarrollar sus capacidades\u201d, se\u00f1al\u00f3 la mun\u00edcipe de Atizap\u00e1n de Zaragoza, Ruth Olvera Nieto, al encabezar la primera entrega simb\u00f3lica de 8 mil 559 apoyos para alumnos de nivel b\u00e1sico.<\/p>\n<p>De esta manera, la alcaldesa destac\u00f3 que su gobierno cumple con hechos, y no con palabras, una de las acciones de mayor sensibilidad social, contribuyendo al fortalecimiento de las oportunidades de la infancia y juventud atizapense.<\/p>\n<p>Asimismo, reconoci\u00f3 la noble decisi\u00f3n de su cuerpo edilicio para la aprobaci\u00f3n del presupuesto municipal destinado al programa, as\u00ed como la ardua labor del equipo de la direcci\u00f3n de Bienestar para llevar el proceso de convocatoria y selecci\u00f3n a fin de que los recursos llegaran a las 200 escuelas p\u00fablicas del nivel b\u00e1sico.<\/p>\n","protected":false},"excerpt":{"rendered":"<p>\u201cNunca deben reprobar en la vida. Nunca deben renunciar a sus sue\u00f1os, ni renunciar a desarrollar sus capacidades\u201d, se\u00f1al\u00f3 la mun\u00edcipe de Atizap\u00e1n de Zaragoza, Ruth Olvera Nieto, al encabezar la primera entrega simb\u00f3lica de 8 mil 559 apoyos para alumnos de nivel b\u00e1sico.<\/p>\n","protected":false},"author":3,"featured_media":429666,"comment_status":"open","ping_status":"open","sticky":false,"template":"","format":"standard","meta":{"_monsterinsights_skip_tracking":false,"_monsterinsights_sitenote_active":false,"_monsterinsights_sitenote_note":"","_monsterinsights_sitenote_category":0,"footnotes":""},"categories":[5],"tags":[969,24769,43675,85684],"class_list":["post-429626","post","type-post","status-publish","format-standard","has-post-thumbnail","hentry","category-estado-de-mexico","tag-atizapan","tag-entrega","tag-estado-de-mexico","tag-simbolica"],"_links":{"self":[{"href":"https:\/\/www.diarioimagen.net\/index.php?rest_route=\/wp\/v2\/posts\/429626","targetHints":{"allow":["GET"]}}],"collection":[{"href":"https:\/\/www.diarioimagen.net\/index.php?rest_route=\/wp\/v2\/posts"}],"about":[{"href":"https:\/\/www.diarioimagen.net\/index.php?rest_route=\/wp\/v2\/types\/post"}],"author":[{"embeddable":true,"href":"https:\/\/www.diarioimagen.net\/index.php?rest_route=\/wp\/v2\/users\/3"}],"replies":[{"embeddable":true,"href":"https:\/\/www.diarioimagen.net\/index.php?rest_route=%2Fwp%2Fv2%2Fcomments&post=429626"}],"version-history":[{"count":0,"href":"https:\/\/www.diarioimagen.net\/index.php?rest_route=\/wp\/v2\/posts\/429626\/revisions"}],"wp:featuredmedia":[{"embeddable":true,"href":"https:\/\/www.diarioimagen.net\/index.php?rest_route=\/wp\/v2\/media\/429666"}],"wp:attachment":[{"href":"https:\/\/www.diarioimagen.net\/index.php?rest_route=%2Fwp%2Fv2%2Fmedia&parent=429626"}],"wp:term":[{"taxonomy":"category","embeddable":true,"href":"https:\/\/www.diarioimagen.net\/index.php?rest_route=%2Fwp%2Fv2%2Fcategories&post=429626"},{"taxonomy":"post_tag","embeddable":true,"href":"https:\/\/www.diarioimagen.net\/index.php?rest_route=%2Fwp%2Fv2%2Ftags&post=429626"}],"curies":[{"name":"wp","href":"https:\/\/api.w.org\/{rel}","templated":true}]}}